{"id":3709,"date":"2021-07-16T14:00:19","date_gmt":"2021-07-16T17:00:19","guid":{"rendered":"http:\/\/fmtinkunaco.com.ar\/?p=3709"},"modified":"2021-07-16T14:00:19","modified_gmt":"2021-07-16T17:00:19","slug":"la-fm-tinkunaco-extendio-el-plazo-para-participar-del-concurso-del-papel-a-la-radio","status":"publish","type":"post","link":"https:\/\/fmtinkunaco.ar\/?p=3709","title":{"rendered":"La FM Tinkunaco extendi\u00f3 el plazo para participar del concurso \u201cDel Papel a la Radio\u201d"},"content":{"rendered":"<p>Ayer, viernes 16 de julio, la FM Tinkunaco anunci\u00f3 la extensi\u00f3n del plazo de recepci\u00f3n de historias para participar del 5\u00b0 Concurso de cuentos infantiles<strong> \u201cDel Papel a la Radio\u201d<\/strong> que cerraba en el d\u00eda de ayer.<\/p>\n<p>Hasta el momento la Tinkunaco ha recibido m\u00e1s de 70 cuentos y pretende que lleguen much\u00edsimos m\u00e1s en los pr\u00f3ximos d\u00edas.<\/p>\n<p>Te recordamos que el objetivo de este concurso es seguir reforzando el fomento de la creaci\u00f3n literaria, promover h\u00e1bitos de lectura y escritura que favorezcan el desarrollo creativo de ni\u00f1os, ni\u00f1as, j\u00f3venes.<\/p>\n<p>En esta oportunidad, las categor\u00edas ser\u00e1n 3:<\/p>\n<p>\u2013 Ni\u00f1xs de hasta 6 a\u00f1os<\/p>\n<p>\u2013 Ni\u00f1xs de 7 a 11 a\u00f1os.<\/p>\n<p>\u2013 Ni\u00f1xs y j\u00f3venes de 12 a 18 a\u00f1os.<\/p>\n<p>Y los principales requisitos son: extensi\u00f3n m\u00e1xima de una carilla formato A4, tipograf\u00eda Arial 12, interlineado sencillo.<\/p>\n<p>Se podr\u00e1n presentar cuentos fant\u00e1sticos sobre monstruos, hadas, criaturas sobrenaturales y todo aquello que se te ocurra.<\/p>\n<p>Adem\u00e1s, los cuentos pueden ser escritos de manera individual, colectiva y en familia.<\/p>\n<p>Tenes tiempo de presentar tu cuento hasta el 6 de agosto, a trav\u00e9s de nuestro mail <strong>concursodecuentosinfantiles@gmail.com<\/strong> o a trav\u00e9s de nuestro whatsapp (formato JPG fotograf\u00eda clara)- <strong>1166905002.<\/strong><\/p>\n<p>Les recordamos que cada unx de lxs ni\u00f1xs y j\u00f3venes que participa tendr\u00e1 su diploma de reconocimiento y los cuentos seleccionados, formaran parte del libro final y ser\u00e1n ilustrados y sonorizados.<\/p>\n","protected":false},"excerpt":{"rendered":"<p>Ayer, viernes 16 de julio, la FM Tinkunaco anunci\u00f3 la extensi\u00f3n del plazo de recepci\u00f3n de historias para participar del 5\u00b0 Concurso de cuentos infantiles \u201cDel Papel a la Radio\u201d que cerraba en el d\u00eda de ayer. Hasta el momento la Tinkunaco ha recibido m\u00e1s de 70 cuentos y pretende que lleguen much\u00edsimos m\u00e1s en [&hellip;]<\/p>\n","protected":false},"author":1,"featured_media":3710,"comment_status":"open","ping_status":"open","sticky":false,"template":"","format":"standard","meta":{"footnotes":""},"categories":[3],"tags":[123],"class_list":["post-3709","post","type-post","status-publish","format-standard","has-post-thumbnail","hentry","category-cultura","tag-concurso-de-cuentos-infantiles"],"_links":{"self":[{"href":"https:\/\/fmtinkunaco.ar\/index.php?rest_route=\/wp\/v2\/posts\/3709","targetHints":{"allow":["GET"]}}],"collection":[{"href":"https:\/\/fmtinkunaco.ar\/index.php?rest_route=\/wp\/v2\/posts"}],"about":[{"href":"https:\/\/fmtinkunaco.ar\/index.php?rest_route=\/wp\/v2\/types\/post"}],"author":[{"embeddable":true,"href":"https:\/\/fmtinkunaco.ar\/index.php?rest_route=\/wp\/v2\/users\/1"}],"replies":[{"embeddable":true,"href":"https:\/\/fmtinkunaco.ar\/index.php?rest_route=%2Fwp%2Fv2%2Fcomments&post=3709"}],"version-history":[{"count":0,"href":"https:\/\/fmtinkunaco.ar\/index.php?rest_route=\/wp\/v2\/posts\/3709\/revisions"}],"wp:featuredmedia":[{"embeddable":true,"href":"https:\/\/fmtinkunaco.ar\/index.php?rest_route=\/"}],"wp:attachment":[{"href":"https:\/\/fmtinkunaco.ar\/index.php?rest_route=%2Fwp%2Fv2%2Fmedia&parent=3709"}],"wp:term":[{"taxonomy":"category","embeddable":true,"href":"https:\/\/fmtinkunaco.ar\/index.php?rest_route=%2Fwp%2Fv2%2Fcategories&post=3709"},{"taxonomy":"post_tag","embeddable":true,"href":"https:\/\/fmtinkunaco.ar\/index.php?rest_route=%2Fwp%2Fv2%2Ftags&post=3709"}],"curies":[{"name":"wp","href":"https:\/\/api.w.org\/{rel}","templated":true}]}}