{"id":3712,"date":"2021-07-19T13:38:42","date_gmt":"2021-07-19T16:38:42","guid":{"rendered":"http:\/\/fmtinkunaco.com.ar\/?p=3712"},"modified":"2021-07-19T13:38:42","modified_gmt":"2021-07-19T16:38:42","slug":"el-cementerio-de-moreno-fue-senalizado-como-sitio-de-memoria","status":"publish","type":"post","link":"https:\/\/fmtinkunaco.ar\/?p=3712","title":{"rendered":"El Cementerio de Moreno fue se\u00f1alizado como Sitio de Memoria"},"content":{"rendered":"<p>El d\u00eda 15 de julio se realiz\u00f3 la se\u00f1alizaci\u00f3n como Sitio de Memoria del Cementerio Municipal de Moreno. El acto cont\u00f3 con la presencia de\u00a0 autoridades nacionales, provinciales y municipales, familiares de detenidxs desaparecidxs que fueron enterrados como NN y compa\u00f1erxs de organizaciones pol\u00edticas, sociales y sindicales.<\/p>\n<p>La Asociaci\u00f3n Moreno por la Memoria particip\u00f3 activamente del pedido de se\u00f1alizaci\u00f3n y de la concreci\u00f3n.<\/p>\n<p>En di\u00e1logo con el programa radial \u201cEncuentro con las Noticias\u201d, Martha Ibarra, referente de Moreno por la Memoria, se refiri\u00f3 al camino a la se\u00f1alizaci\u00f3n, <em>\u201cNosotros lo hab\u00edamos solicitado\u00a0 cuando solicitamos todas las se\u00f1alizaciones; nosotros nos acercamos en el a\u00f1o 2016 a la Secretaria de Derechos Humanos de Naci\u00f3n para hablar sobre la se\u00f1alizaci\u00f3n del ex instituto de menores Riglos como Sitio de Memoria; (\u2026) y ah\u00ed nos enteramos que no se hab\u00eda pedido durante el gobierno anterior las se\u00f1alizaciones. Ah\u00ed pedimos nosotros la se\u00f1alizaci\u00f3n del Manantial, del Cementerio de Moreno, de las Comisarias 5ta y 6ta, de la 8va Brigada A\u00e9rea y de la Quinta La Pastoril\u201d.<\/em><\/p>\n<p>Ibarra, adem\u00e1s, remarco la importancia de esta se\u00f1alizaci\u00f3n, <em>\u201cEn el cementerio, en los cementerios, no solo en este sino en todos los cementerios el terrorismo de estado llevo los cuerpos de los compa\u00f1eros detenidos desaparecidos que hab\u00edan sido torturados en alg\u00fan centro clandestino y los enterr\u00f3 como NN. (\u2026) La importancia del cementerio de Moreno, en el aparecieron los cuerpos de los militantes de la Pastoril. Nosotros no hemos trabajado esta se\u00f1alizaci\u00f3n como otras anteriores donde trabaj\u00e1bamos con la comunidad y consensu\u00e1bamos tanto el texto como el guion de la locuci\u00f3n, a nosotros nos han dejado un poco aparte en esta situaci\u00f3n pero si nos han pedido que nos comunic\u00e1ramos con los familiares que fue lo que hicimos\u201d.<\/em><\/p>\n<p>Compartimos la entrevista completa<\/p>\n<p><a href=\"https:\/\/archive.org\/details\/audio-martha-ibarra-19-07-2021\">Descargar<\/a><\/p>\n<p>&nbsp;<\/p>\n<audio class=\"wp-audio-shortcode\" id=\"audio-3712-2\" preload=\"none\" style=\"width: 100%;\" controls=\"controls\"><source type=\"audio\/mpeg\" src=\"https:\/\/archive.org\/download\/audio-martha-ibarra-19-07-2021\/AUDIO%20-%20MARTHA%20IBARRA%2019%2007%202021.mp3?_=2\" \/><a href=\"https:\/\/archive.org\/download\/audio-martha-ibarra-19-07-2021\/AUDIO%20-%20MARTHA%20IBARRA%2019%2007%202021.mp3\">https:\/\/archive.org\/download\/audio-martha-ibarra-19-07-2021\/AUDIO%20-%20MARTHA%20IBARRA%2019%2007%202021.mp3<\/a><\/audio>\n<div class=\"powerpress_player\" id=\"powerpress_player_1719\"><audio class=\"wp-audio-shortcode\" id=\"audio-3712-1\" preload=\"none\" style=\"width: 100%;\" controls=\"controls\"><source type=\"audio\/mpeg\" src=\"https:\/\/archive.org\/download\/audio-martha-ibarra-19-07-2021\/AUDIO%20-%20MARTHA%20IBARRA%2019%2007%202021.mp3?_=1\" \/><a href=\"https:\/\/archive.org\/download\/audio-martha-ibarra-19-07-2021\/AUDIO%20-%20MARTHA%20IBARRA%2019%2007%202021.mp3\">https:\/\/archive.org\/download\/audio-martha-ibarra-19-07-2021\/AUDIO%20-%20MARTHA%20IBARRA%2019%2007%202021.mp3<\/a><\/audio><\/div><p class=\"powerpress_links powerpress_links_mp3\" style=\"margin-bottom: 1px !important;\">Podcast: <a href=\"https:\/\/archive.org\/download\/audio-martha-ibarra-19-07-2021\/AUDIO%20-%20MARTHA%20IBARRA%2019%2007%202021.mp3\" class=\"powerpress_link_pinw\" target=\"_blank\" title=\"Reproducir en una nueva ventana\" onclick=\"return powerpress_pinw('https:\/\/fmtinkunaco.ar\/?powerpress_pinw=3712-podcast');\" rel=\"nofollow\">Reproducir en una nueva ventana<\/a> | <a href=\"https:\/\/archive.org\/download\/audio-martha-ibarra-19-07-2021\/AUDIO%20-%20MARTHA%20IBARRA%2019%2007%202021.mp3\" class=\"powerpress_link_d\" title=\"Descargar\" rel=\"nofollow\" download=\"AUDIO%20-%20MARTHA%20IBARRA%2019%2007%202021.mp3\">Descargar<\/a><\/p>","protected":false},"excerpt":{"rendered":"<p>El d\u00eda 15 de julio se realiz\u00f3 la se\u00f1alizaci\u00f3n como Sitio de Memoria del Cementerio Municipal de Moreno. El acto cont\u00f3 con la presencia de\u00a0 autoridades nacionales, provinciales y municipales, familiares de detenidxs desaparecidxs que fueron enterrados como NN y compa\u00f1erxs de organizaciones pol\u00edticas, sociales y sindicales. La Asociaci\u00f3n Moreno por la Memoria particip\u00f3 activamente [&hellip;]<\/p>\n","protected":false},"author":1,"featured_media":3713,"comment_status":"open","ping_status":"open","sticky":false,"template":"","format":"standard","meta":{"footnotes":""},"categories":[4],"tags":[92,148,326,336,453],"class_list":["post-3712","post","type-post","status-publish","format-standard","has-post-thumbnail","hentry","category-derechos-humanos","tag-cementerio-de-moreno","tag-derechos-humanos","tag-moreno-por-la-memoria","tag-municipalidad-de-moreno","tag-senalizacion"],"_links":{"self":[{"href":"https:\/\/fmtinkunaco.ar\/index.php?rest_route=\/wp\/v2\/posts\/3712","targetHints":{"allow":["GET"]}}],"collection":[{"href":"https:\/\/fmtinkunaco.ar\/index.php?rest_route=\/wp\/v2\/posts"}],"about":[{"href":"https:\/\/fmtinkunaco.ar\/index.php?rest_route=\/wp\/v2\/types\/post"}],"author":[{"embeddable":true,"href":"https:\/\/fmtinkunaco.ar\/index.php?rest_route=\/wp\/v2\/users\/1"}],"replies":[{"embeddable":true,"href":"https:\/\/fmtinkunaco.ar\/index.php?rest_route=%2Fwp%2Fv2%2Fcomments&post=3712"}],"version-history":[{"count":0,"href":"https:\/\/fmtinkunaco.ar\/index.php?rest_route=\/wp\/v2\/posts\/3712\/revisions"}],"wp:featuredmedia":[{"embeddable":true,"href":"https:\/\/fmtinkunaco.ar\/index.php?rest_route=\/"}],"wp:attachment":[{"href":"https:\/\/fmtinkunaco.ar\/index.php?rest_route=%2Fwp%2Fv2%2Fmedia&parent=3712"}],"wp:term":[{"taxonomy":"category","embeddable":true,"href":"https:\/\/fmtinkunaco.ar\/index.php?rest_route=%2Fwp%2Fv2%2Fcategories&post=3712"},{"taxonomy":"post_tag","embeddable":true,"href":"https:\/\/fmtinkunaco.ar\/index.php?rest_route=%2Fwp%2Fv2%2Ftags&post=3712"}],"curies":[{"name":"wp","href":"https:\/\/api.w.org\/{rel}","templated":true}]}}