{"id":3725,"date":"2021-07-22T10:54:44","date_gmt":"2021-07-22T13:54:44","guid":{"rendered":"http:\/\/fmtinkunaco.com.ar\/?p=3725"},"modified":"2021-07-22T10:54:44","modified_gmt":"2021-07-22T13:54:44","slug":"la-asociacion-judicial-bonaerense-presento-un-anteproyecto-de-ley-de-negociacion-colectiva","status":"publish","type":"post","link":"https:\/\/fmtinkunaco.ar\/?p=3725","title":{"rendered":"La Asociaci\u00f3n Judicial Bonaerense present\u00f3 un Anteproyecto de Ley de Negociaci\u00f3n Colectiva"},"content":{"rendered":"<p>La Asociaci\u00f3n Judicial Bonaerense de la Provincia de Buenos Aires present\u00f3, p\u00fablicamente, un Anteproyecto de Ley de Negociaci\u00f3n Colectiva para las y los trabajadores judiciales en compa\u00f1\u00eda de Oscar De Isasi referente de la CTA A y ATE, Roberto Baradel \u00a0referente de la CTA T y Suteba, Hugo Blasco referente de la FJA y Pablo Maciel Presidente de CICOP.<\/p>\n<p>El Poder Judicial es el \u00fanico sector del Estado bonaerense que a\u00fan no cuenta con una ley que regule la negociaci\u00f3n de las condiciones laborales de sus trabajadores y trabajadoras.<\/p>\n<p>En di\u00e1logo con el programa radial \u201cEncuentro con las Noticias\u201d, Carlos Ariel Gil, Secretario General de la Asociaci\u00f3n Judicial Bonaerense seccional San Mart\u00edn, se refiri\u00f3 al pedido que significa la presentaci\u00f3n <em>\u201cAh\u00ed lo que nosotros estamos impulsando es que haya un canal normal y habitual de negociaci\u00f3n para entablar las negociaciones con el Ejecutivo; con respecto al salario y despu\u00e9s, con la Corte, con respecto a las condiciones laborales. B\u00e1sicamente porque somos el \u00fanico sector del Estado que no tiene una Ley de negociaci\u00f3n colectiva a pesar de que es una cuesti\u00f3n que viene impulsando la OIT en sus convenios internacionales, hablando de la necesidad de que haya una ley de negociaci\u00f3n colectiva en todos los sectores para que sea un \u00e1mbito democr\u00e1tico de discusi\u00f3n y de encausar la siempre conflictiva relaci\u00f3n trabajo &#8211; capital\u201d.<\/em><\/p>\n<p>Gil, se refiri\u00f3 adem\u00e1s a las actuales condiciones de negociaci\u00f3n, <em>\u201cMuchas veces dependemos o tenemos que salir a luchar muy fuertemente para conseguir, reci\u00e9n, el primer paso que es una reuni\u00f3n\u201d.<\/em><\/p>\n<p>Carlos Ariel Gil, finalmente sostuvo <em>\u201cB\u00e1sicamente lo que implica la Ley de Negociaci\u00f3n Colectiva es justamente la obligaci\u00f3n de la patronal o de la Corte de sentarse a negociar y saber que ese es el \u00fanico lugar donde se puede modificar la situaci\u00f3n porque si no estamos en relaciones laborales del siglo XIX. Hoy la Corte Suprema de la provincia de Buenos Aires regula nuestras condiciones laborales con cifras acordadas que salen de manera unilateral, m\u00e1s all\u00e1 que como sindicato siempre estamos peleando y logramos ciertos modificaciones o avances\u201d.<\/em><\/p>\n<p>El 15 de julio se present\u00f3 ante los tres poderes del Estado provincial el proyecto de Ley y las y los trabajadores judiciales reclaman su urgente tratamiento legislativo.<\/p>\n<p>Compartimos la entrevista completa<\/p>\n<p><a href=\"https:\/\/archive.org\/details\/audio-carlos-ariel-gil-22-07-2021\">Descargar<\/a><\/p>\n<p>&nbsp;<\/p>\n<audio class=\"wp-audio-shortcode\" id=\"audio-3725-2\" preload=\"none\" style=\"width: 100%;\" controls=\"controls\"><source type=\"audio\/mpeg\" src=\"https:\/\/archive.org\/download\/audio-carlos-ariel-gil-22-07-2021\/AUDIO%20-%20CARLOS%20ARIEL%20GIL%2022%2007%202021.mp3?_=2\" \/><a href=\"https:\/\/archive.org\/download\/audio-carlos-ariel-gil-22-07-2021\/AUDIO%20-%20CARLOS%20ARIEL%20GIL%2022%2007%202021.mp3\">https:\/\/archive.org\/download\/audio-carlos-ariel-gil-22-07-2021\/AUDIO%20-%20CARLOS%20ARIEL%20GIL%2022%2007%202021.mp3<\/a><\/audio>\n<div class=\"powerpress_player\" id=\"powerpress_player_9644\"><audio class=\"wp-audio-shortcode\" id=\"audio-3725-1\" preload=\"none\" style=\"width: 100%;\" controls=\"controls\"><source type=\"audio\/mpeg\" src=\"https:\/\/archive.org\/download\/audio-carlos-ariel-gil-22-07-2021\/AUDIO%20-%20CARLOS%20ARIEL%20GIL%2022%2007%202021.mp3?_=1\" \/><a href=\"https:\/\/archive.org\/download\/audio-carlos-ariel-gil-22-07-2021\/AUDIO%20-%20CARLOS%20ARIEL%20GIL%2022%2007%202021.mp3\">https:\/\/archive.org\/download\/audio-carlos-ariel-gil-22-07-2021\/AUDIO%20-%20CARLOS%20ARIEL%20GIL%2022%2007%202021.mp3<\/a><\/audio><\/div><p class=\"powerpress_links powerpress_links_mp3\" style=\"margin-bottom: 1px !important;\">Podcast: <a href=\"https:\/\/archive.org\/download\/audio-carlos-ariel-gil-22-07-2021\/AUDIO%20-%20CARLOS%20ARIEL%20GIL%2022%2007%202021.mp3\" class=\"powerpress_link_pinw\" target=\"_blank\" title=\"Reproducir en una nueva ventana\" onclick=\"return powerpress_pinw('https:\/\/fmtinkunaco.ar\/?powerpress_pinw=3725-podcast');\" rel=\"nofollow\">Reproducir en una nueva ventana<\/a> | <a href=\"https:\/\/archive.org\/download\/audio-carlos-ariel-gil-22-07-2021\/AUDIO%20-%20CARLOS%20ARIEL%20GIL%2022%2007%202021.mp3\" class=\"powerpress_link_d\" title=\"Descargar\" rel=\"nofollow\" download=\"AUDIO%20-%20CARLOS%20ARIEL%20GIL%2022%2007%202021.mp3\">Descargar<\/a><\/p>","protected":false},"excerpt":{"rendered":"<p>La Asociaci\u00f3n Judicial Bonaerense de la Provincia de Buenos Aires present\u00f3, p\u00fablicamente, un Anteproyecto de Ley de Negociaci\u00f3n Colectiva para las y los trabajadores judiciales en compa\u00f1\u00eda de Oscar De Isasi referente de la CTA A y ATE, Roberto Baradel \u00a0referente de la CTA T y Suteba, Hugo Blasco referente de la FJA y Pablo [&hellip;]<\/p>\n","protected":false},"author":1,"featured_media":3726,"comment_status":"open","ping_status":"open","sticky":false,"template":"","format":"standard","meta":{"footnotes":""},"categories":[4,9],"tags":[41,83,271],"class_list":["post-3725","post","type-post","status-publish","format-standard","has-post-thumbnail","hentry","category-derechos-humanos","category-sociedad","tag-anteproyecto-de-ley-de-negociacion-colectiva","tag-carlos-ariel-gil","tag-la-asociacion-judicial-bonaerense"],"_links":{"self":[{"href":"https:\/\/fmtinkunaco.ar\/index.php?rest_route=\/wp\/v2\/posts\/3725","targetHints":{"allow":["GET"]}}],"collection":[{"href":"https:\/\/fmtinkunaco.ar\/index.php?rest_route=\/wp\/v2\/posts"}],"about":[{"href":"https:\/\/fmtinkunaco.ar\/index.php?rest_route=\/wp\/v2\/types\/post"}],"author":[{"embeddable":true,"href":"https:\/\/fmtinkunaco.ar\/index.php?rest_route=\/wp\/v2\/users\/1"}],"replies":[{"embeddable":true,"href":"https:\/\/fmtinkunaco.ar\/index.php?rest_route=%2Fwp%2Fv2%2Fcomments&post=3725"}],"version-history":[{"count":0,"href":"https:\/\/fmtinkunaco.ar\/index.php?rest_route=\/wp\/v2\/posts\/3725\/revisions"}],"wp:featuredmedia":[{"embeddable":true,"href":"https:\/\/fmtinkunaco.ar\/index.php?rest_route=\/"}],"wp:attachment":[{"href":"https:\/\/fmtinkunaco.ar\/index.php?rest_route=%2Fwp%2Fv2%2Fmedia&parent=3725"}],"wp:term":[{"taxonomy":"category","embeddable":true,"href":"https:\/\/fmtinkunaco.ar\/index.php?rest_route=%2Fwp%2Fv2%2Fcategories&post=3725"},{"taxonomy":"post_tag","embeddable":true,"href":"https:\/\/fmtinkunaco.ar\/index.php?rest_route=%2Fwp%2Fv2%2Ftags&post=3725"}],"curies":[{"name":"wp","href":"https:\/\/api.w.org\/{rel}","templated":true}]}}