{"id":3738,"date":"2021-07-23T11:01:19","date_gmt":"2021-07-23T14:01:19","guid":{"rendered":"http:\/\/fmtinkunaco.com.ar\/?p=3738"},"modified":"2021-07-23T11:01:19","modified_gmt":"2021-07-23T14:01:19","slug":"alejandro-bodart-recorrio-el-partido-de-jose-c-paz","status":"publish","type":"post","link":"https:\/\/fmtinkunaco.ar\/?p=3738","title":{"rendered":"Alejandro Bodart recorri\u00f3 el partido de Jos\u00e9. C. Paz"},"content":{"rendered":"<p>Alejandro Bodart es secretario general del MST en el Frente de Izquierda y los Trabajadores Unidad, coordinador de la Liga Internacional Socialista y encabezar\u00e1 la lista del MST a diputados nacionales por la Provincia de Buenos Aires en las PASO.<\/p>\n<p>En este marco, en las \u00faltimas semanas se encuentra recorriendo diferentes localidades del conurbano bonaerense, y de nuestra regi\u00f3n, con el objetivo de dar a conocer sus propuestas y presentando a los candidatos de los diferentes municipios.<\/p>\n<p>Bodart ya ha recorrido San Miguel, Pilar, La Matanza y en el d\u00eda de hoy, el partido de Jos\u00e9. C. Paz.<\/p>\n<p>En di\u00e1logo con el programa radial \u201cEncuentro con las Noticias\u201d, Alejandro Bodart, se refiri\u00f3 a sus propuestas, <em>\u201cNosotros creemos que hay que atacar fundamentalmente la cat\u00e1strofe social que tenemos como pa\u00eds porque tenemos niveles nunca vistos, 7 de cada 10 j\u00f3venes en la pobreza, sin acceso a una vivienda digna, a salud, a educaci\u00f3n, ni ninguna perspectiva de trabajo coherente, o sea sin futuro alguno. Nosotros creemos que lo primero que hay que hacer es atacar esa situaci\u00f3n, garantizarles a todos los j\u00f3venes un primer empleo, el acceso a la educaci\u00f3n para que puedan formarse en un mundo cada vez m\u00e1s complejo. Esa es una de nuestras prioridades porque la juventud es el sector m\u00e1s afectado por la crisis. Despu\u00e9s tenemos, por supuesto, nosotros proponemos realizar un plan de obras p\u00fablicas para dar trabajo genuino a la gente, no puede ser que el plan social sea una estrategia, el plan hay que defenderlo pero nosotros queremos que la gente trabaje y es lo que quiere la gente tambi\u00e9n\u201d.<\/em><\/p>\n<p>Otras de sus propuestas son:<\/p>\n<ul>\n<li>Ante la pandemia: vacunas para todos<\/li>\n<li>No al pago de la deuda externa<\/li>\n<li>Trabajo y salarios dignos: que la crisis la paguen los capitalistas<\/li>\n<li>Democracia sindical para desbordar a las burocracias<\/li>\n<li>Los servicios p\u00fablicos son derechos, no negocios<\/li>\n<li>Democracia real, contra los privilegios pol\u00edticos y la corrupci\u00f3n<\/li>\n<li>Por otro modelo productivo, sin contaminaci\u00f3n ni saqueo<\/li>\n<li>Aborto legal sin objeciones. Ni Una Menos. Estado laico<\/li>\n<li>El capitalismo no va m\u00e1s: es tiempo de socialismo<\/li>\n<\/ul>\n<p>&nbsp;<\/p>\n<p>Finalmente, llam\u00f3 a votarlos y explic\u00f3 por qu\u00e9 es importante <em>\u201cYo le dir\u00eda que vote en defensa propia, tiene que saber que un voto al Frente de Izquierda es un voto para la defensa de todos los intereses del pueblo trabajador\u201d.<\/em><\/p>\n<p>Compartimos la entrevista completa<\/p>\n<p><a href=\"https:\/\/archive.org\/details\/audio-alejandro-bodart-23-07-2021\">Descargar<\/a><\/p>\n<p>&nbsp;<\/p>\n<audio class=\"wp-audio-shortcode\" id=\"audio-3738-2\" preload=\"none\" style=\"width: 100%;\" controls=\"controls\"><source type=\"audio\/mpeg\" src=\"https:\/\/archive.org\/download\/audio-alejandro-bodart-23-07-2021\/AUDIO%20-%20ALEJANDRO%20BODART%2023%2007%202021.mp3?_=2\" \/><a href=\"https:\/\/archive.org\/download\/audio-alejandro-bodart-23-07-2021\/AUDIO%20-%20ALEJANDRO%20BODART%2023%2007%202021.mp3\">https:\/\/archive.org\/download\/audio-alejandro-bodart-23-07-2021\/AUDIO%20-%20ALEJANDRO%20BODART%2023%2007%202021.mp3<\/a><\/audio>\n<div class=\"powerpress_player\" id=\"powerpress_player_6351\"><audio class=\"wp-audio-shortcode\" id=\"audio-3738-1\" preload=\"none\" style=\"width: 100%;\" controls=\"controls\"><source type=\"audio\/mpeg\" src=\"https:\/\/archive.org\/download\/audio-alejandro-bodart-23-07-2021\/AUDIO%20-%20ALEJANDRO%20BODART%2023%2007%202021.mp3?_=1\" \/><a href=\"https:\/\/archive.org\/download\/audio-alejandro-bodart-23-07-2021\/AUDIO%20-%20ALEJANDRO%20BODART%2023%2007%202021.mp3\">https:\/\/archive.org\/download\/audio-alejandro-bodart-23-07-2021\/AUDIO%20-%20ALEJANDRO%20BODART%2023%2007%202021.mp3<\/a><\/audio><\/div><p class=\"powerpress_links powerpress_links_mp3\" style=\"margin-bottom: 1px !important;\">Podcast: <a href=\"https:\/\/archive.org\/download\/audio-alejandro-bodart-23-07-2021\/AUDIO%20-%20ALEJANDRO%20BODART%2023%2007%202021.mp3\" class=\"powerpress_link_pinw\" target=\"_blank\" title=\"Reproducir en una nueva ventana\" onclick=\"return powerpress_pinw('https:\/\/fmtinkunaco.ar\/?powerpress_pinw=3738-podcast');\" rel=\"nofollow\">Reproducir en una nueva ventana<\/a> | <a href=\"https:\/\/archive.org\/download\/audio-alejandro-bodart-23-07-2021\/AUDIO%20-%20ALEJANDRO%20BODART%2023%2007%202021.mp3\" class=\"powerpress_link_d\" title=\"Descargar\" rel=\"nofollow\" download=\"AUDIO%20-%20ALEJANDRO%20BODART%2023%2007%202021.mp3\">Descargar<\/a><\/p>","protected":false},"excerpt":{"rendered":"<p>Alejandro Bodart es secretario general del MST en el Frente de Izquierda y los Trabajadores Unidad, coordinador de la Liga Internacional Socialista y encabezar\u00e1 la lista del MST a diputados nacionales por la Provincia de Buenos Aires en las PASO. En este marco, en las \u00faltimas semanas se encuentra recorriendo diferentes localidades del conurbano bonaerense, [&hellip;]<\/p>\n","protected":false},"author":1,"featured_media":3739,"comment_status":"open","ping_status":"open","sticky":false,"template":"","format":"standard","meta":{"footnotes":""},"categories":[9],"tags":[31,403],"class_list":["post-3738","post","type-post","status-publish","format-standard","has-post-thumbnail","hentry","category-sociedad","tag-alejandro-bodart","tag-politica"],"_links":{"self":[{"href":"https:\/\/fmtinkunaco.ar\/index.php?rest_route=\/wp\/v2\/posts\/3738","targetHints":{"allow":["GET"]}}],"collection":[{"href":"https:\/\/fmtinkunaco.ar\/index.php?rest_route=\/wp\/v2\/posts"}],"about":[{"href":"https:\/\/fmtinkunaco.ar\/index.php?rest_route=\/wp\/v2\/types\/post"}],"author":[{"embeddable":true,"href":"https:\/\/fmtinkunaco.ar\/index.php?rest_route=\/wp\/v2\/users\/1"}],"replies":[{"embeddable":true,"href":"https:\/\/fmtinkunaco.ar\/index.php?rest_route=%2Fwp%2Fv2%2Fcomments&post=3738"}],"version-history":[{"count":0,"href":"https:\/\/fmtinkunaco.ar\/index.php?rest_route=\/wp\/v2\/posts\/3738\/revisions"}],"wp:featuredmedia":[{"embeddable":true,"href":"https:\/\/fmtinkunaco.ar\/index.php?rest_route=\/"}],"wp:attachment":[{"href":"https:\/\/fmtinkunaco.ar\/index.php?rest_route=%2Fwp%2Fv2%2Fmedia&parent=3738"}],"wp:term":[{"taxonomy":"category","embeddable":true,"href":"https:\/\/fmtinkunaco.ar\/index.php?rest_route=%2Fwp%2Fv2%2Fcategories&post=3738"},{"taxonomy":"post_tag","embeddable":true,"href":"https:\/\/fmtinkunaco.ar\/index.php?rest_route=%2Fwp%2Fv2%2Ftags&post=3738"}],"curies":[{"name":"wp","href":"https:\/\/api.w.org\/{rel}","templated":true}]}}