{"id":3741,"date":"2021-07-26T13:33:21","date_gmt":"2021-07-26T16:33:21","guid":{"rendered":"http:\/\/fmtinkunaco.com.ar\/?p=3741"},"modified":"2021-07-26T13:33:21","modified_gmt":"2021-07-26T16:33:21","slug":"ley-de-acceso-a-la-tierra-por-un-pais-con-soberania-alimentaria","status":"publish","type":"post","link":"https:\/\/fmtinkunaco.ar\/?p=3741","title":{"rendered":"Ley de Acceso a la Tierra: Por un pa\u00eds con soberan\u00eda alimentaria"},"content":{"rendered":"<p>La Uni\u00f3n de Trabajadores de la Tierra (UTT) present\u00f3 \u00a0el proyecto de Ley de Acceso a la Tierra que se propone que las familias productoras de la tierra puedan acceder, a\u00a0 trav\u00e9s de cr\u00e9ditos blandos, a una vivienda digna y a una parcela donde producir alimentos agroecol\u00f3gicos de calidad y a precios justos.<\/p>\n<p>En di\u00e1logo con el programa radial \u201cEncuentro con las Noticias\u201d, Zulma Mollojo, productora del cord\u00f3n frutihort\u00edcola platense y vocera \u2013 referente de la UTT, se refiri\u00f3 a la situaci\u00f3n actual de las y los productores, <em>\u201cLamentablemente nosotros como productores no tenemos una tierra propia, nosotros alquilamos, pagamos alquileres car\u00edsimos entre 20 y 30 mil pesos mensual, la luz entre 20 y hasta 60 mil pesos que me llego la ultima factura de este mes. As\u00ed que nada, muy triste, porque al mismo tiempo no podemos tener una vivienda digna porque tiene que ser una casa de material y lamentablemente tenemos un contrato de arrendamiento donde se alquila por 3 a\u00f1os y lamentablemente nos dicen, lo vendo, o no te alquilo, o te atrasas un poco en el alquiler ya directamente no te alquila y te dice saca todos tus palos y madera y te vas. Por esa situaci\u00f3n \u00a0nosotros tenemos casillas de madera\u201d.<\/em><\/p>\n<p>Por otro lado, Mollojo, describi\u00f3 el prop\u00f3sito del Proyecto de Ley que presentaron desde la organizaci\u00f3n, <em>\u201cEste proyecto se trata de que saquen unos cr\u00e9ditos blandos, en vez de pagar el alquiler, pagar nuestras propias tierras y vivir dignamente con nuestras familias y vivir en una casa digna como tiene que ser y dejar de alquilar y tambi\u00e9n. (\u2026) Nosotros seguimos insistiendo en que avance la ley porque la hemos presentado en el Congreso y siempre tratamos de hacer movidas para visibilizarnos como productores\u201d.<\/em><\/p>\n<p>Actualmente, las y los productores necesitan entre una hect\u00e1rea y media, dos hect\u00e1reas para la producci\u00f3n familiar, as\u00ed lo remarco Mollojo, <em>\u201cUna familia necesita de una hect\u00e1rea y media a dos hect\u00e1reas, eso es lo m\u00ednimo porque vos plantas un poco de verdeo, un poco de acelga, un poco de zapallito, un poco de perejil, plantas cuatro rayas de diferentes verduras y te tardan, no sacas todos los d\u00edas el corte de la verdura\u201d.<\/em><\/p>\n<p>La Uni\u00f3n de Trabajadores de la Tierra se encuentra presente en 15 provincias.<\/p>\n<p>Compartimos la entrevista completa<\/p>\n<p><a href=\"https:\/\/archive.org\/details\/audio-zulma-molloja-utt-26-07-2021\">Descargar<\/a><\/p>\n<p>&nbsp;<\/p>\n<audio class=\"wp-audio-shortcode\" id=\"audio-3741-2\" preload=\"none\" style=\"width: 100%;\" controls=\"controls\"><source type=\"audio\/mpeg\" src=\"https:\/\/archive.org\/download\/audio-zulma-molloja-utt-26-07-2021\/AUDIO%20-%20ZULMA%20MOLLOJA%20%28UTT%29%2026%2007%202021.mp3?_=2\" \/><a href=\"https:\/\/archive.org\/download\/audio-zulma-molloja-utt-26-07-2021\/AUDIO%20-%20ZULMA%20MOLLOJA%20%28UTT%29%2026%2007%202021.mp3\">https:\/\/archive.org\/download\/audio-zulma-molloja-utt-26-07-2021\/AUDIO%20-%20ZULMA%20MOLLOJA%20%28UTT%29%2026%2007%202021.mp3<\/a><\/audio>\n<p>&nbsp;<\/p>\n<div class=\"powerpress_player\" id=\"powerpress_player_3869\"><audio class=\"wp-audio-shortcode\" id=\"audio-3741-1\" preload=\"none\" style=\"width: 100%;\" controls=\"controls\"><source type=\"audio\/mpeg\" src=\"https:\/\/archive.org\/download\/audio-zulma-molloja-utt-26-07-2021\/AUDIO%20-%20ZULMA%20MOLLOJA%20%28UTT%29%2026%2007%202021.mp3?_=1\" \/><a href=\"https:\/\/archive.org\/download\/audio-zulma-molloja-utt-26-07-2021\/AUDIO%20-%20ZULMA%20MOLLOJA%20%28UTT%29%2026%2007%202021.mp3\">https:\/\/archive.org\/download\/audio-zulma-molloja-utt-26-07-2021\/AUDIO%20-%20ZULMA%20MOLLOJA%20%28UTT%29%2026%2007%202021.mp3<\/a><\/audio><\/div><p class=\"powerpress_links powerpress_links_mp3\" style=\"margin-bottom: 1px !important;\">Podcast: <a href=\"https:\/\/archive.org\/download\/audio-zulma-molloja-utt-26-07-2021\/AUDIO%20-%20ZULMA%20MOLLOJA%20%28UTT%29%2026%2007%202021.mp3\" class=\"powerpress_link_pinw\" target=\"_blank\" title=\"Reproducir en una nueva ventana\" onclick=\"return powerpress_pinw('https:\/\/fmtinkunaco.ar\/?powerpress_pinw=3741-podcast');\" rel=\"nofollow\">Reproducir en una nueva ventana<\/a> | <a href=\"https:\/\/archive.org\/download\/audio-zulma-molloja-utt-26-07-2021\/AUDIO%20-%20ZULMA%20MOLLOJA%20%28UTT%29%2026%2007%202021.mp3\" class=\"powerpress_link_d\" title=\"Descargar\" rel=\"nofollow\" download=\"AUDIO%20-%20ZULMA%20MOLLOJA%20%28UTT%29%2026%2007%202021.mp3\">Descargar<\/a><\/p>","protected":false},"excerpt":{"rendered":"<p>La Uni\u00f3n de Trabajadores de la Tierra (UTT) present\u00f3 \u00a0el proyecto de Ley de Acceso a la Tierra que se propone que las familias productoras de la tierra puedan acceder, a\u00a0 trav\u00e9s de cr\u00e9ditos blandos, a una vivienda digna y a una parcela donde producir alimentos agroecol\u00f3gicos de calidad y a precios justos. En di\u00e1logo [&hellip;]<\/p>\n","protected":false},"author":1,"featured_media":3742,"comment_status":"open","ping_status":"open","sticky":false,"template":"","format":"standard","meta":{"footnotes":""},"categories":[4,9],"tags":[499,507],"class_list":["post-3741","post","type-post","status-publish","format-standard","has-post-thumbnail","hentry","category-derechos-humanos","category-sociedad","tag-union-de-trabajadores-de-la-tierra","tag-utt"],"_links":{"self":[{"href":"https:\/\/fmtinkunaco.ar\/index.php?rest_route=\/wp\/v2\/posts\/3741","targetHints":{"allow":["GET"]}}],"collection":[{"href":"https:\/\/fmtinkunaco.ar\/index.php?rest_route=\/wp\/v2\/posts"}],"about":[{"href":"https:\/\/fmtinkunaco.ar\/index.php?rest_route=\/wp\/v2\/types\/post"}],"author":[{"embeddable":true,"href":"https:\/\/fmtinkunaco.ar\/index.php?rest_route=\/wp\/v2\/users\/1"}],"replies":[{"embeddable":true,"href":"https:\/\/fmtinkunaco.ar\/index.php?rest_route=%2Fwp%2Fv2%2Fcomments&post=3741"}],"version-history":[{"count":0,"href":"https:\/\/fmtinkunaco.ar\/index.php?rest_route=\/wp\/v2\/posts\/3741\/revisions"}],"wp:featuredmedia":[{"embeddable":true,"href":"https:\/\/fmtinkunaco.ar\/index.php?rest_route=\/"}],"wp:attachment":[{"href":"https:\/\/fmtinkunaco.ar\/index.php?rest_route=%2Fwp%2Fv2%2Fmedia&parent=3741"}],"wp:term":[{"taxonomy":"category","embeddable":true,"href":"https:\/\/fmtinkunaco.ar\/index.php?rest_route=%2Fwp%2Fv2%2Fcategories&post=3741"},{"taxonomy":"post_tag","embeddable":true,"href":"https:\/\/fmtinkunaco.ar\/index.php?rest_route=%2Fwp%2Fv2%2Ftags&post=3741"}],"curies":[{"name":"wp","href":"https:\/\/api.w.org\/{rel}","templated":true}]}}