{"id":3744,"date":"2021-07-27T13:39:26","date_gmt":"2021-07-27T16:39:26","guid":{"rendered":"http:\/\/fmtinkunaco.com.ar\/?p=3744"},"modified":"2021-07-27T13:39:26","modified_gmt":"2021-07-27T16:39:26","slug":"mejores-reglas-para-las-organizaciones-de-la-sociedad-civil","status":"publish","type":"post","link":"https:\/\/fmtinkunaco.ar\/?p=3744","title":{"rendered":"Mejores Reglas para las Organizaciones de la sociedad civil"},"content":{"rendered":"<p>Las organizaciones de la sociedad civil necesitan que se promueva un Marco Fiscal y Laboral distinto, necesitan normas simples, tr\u00e1mites gratuitos y menos trabas.<\/p>\n<p>En este marco, se lanz\u00f3 la campa\u00f1a \u201cMejores reglas para las organizaciones sociales\u201d impulsada por la Sociedad Civil en Red. La misma nuclea a diversas organizaciones comunitarias, fundaciones, centros culturales, clubes, asociaciones, entre otras.<\/p>\n<p>En di\u00e1logo con el programa radial \u201cEncuentro con las Noticias\u201d, Omar Foresti, integrante de la Red El Encuentro y de la campa\u00f1a <em>\u201cMejores reglas para las organizaciones sociales\u201d, se refiri\u00f3 a las principales problem\u00e1ticas que actualmente tienen las organizaciones de la sociedad civil, \u201cLas problem\u00e1ticas son varias, entonces lo que se pide es la simplificaci\u00f3n de las tramitaciones, por ejemplo, un caso puede ser todo lo que tiene que ser con la tramitaci\u00f3n, de todo lo que hay que hacer, entonces buscamos la ventanilla \u00fanica donde te atiendan en un lugar y que no tengamos que pasar por 4 o 5 lugares para poder terminar un tr\u00e1mite. Otro de los tramites tiene que ver con ciertas bajadas o disminuciones de algunos costos impositivos, como el IVA, que vos vas a comprar un kilo de papa, un paquete de fideo y eso tiene un iva incluido, entonces la idea es como de alguna manera eso puede ser eliminado de las organizaciones sociales que compran para sostener, por ejemplo, un comedor\u201d.<\/em><\/p>\n<p>Adem\u00e1s, Foresti explic\u00f3 que en este recorrido tambi\u00e9n se busca el reconocimiento de los trabajadores y trabajadores sociocomunitarias, <em>\u201cEst\u00e1 la b\u00fasqueda, tambi\u00e9n, del reconocimiento de todos los trabajadores y las trabajadoras comunitarias y sociocomunitarias que est\u00e1n en lo cotidiano poniendo su vida y su esfuerzo y que no tienen ning\u00fan tipo de reconocimiento. Sos personal esencial para algunas cosas pero para los reconocimiento no, de hecho ni siquiera fuimos prioridad en el tema de la vacunaci\u00f3n\u201d.<\/em><\/p>\n<p>Desde Sociedad Civil en Red te invitan a acompa\u00f1ar esta campana dejando tu firma en <a href=\"https:\/\/mejoresreglasosc.org.ar\/\">mejoresreglasosc.org.ar<\/a> de manera personal o como instituci\u00f3n.<\/p>\n<p>Compartimos la entrevista completa<\/p>\n<p><a href=\"https:\/\/archive.org\/details\/audio-omar-foresti-27-07-2021\">Descargar<\/a><\/p>\n<p>&nbsp;<\/p>\n<audio class=\"wp-audio-shortcode\" id=\"audio-3744-2\" preload=\"none\" style=\"width: 100%;\" controls=\"controls\"><source type=\"audio\/mpeg\" src=\"https:\/\/archive.org\/download\/audio-omar-foresti-27-07-2021\/AUDIO%20-%20OMAR%20FORESTI%2027%2007%202021.mp3?_=2\" \/><a href=\"https:\/\/archive.org\/download\/audio-omar-foresti-27-07-2021\/AUDIO%20-%20OMAR%20FORESTI%2027%2007%202021.mp3\">https:\/\/archive.org\/download\/audio-omar-foresti-27-07-2021\/AUDIO%20-%20OMAR%20FORESTI%2027%2007%202021.mp3<\/a><\/audio>\n<div class=\"powerpress_player\" id=\"powerpress_player_7724\"><audio class=\"wp-audio-shortcode\" id=\"audio-3744-1\" preload=\"none\" style=\"width: 100%;\" controls=\"controls\"><source type=\"audio\/mpeg\" src=\"https:\/\/archive.org\/download\/audio-omar-foresti-27-07-2021\/AUDIO%20-%20OMAR%20FORESTI%2027%2007%202021.mp3?_=1\" \/><a href=\"https:\/\/archive.org\/download\/audio-omar-foresti-27-07-2021\/AUDIO%20-%20OMAR%20FORESTI%2027%2007%202021.mp3\">https:\/\/archive.org\/download\/audio-omar-foresti-27-07-2021\/AUDIO%20-%20OMAR%20FORESTI%2027%2007%202021.mp3<\/a><\/audio><\/div><p class=\"powerpress_links powerpress_links_mp3\" style=\"margin-bottom: 1px !important;\">Podcast: <a href=\"https:\/\/archive.org\/download\/audio-omar-foresti-27-07-2021\/AUDIO%20-%20OMAR%20FORESTI%2027%2007%202021.mp3\" class=\"powerpress_link_pinw\" target=\"_blank\" title=\"Reproducir en una nueva ventana\" onclick=\"return powerpress_pinw('https:\/\/fmtinkunaco.ar\/?powerpress_pinw=3744-podcast');\" rel=\"nofollow\">Reproducir en una nueva ventana<\/a> | <a href=\"https:\/\/archive.org\/download\/audio-omar-foresti-27-07-2021\/AUDIO%20-%20OMAR%20FORESTI%2027%2007%202021.mp3\" class=\"powerpress_link_d\" title=\"Descargar\" rel=\"nofollow\" download=\"AUDIO%20-%20OMAR%20FORESTI%2027%2007%202021.mp3\">Descargar<\/a><\/p>","protected":false},"excerpt":{"rendered":"<p>Las organizaciones de la sociedad civil necesitan que se promueva un Marco Fiscal y Laboral distinto, necesitan normas simples, tr\u00e1mites gratuitos y menos trabas. En este marco, se lanz\u00f3 la campa\u00f1a \u201cMejores reglas para las organizaciones sociales\u201d impulsada por la Sociedad Civil en Red. La misma nuclea a diversas organizaciones comunitarias, fundaciones, centros culturales, clubes, [&hellip;]<\/p>\n","protected":false},"author":1,"featured_media":3745,"comment_status":"open","ping_status":"open","sticky":false,"template":"","format":"standard","meta":{"footnotes":""},"categories":[4,9],"tags":[299,300,313],"class_list":["post-3744","post","type-post","status-publish","format-standard","has-post-thumbnail","hentry","category-derechos-humanos","category-sociedad","tag-marco-fiscal","tag-marco-laboral","tag-mejores-reglas-para-las-organizaciones-de-la-sociedad-civil"],"_links":{"self":[{"href":"https:\/\/fmtinkunaco.ar\/index.php?rest_route=\/wp\/v2\/posts\/3744","targetHints":{"allow":["GET"]}}],"collection":[{"href":"https:\/\/fmtinkunaco.ar\/index.php?rest_route=\/wp\/v2\/posts"}],"about":[{"href":"https:\/\/fmtinkunaco.ar\/index.php?rest_route=\/wp\/v2\/types\/post"}],"author":[{"embeddable":true,"href":"https:\/\/fmtinkunaco.ar\/index.php?rest_route=\/wp\/v2\/users\/1"}],"replies":[{"embeddable":true,"href":"https:\/\/fmtinkunaco.ar\/index.php?rest_route=%2Fwp%2Fv2%2Fcomments&post=3744"}],"version-history":[{"count":0,"href":"https:\/\/fmtinkunaco.ar\/index.php?rest_route=\/wp\/v2\/posts\/3744\/revisions"}],"wp:featuredmedia":[{"embeddable":true,"href":"https:\/\/fmtinkunaco.ar\/index.php?rest_route=\/"}],"wp:attachment":[{"href":"https:\/\/fmtinkunaco.ar\/index.php?rest_route=%2Fwp%2Fv2%2Fmedia&parent=3744"}],"wp:term":[{"taxonomy":"category","embeddable":true,"href":"https:\/\/fmtinkunaco.ar\/index.php?rest_route=%2Fwp%2Fv2%2Fcategories&post=3744"},{"taxonomy":"post_tag","embeddable":true,"href":"https:\/\/fmtinkunaco.ar\/index.php?rest_route=%2Fwp%2Fv2%2Ftags&post=3744"}],"curies":[{"name":"wp","href":"https:\/\/api.w.org\/{rel}","templated":true}]}}