{"id":3753,"date":"2021-07-29T10:50:33","date_gmt":"2021-07-29T13:50:33","guid":{"rendered":"http:\/\/fmtinkunaco.com.ar\/?p=3753"},"modified":"2021-07-29T10:50:33","modified_gmt":"2021-07-29T13:50:33","slug":"un-joven-denuncia-violencia-institucional-en-el-municipio-de-malvinas-argentina","status":"publish","type":"post","link":"https:\/\/fmtinkunaco.ar\/?p=3753","title":{"rendered":"Un joven denuncia violencia institucional en el Municipio de Malvinas Argentina"},"content":{"rendered":"<p>Un joven del Municipio de Malvinas Argentinas se involucr\u00f3 en un intento de robo para defender a la joven que iba a ser robada, en medio de empujones la victima sale corriendo y \u00e9l joven queda forcejeando con los delincuentes. Minutos despu\u00e9s llega un m\u00f3vil policial y los lleva a los 3 detenidos, a los dos delincuentes y a \u00e9l.<\/p>\n<p>Santiago es militante de la Federaci\u00f3n Juvenil Comunista e integrante de la Asociaci\u00f3n Sobrevivientes, familiares y compa\u00f1erxs de Campo de Mayo y el d\u00eda martes vivi\u00f3 esta situaci\u00f3n.<\/p>\n<p>En di\u00e1logo con el programa radial \u201cEncuentro con las Noticias\u201d, Santiago Nu\u00f1ez, se refiri\u00f3 al episodio <em>\u201cFue alrededor de las 6 de la tarde, yo iba caminando por Jos\u00e9 Hern\u00e1ndez una calle principal de Tortuguitas y veo que en la esquina le quieren robar a una chica, intervengo en la situaci\u00f3n y me quedo forcejeando con los dos delincuentes y en segundos aparece un patrullero, nos pone contra la pared y sin decirnos absolutamente nada nos esposa a los 3 y nos sube directamente al patrullero. Despu\u00e9s de eso estuve demorado en la comisaria de Tortuguitas, esposado en una habitaci\u00f3n, esperando respuestas, exigiendo que se identifiquen, que me dejen comunicarme con alguien; los derechos b\u00e1sicos del detenido los cuales no fueron correspondidos por estos oficiales. En ning\u00fan momento se me dijo por qu\u00e9 estaba detenido, no se me dijo por qu\u00e9 estaba ah\u00ed, me revisaron las cosas de la mochila, me sacaron el celular\u201d.<\/em><\/p>\n<p>Luego de una hora y media, los oficiales se disponen a hablar con Santiago, as\u00ed lo relata \u00e9l, <em>\u201cEn un momento se calmaron y vienen a hablar conmigo, yo les exig\u00ed de nuevo que se identifiquen y que sigan el protocolo policial de las detenciones y les dije que pertenec\u00eda a un Organismo de Derechos Humanos al cual pertenezco que es la Asociaci\u00f3n de Sobrevivientes, familiares y compa\u00f1erxs de Campo de Mayo y una vez que yo digo esto calman absolutamente cualquier tipo de intenci\u00f3n violenta y abusiva contra mi persona y en cuesti\u00f3n de minutos me dejan libre. Incluso acerc\u00e1ndome hasta cerca de mi casa en un patrullero\u201d.<\/em><\/p>\n<p>Santiago describe que los efectivos policiales en ning\u00fan momento, al ser detenido y durante la permanencia en la comisaria le permitieron explicar cu\u00e1l fue la verdadera situaci\u00f3n.<\/p>\n<p>Frente a esta situaci\u00f3n, Santiago describi\u00f3 las posibles pr\u00f3ximas acciones, <em>\u201cEstamos viendo de armar una denuncia p\u00fablica en la Comisaria 4 de Tortuguitas para contar mi caso, m\u00e1s que nada. (\u2026) En la cuesti\u00f3n legal no se si se podr\u00eda llegar a hacer algo porque yo no tengo idea si quedo registro de mi paso por esa comisaria\u201d.<\/em><\/p>\n<p>Compartimos la entrevista completa<\/p>\n<p><a href=\"https:\/\/archive.org\/details\/audio-santiago-nun-ez-29-07-2021\">Descargar<\/a><\/p>\n<p>&nbsp;<\/p>\n<audio class=\"wp-audio-shortcode\" id=\"audio-3753-2\" preload=\"none\" style=\"width: 100%;\" controls=\"controls\"><source type=\"audio\/mpeg\" src=\"https:\/\/archive.org\/download\/audio-santiago-nun-ez-29-07-2021\/AUDIO%20-%20SANTIAGO%20NU%C3%91EZ%2029%2007%202021.mp3?_=2\" \/><a href=\"https:\/\/archive.org\/download\/audio-santiago-nun-ez-29-07-2021\/AUDIO%20-%20SANTIAGO%20NU%C3%91EZ%2029%2007%202021.mp3\">https:\/\/archive.org\/download\/audio-santiago-nun-ez-29-07-2021\/AUDIO%20-%20SANTIAGO%20NU%C3%91EZ%2029%2007%202021.mp3<\/a><\/audio>\n<div class=\"powerpress_player\" id=\"powerpress_player_527\"><audio class=\"wp-audio-shortcode\" id=\"audio-3753-1\" preload=\"none\" style=\"width: 100%;\" controls=\"controls\"><source type=\"audio\/mpeg\" src=\"https:\/\/archive.org\/download\/audio-santiago-nun-ez-29-07-2021\/AUDIO%20-%20SANTIAGO%20NU%C3%91EZ%2029%2007%202021.mp3?_=1\" \/><a href=\"https:\/\/archive.org\/download\/audio-santiago-nun-ez-29-07-2021\/AUDIO%20-%20SANTIAGO%20NU%C3%91EZ%2029%2007%202021.mp3\">https:\/\/archive.org\/download\/audio-santiago-nun-ez-29-07-2021\/AUDIO%20-%20SANTIAGO%20NU%C3%91EZ%2029%2007%202021.mp3<\/a><\/audio><\/div><p class=\"powerpress_links powerpress_links_mp3\" style=\"margin-bottom: 1px !important;\">Podcast: <a href=\"https:\/\/archive.org\/download\/audio-santiago-nun-ez-29-07-2021\/AUDIO%20-%20SANTIAGO%20NU%C3%91EZ%2029%2007%202021.mp3\" class=\"powerpress_link_pinw\" target=\"_blank\" title=\"Reproducir en una nueva ventana\" onclick=\"return powerpress_pinw('https:\/\/fmtinkunaco.ar\/?powerpress_pinw=3753-podcast');\" rel=\"nofollow\">Reproducir en una nueva ventana<\/a> | <a href=\"https:\/\/archive.org\/download\/audio-santiago-nun-ez-29-07-2021\/AUDIO%20-%20SANTIAGO%20NU%C3%91EZ%2029%2007%202021.mp3\" class=\"powerpress_link_d\" title=\"Descargar\" rel=\"nofollow\" download=\"AUDIO%20-%20SANTIAGO%20NU%C3%91EZ%2029%2007%202021.mp3\">Descargar<\/a><\/p>","protected":false},"excerpt":{"rendered":"<p>Un joven del Municipio de Malvinas Argentinas se involucr\u00f3 en un intento de robo para defender a la joven que iba a ser robada, en medio de empujones la victima sale corriendo y \u00e9l joven queda forcejeando con los delincuentes. Minutos despu\u00e9s llega un m\u00f3vil policial y los lleva a los 3 detenidos, a los [&hellip;]<\/p>\n","protected":false},"author":1,"featured_media":3754,"comment_status":"open","ping_status":"open","sticky":false,"template":"","format":"standard","meta":{"footnotes":""},"categories":[4],"tags":[57,201,206,338,516],"class_list":["post-3753","post","type-post","status-publish","format-standard","has-post-thumbnail","hentry","category-derechos-humanos","tag-asociacion-sobrevivientes","tag-familiares-y-companerxs-de-campo-de-mayo","tag-federacion-juvenil-comunista","tag-municipio-de-malvinas-argentinas","tag-violencia-institucional"],"_links":{"self":[{"href":"https:\/\/fmtinkunaco.ar\/index.php?rest_route=\/wp\/v2\/posts\/3753","targetHints":{"allow":["GET"]}}],"collection":[{"href":"https:\/\/fmtinkunaco.ar\/index.php?rest_route=\/wp\/v2\/posts"}],"about":[{"href":"https:\/\/fmtinkunaco.ar\/index.php?rest_route=\/wp\/v2\/types\/post"}],"author":[{"embeddable":true,"href":"https:\/\/fmtinkunaco.ar\/index.php?rest_route=\/wp\/v2\/users\/1"}],"replies":[{"embeddable":true,"href":"https:\/\/fmtinkunaco.ar\/index.php?rest_route=%2Fwp%2Fv2%2Fcomments&post=3753"}],"version-history":[{"count":0,"href":"https:\/\/fmtinkunaco.ar\/index.php?rest_route=\/wp\/v2\/posts\/3753\/revisions"}],"wp:featuredmedia":[{"embeddable":true,"href":"https:\/\/fmtinkunaco.ar\/index.php?rest_route=\/"}],"wp:attachment":[{"href":"https:\/\/fmtinkunaco.ar\/index.php?rest_route=%2Fwp%2Fv2%2Fmedia&parent=3753"}],"wp:term":[{"taxonomy":"category","embeddable":true,"href":"https:\/\/fmtinkunaco.ar\/index.php?rest_route=%2Fwp%2Fv2%2Fcategories&post=3753"},{"taxonomy":"post_tag","embeddable":true,"href":"https:\/\/fmtinkunaco.ar\/index.php?rest_route=%2Fwp%2Fv2%2Ftags&post=3753"}],"curies":[{"name":"wp","href":"https:\/\/api.w.org\/{rel}","templated":true}]}}