{"id":3776,"date":"2021-08-04T09:40:30","date_gmt":"2021-08-04T12:40:30","guid":{"rendered":"http:\/\/fmtinkunaco.com.ar\/?p=3776"},"modified":"2021-08-04T09:40:30","modified_gmt":"2021-08-04T12:40:30","slug":"celebracion-de-la-pachamama-en-el-centro-pluricultural-qataq-de-cuartel-v","status":"publish","type":"post","link":"https:\/\/fmtinkunaco.ar\/?p=3776","title":{"rendered":"Celebraci\u00f3n de la Pachamama en el Espacio Pluricultural QATAQ de Cuartel V"},"content":{"rendered":"<p>El pr\u00f3ximo domingo, 8 de agosto, a partir de las 14 horas el Espacio de Encuentro Pluricultural QATAQ de Cuartel V convocae invita a celebrar la Pachamama con fog\u00f3n, guitarreada colectiva, feria y cantina popular.<\/p>\n<p>En di\u00e1logo con el programa radial \u201cEncuentro con las Noticias\u201d, Silvia Ebis, integrante de QATAQ, describi\u00f3 c\u00f3mo ser\u00e1 la celebraci\u00f3n,<em> \u201cVamos, otra vez, a hacer la ceremonia para honrar a nuestra Madre Tierra, para recordar que somos sus hijes y para celebrar que estamos vivos, que estamos juntos y que necesitamos cuidar a nuestra madre que es la que nos sostiene y cuidarnos entre todes para poder hacer una comunidad m\u00e1s plena, m\u00e1s feliz, m\u00e1s sana\u201d.<\/em><\/p>\n<p>La celebraci\u00f3n contar\u00e1 con la participaci\u00f3n de las Tumbanda, grupo de percusionistas; el proyecto ARTE CORREO PAULO FREIRE, feria qataquera y liberaci\u00f3n de libros de la Biblioteca Epelbaum para que no perdamos la Memoria.<\/p>\n<p>Silvia Ebis, adem\u00e1s, cont\u00f3 detalles de la futura celebraci\u00f3n, <em>\u201cVa a haber alguna cantinita popular con empanadas, con algo rico para el mate, calentaremos agua y celebraremos alrededor de un fogoncito con una guitarreada entre todas y todos. Tenemos la enorme alegr\u00eda de que va a estar el grupo Tumbanda que son unas compa\u00f1eras percusionistas grosas que acompa\u00f1an todo nuestros espacios feministas y seguramente algunas otras artesanas vendr\u00e1n a compartir sus bellezas. Y el que se acerque tomara el micr\u00f3fono y compartir\u00e1\u201d.<\/em><\/p>\n<p>La invitaci\u00f3n es el pr\u00f3ximo domingo, 8 de agosto, a partir de las 14 hs en Acevedo 10966, esq. Santander &#8211; Cuartel V, Moreno. Adem\u00e1s te invitan a llevar para convidarle a la Pacha.<\/p>\n<p><a href=\"https:\/\/archive.org\/details\/audio-silvia-ebis-qataq-08-08-2021\">Descargar<\/a><\/p>\n<p>&nbsp;<\/p>\n<audio class=\"wp-audio-shortcode\" id=\"audio-3776-2\" preload=\"none\" style=\"width: 100%;\" controls=\"controls\"><source type=\"audio\/mpeg\" src=\"https:\/\/archive.org\/download\/audio-silvia-ebis-qataq-08-08-2021\/AUDIO%20-%20SILVIA%20EBIS%20%28QATAQ%29%2008%2008%202021.mp3?_=2\" \/><a href=\"https:\/\/archive.org\/download\/audio-silvia-ebis-qataq-08-08-2021\/AUDIO%20-%20SILVIA%20EBIS%20%28QATAQ%29%2008%2008%202021.mp3\">https:\/\/archive.org\/download\/audio-silvia-ebis-qataq-08-08-2021\/AUDIO%20-%20SILVIA%20EBIS%20%28QATAQ%29%2008%2008%202021.mp3<\/a><\/audio>\n<div class=\"powerpress_player\" id=\"powerpress_player_5025\"><audio class=\"wp-audio-shortcode\" id=\"audio-3776-1\" preload=\"none\" style=\"width: 100%;\" controls=\"controls\"><source type=\"audio\/mpeg\" src=\"https:\/\/archive.org\/download\/audio-silvia-ebis-qataq-08-08-2021\/AUDIO%20-%20SILVIA%20EBIS%20%28QATAQ%29%2008%2008%202021.mp3?_=1\" \/><a href=\"https:\/\/archive.org\/download\/audio-silvia-ebis-qataq-08-08-2021\/AUDIO%20-%20SILVIA%20EBIS%20%28QATAQ%29%2008%2008%202021.mp3\">https:\/\/archive.org\/download\/audio-silvia-ebis-qataq-08-08-2021\/AUDIO%20-%20SILVIA%20EBIS%20%28QATAQ%29%2008%2008%202021.mp3<\/a><\/audio><\/div><p class=\"powerpress_links powerpress_links_mp3\" style=\"margin-bottom: 1px !important;\">Podcast: <a href=\"https:\/\/archive.org\/download\/audio-silvia-ebis-qataq-08-08-2021\/AUDIO%20-%20SILVIA%20EBIS%20%28QATAQ%29%2008%2008%202021.mp3\" class=\"powerpress_link_pinw\" target=\"_blank\" title=\"Reproducir en una nueva ventana\" onclick=\"return powerpress_pinw('https:\/\/fmtinkunaco.ar\/?powerpress_pinw=3776-podcast');\" rel=\"nofollow\">Reproducir en una nueva ventana<\/a> | <a href=\"https:\/\/archive.org\/download\/audio-silvia-ebis-qataq-08-08-2021\/AUDIO%20-%20SILVIA%20EBIS%20%28QATAQ%29%2008%2008%202021.mp3\" class=\"powerpress_link_d\" title=\"Descargar\" rel=\"nofollow\" download=\"AUDIO%20-%20SILVIA%20EBIS%20%28QATAQ%29%2008%2008%202021.mp3\">Descargar<\/a><\/p>","protected":false},"excerpt":{"rendered":"<p>El pr\u00f3ximo domingo, 8 de agosto, a partir de las 14 horas el Espacio de Encuentro Pluricultural QATAQ de Cuartel V convocae invita a celebrar la Pachamama con fog\u00f3n, guitarreada colectiva, feria y cantina popular. En di\u00e1logo con el programa radial \u201cEncuentro con las Noticias\u201d, Silvia Ebis, integrante de QATAQ, describi\u00f3 c\u00f3mo ser\u00e1 la celebraci\u00f3n, [&hellip;]<\/p>\n","protected":false},"author":1,"featured_media":3781,"comment_status":"open","ping_status":"open","sticky":false,"template":"","format":"standard","meta":{"footnotes":""},"categories":[3],"tags":[13,91,293,370,422],"class_list":["post-3776","post","type-post","status-publish","format-standard","has-post-thumbnail","hentry","category-cultura","tag-1-de-agosto","tag-celebracion","tag-madre-tierra","tag-pachamama","tag-qataq"],"_links":{"self":[{"href":"https:\/\/fmtinkunaco.ar\/index.php?rest_route=\/wp\/v2\/posts\/3776","targetHints":{"allow":["GET"]}}],"collection":[{"href":"https:\/\/fmtinkunaco.ar\/index.php?rest_route=\/wp\/v2\/posts"}],"about":[{"href":"https:\/\/fmtinkunaco.ar\/index.php?rest_route=\/wp\/v2\/types\/post"}],"author":[{"embeddable":true,"href":"https:\/\/fmtinkunaco.ar\/index.php?rest_route=\/wp\/v2\/users\/1"}],"replies":[{"embeddable":true,"href":"https:\/\/fmtinkunaco.ar\/index.php?rest_route=%2Fwp%2Fv2%2Fcomments&post=3776"}],"version-history":[{"count":0,"href":"https:\/\/fmtinkunaco.ar\/index.php?rest_route=\/wp\/v2\/posts\/3776\/revisions"}],"wp:featuredmedia":[{"embeddable":true,"href":"https:\/\/fmtinkunaco.ar\/index.php?rest_route=\/"}],"wp:attachment":[{"href":"https:\/\/fmtinkunaco.ar\/index.php?rest_route=%2Fwp%2Fv2%2Fmedia&parent=3776"}],"wp:term":[{"taxonomy":"category","embeddable":true,"href":"https:\/\/fmtinkunaco.ar\/index.php?rest_route=%2Fwp%2Fv2%2Fcategories&post=3776"},{"taxonomy":"post_tag","embeddable":true,"href":"https:\/\/fmtinkunaco.ar\/index.php?rest_route=%2Fwp%2Fv2%2Ftags&post=3776"}],"curies":[{"name":"wp","href":"https:\/\/api.w.org\/{rel}","templated":true}]}}