{"id":3783,"date":"2021-08-04T15:05:24","date_gmt":"2021-08-04T18:05:24","guid":{"rendered":"http:\/\/fmtinkunaco.com.ar\/?p=3783"},"modified":"2021-08-04T15:05:24","modified_gmt":"2021-08-04T18:05:24","slug":"la-fm-tinkunaco-lanzo-la-preventa-de-la-compilacion-del-concurso-del-papel-a-la-radio","status":"publish","type":"post","link":"https:\/\/fmtinkunaco.ar\/?p=3783","title":{"rendered":"La FM Tinkunaco lanz\u00f3 la preventa de la compilaci\u00f3n del concurso \u201cDel Papel a la Radio\u201d"},"content":{"rendered":"<p>Este a\u00f1o, la FM Tinkunaco lanz\u00f3 el 5to Concurso de cuentos infantiles <strong>\u201cDel Papel a la Radio\u201d<\/strong> y, en el marco de la celebraci\u00f3n de los 5 a\u00f1os de concurso se propuso la realizaci\u00f3n de un libro compilatorio de los cuentos seleccionados en los primeros cuatro concursos y en el \u00faltimo concurso que a\u00fan continua recibiendo historias.<\/p>\n<p>Frente a este nuevo proyecto, la Tinkunaco en los \u00faltimos d\u00edas lanz\u00f3 la preventa de los libros con el objetivo de poder recaudar el dinero necesario para poder costear los gastos de impresi\u00f3n.<\/p>\n<p>Entendiendo la situaci\u00f3n econ\u00f3mica actual, hay distintas promociones s\u00faper accesibles que permitir\u00e1n acceder al libro y stickers mediante transferencia bancaria y efectivo.<\/p>\n<p><strong>Promo 1:<\/strong> 1 libro por $650<br \/>\n<strong>Promo 2:<\/strong> 1 libro m\u00e1s stickers $700<br \/>\n<strong>Promo 3:<\/strong> 2 libros por $1200<\/p>\n<p>El pag\u00f3 lo podes realizar por:<\/p>\n<p><strong>CVU<\/strong>: 0000003100073742104178<br \/>\n<strong>ALIAS:<\/strong> delpapelalaradio<br \/>\n<strong>TITULAR:<\/strong> Gisella Romero<\/p>\n<p>Despu\u00e9s de realizar la compra, escrib\u00ed al mail <a href=\"mailto:concursodecuentosinfantiles@gmail.com\">concursodecuentosinfantiles@gmail.com<\/a> o a trav\u00e9s de whatsapp al 11 6690 5002.<\/p>\n<p>La FM Tinkunaco se propone, con este proyecto literario, que las ni\u00f1eces y adolescencias tengan un espacio donde compartir sus historias y donde puedan darle lugar a la imaginaci\u00f3n.<\/p>\n","protected":false},"excerpt":{"rendered":"<p>Este a\u00f1o, la FM Tinkunaco lanz\u00f3 el 5to Concurso de cuentos infantiles \u201cDel Papel a la Radio\u201d y, en el marco de la celebraci\u00f3n de los 5 a\u00f1os de concurso se propuso la realizaci\u00f3n de un libro compilatorio de los cuentos seleccionados en los primeros cuatro concursos y en el \u00faltimo concurso que a\u00fan continua [&hellip;]<\/p>\n","protected":false},"author":1,"featured_media":3784,"comment_status":"open","ping_status":"open","sticky":false,"template":"","format":"standard","meta":{"footnotes":""},"categories":[3],"tags":[11,123,278,288],"class_list":["post-3783","post","type-post","status-publish","format-standard","has-post-thumbnail","hentry","category-cultura","tag-del-papel-a-la-radio","tag-concurso-de-cuentos-infantiles","tag-lectura","tag-libros"],"_links":{"self":[{"href":"https:\/\/fmtinkunaco.ar\/index.php?rest_route=\/wp\/v2\/posts\/3783","targetHints":{"allow":["GET"]}}],"collection":[{"href":"https:\/\/fmtinkunaco.ar\/index.php?rest_route=\/wp\/v2\/posts"}],"about":[{"href":"https:\/\/fmtinkunaco.ar\/index.php?rest_route=\/wp\/v2\/types\/post"}],"author":[{"embeddable":true,"href":"https:\/\/fmtinkunaco.ar\/index.php?rest_route=\/wp\/v2\/users\/1"}],"replies":[{"embeddable":true,"href":"https:\/\/fmtinkunaco.ar\/index.php?rest_route=%2Fwp%2Fv2%2Fcomments&post=3783"}],"version-history":[{"count":0,"href":"https:\/\/fmtinkunaco.ar\/index.php?rest_route=\/wp\/v2\/posts\/3783\/revisions"}],"wp:featuredmedia":[{"embeddable":true,"href":"https:\/\/fmtinkunaco.ar\/index.php?rest_route=\/"}],"wp:attachment":[{"href":"https:\/\/fmtinkunaco.ar\/index.php?rest_route=%2Fwp%2Fv2%2Fmedia&parent=3783"}],"wp:term":[{"taxonomy":"category","embeddable":true,"href":"https:\/\/fmtinkunaco.ar\/index.php?rest_route=%2Fwp%2Fv2%2Fcategories&post=3783"},{"taxonomy":"post_tag","embeddable":true,"href":"https:\/\/fmtinkunaco.ar\/index.php?rest_route=%2Fwp%2Fv2%2Ftags&post=3783"}],"curies":[{"name":"wp","href":"https:\/\/api.w.org\/{rel}","templated":true}]}}