{"id":3802,"date":"2021-08-09T13:49:40","date_gmt":"2021-08-09T16:49:40","guid":{"rendered":"http:\/\/fmtinkunaco.com.ar\/?p=3802"},"modified":"2021-08-09T13:49:40","modified_gmt":"2021-08-09T16:49:40","slug":"rodrigo-barrios-representamos-al-peronismo-pero-que-no-somos-parte-del-gobierno-municipal","status":"publish","type":"post","link":"https:\/\/fmtinkunaco.ar\/?p=3802","title":{"rendered":"Rodrigo Barrios: \u201cRepresentamos al Peronismo, pero no somos parte del gobierno municipal\u201d"},"content":{"rendered":"<p>Rodrigo Facundo Barrios encabeza como primer precandidato a concejal una de las listas que pelear\u00e1 la interna del Frente de Todos en el municipio de Jos\u00e9. C. Paz.<\/p>\n<p>Con m\u00e1s de 10 a\u00f1os de militancia junto a organizaciones sociales que hoy conforman la lista, en las \u00faltimas elecciones Barrios present\u00f3 una <a href=\"https:\/\/informacionregional.blogspot.com\/2019\/06\/rodrigo-barrios-fuera-de-la-interna-del.html\">lista que fue rechazada<\/a> quedando fuera de las internas.<\/p>\n<p>En di\u00e1logo con el programa radial \u201cEncuentro con las Noticias\u201d, Rodrigo Barrios, se refiri\u00f3 a esta oportunidad de participar de las internas del pr\u00f3ximo mes,<em> \u201cLa verdad que con mucha alegr\u00eda y una gran sorpresa, las elecciones pasadas me postule para Candidato a Intendente y la decisi\u00f3n pol\u00edtica del partido fue que no haya internas. Y como sabr\u00e1s hoy tiene la particularidad que somos el \u00fanico distrito gobernado por el Frente de Todos, por el Peronismo, y que permiti\u00f3 las internas.<\/em><br \/>\n<em> As\u00ed que en su momento repudie cuando nos prohibieron la participaci\u00f3n y plantee la decisi\u00f3n pol\u00edtica de del Intendente en su momento, hoy reconozco la pluralidad y la oportunidad que nos dieron\u201d.<\/em><\/p>\n<p>Adem\u00e1s, Barrios se refiri\u00f3 a que el resto de las listas tienen los mismos nombres desde hace m\u00e1s de 20 a\u00f1os, <em>\u201cLa verdad que lo que nosotros venimos planteando en esta interna es algo muy sencillo, una lista que encabeza Roque, que la acompa\u00f1a Pino, gente de Mansilla, los mismos de siempre, nombres que venimos escuchando hace 20 a\u00f1os. Pero la segunda lista, es lo mismo\u201d.<\/em><\/p>\n<p>La lista que encabeza Rodrigo Barrios cuenta con referentes de organizaciones sociales y comunitarios, as\u00ed lo explic\u00f3 <em>\u201cEs una lista que est\u00e1 conformada por compa\u00f1eros y compa\u00f1eras que trabajamos todos los d\u00edas; (\u2026) somos una organizaci\u00f3n que hace m\u00e1s de 10 a\u00f1os que viene trabajando en el distrito, que venimos conformando cooperativas de trabajo, venimos armando personer\u00edas jur\u00eddicas que nos permiten gestionar proyectos de naci\u00f3n y provincia y todo esta comandado por integrantes y personas. Y luego tambi\u00e9n reconocer y poner en valor el trabajo de los merenderos y los comedores del territorio, y que son vecinos y vecinas que tienen un mont\u00f3n de cosas para aportar y que esta bueno que est\u00e9n en la esfera electoral. As\u00ed que la decisi\u00f3n fue poner en la lista vecinos y vecinas que trabajen todos los d\u00edas sin tener alg\u00fan cargo p\u00fablico, sin tener alguna responsabilidad m\u00e1s que la del compromiso\u201d.<\/em><\/p>\n<p>Finalmente, Rodrigo Barrios, describi\u00f3 que las expectativas son positivas,<em> \u201cLas expectativas que tenemos son un mont\u00f3n, justamente porque creemos que si logramos llegar al vecino o a la vecina y explicarle que nosotros somos distintos, que representamos al Peronismo, que nunca nos bajamos de la bandera de N\u00e9stor y Cristina pero que no somos parte del gobierno municipal, que somos muy cr\u00edticos y que hemos realizado muchas propuestas y hemos hecho muchas cosas en el distrito, nos va a permitir hacer una buena elecci\u00f3n. La verdad es que con el tema de la pandemia es una campa\u00f1a muy corta, esta semana empieza el relojito y queda un mes no m\u00e1s.<\/em><br \/>\n<em> As\u00ed que las expectativas son altas, tenemos mucha confianza, estamos trabajando todos los d\u00edas, estamos realizando visitas a las familias, estamos trabajando en material gr\u00e1fico\u00a0y las redes y poder llegar y tambi\u00e9n estamos trabajando mucho en la propuestas porque algo que tambi\u00e9n queremos escuchar son las propuestas y permitir este tiempo de campa\u00f1a para dejar algo porque la verdad que las otras listas lo \u00fanico que viven diciendo es acompa\u00f1ando la gesti\u00f3n de Mario Ishii\u201d.<\/em><\/p>\n<p>Las elecciones Primarias, Abiertas, Simult\u00e1neas y Obligatorias \u2013 PASO &#8211; \u00a0se realizar\u00e1n el 12 de septiembre.<\/p>\n<p>Compartimos la entrevista completa<\/p>\n<p><a href=\"https:\/\/archive.org\/details\/audio-rodrigo-barrios-09-08-2021\">Descargar<\/a><\/p>\n<audio class=\"wp-audio-shortcode\" id=\"audio-3802-2\" preload=\"none\" style=\"width: 100%;\" controls=\"controls\"><source type=\"audio\/mpeg\" src=\"https:\/\/archive.org\/download\/audio-rodrigo-barrios-09-08-2021\/AUDIO%20-%20RODRIGO%20BARRIOS%2009%2008%202021.mp3?_=2\" \/><a href=\"https:\/\/archive.org\/download\/audio-rodrigo-barrios-09-08-2021\/AUDIO%20-%20RODRIGO%20BARRIOS%2009%2008%202021.mp3\">https:\/\/archive.org\/download\/audio-rodrigo-barrios-09-08-2021\/AUDIO%20-%20RODRIGO%20BARRIOS%2009%2008%202021.mp3<\/a><\/audio>\n<div class=\"powerpress_player\" id=\"powerpress_player_5410\"><audio class=\"wp-audio-shortcode\" id=\"audio-3802-1\" preload=\"none\" style=\"width: 100%;\" controls=\"controls\"><source type=\"audio\/mpeg\" src=\"https:\/\/archive.org\/download\/audio-rodrigo-barrios-09-08-2021\/AUDIO%20-%20RODRIGO%20BARRIOS%2009%2008%202021.mp3?_=1\" \/><a href=\"https:\/\/archive.org\/download\/audio-rodrigo-barrios-09-08-2021\/AUDIO%20-%20RODRIGO%20BARRIOS%2009%2008%202021.mp3\">https:\/\/archive.org\/download\/audio-rodrigo-barrios-09-08-2021\/AUDIO%20-%20RODRIGO%20BARRIOS%2009%2008%202021.mp3<\/a><\/audio><\/div><p class=\"powerpress_links powerpress_links_mp3\" style=\"margin-bottom: 1px !important;\">Podcast: <a href=\"https:\/\/archive.org\/download\/audio-rodrigo-barrios-09-08-2021\/AUDIO%20-%20RODRIGO%20BARRIOS%2009%2008%202021.mp3\" class=\"powerpress_link_pinw\" target=\"_blank\" title=\"Reproducir en una nueva ventana\" onclick=\"return powerpress_pinw('https:\/\/fmtinkunaco.ar\/?powerpress_pinw=3802-podcast');\" rel=\"nofollow\">Reproducir en una nueva ventana<\/a> | <a href=\"https:\/\/archive.org\/download\/audio-rodrigo-barrios-09-08-2021\/AUDIO%20-%20RODRIGO%20BARRIOS%2009%2008%202021.mp3\" class=\"powerpress_link_d\" title=\"Descargar\" rel=\"nofollow\" download=\"AUDIO%20-%20RODRIGO%20BARRIOS%2009%2008%202021.mp3\">Descargar<\/a><\/p>","protected":false},"excerpt":{"rendered":"<p>Rodrigo Facundo Barrios encabeza como primer precandidato a concejal una de las listas que pelear\u00e1 la interna del Frente de Todos en el municipio de Jos\u00e9. C. Paz. Con m\u00e1s de 10 a\u00f1os de militancia junto a organizaciones sociales que hoy conforman la lista, en las \u00faltimas elecciones Barrios present\u00f3 una lista que fue rechazada [&hellip;]<\/p>\n","protected":false},"author":1,"featured_media":3803,"comment_status":"open","ping_status":"open","sticky":false,"template":"","format":"standard","meta":{"footnotes":""},"categories":[9],"tags":[225,257,337,389],"class_list":["post-3802","post","type-post","status-publish","format-standard","has-post-thumbnail","hentry","category-sociedad","tag-frente-de-todos","tag-internas","tag-municipio-de-jose-c-paz","tag-paso"],"_links":{"self":[{"href":"https:\/\/fmtinkunaco.ar\/index.php?rest_route=\/wp\/v2\/posts\/3802","targetHints":{"allow":["GET"]}}],"collection":[{"href":"https:\/\/fmtinkunaco.ar\/index.php?rest_route=\/wp\/v2\/posts"}],"about":[{"href":"https:\/\/fmtinkunaco.ar\/index.php?rest_route=\/wp\/v2\/types\/post"}],"author":[{"embeddable":true,"href":"https:\/\/fmtinkunaco.ar\/index.php?rest_route=\/wp\/v2\/users\/1"}],"replies":[{"embeddable":true,"href":"https:\/\/fmtinkunaco.ar\/index.php?rest_route=%2Fwp%2Fv2%2Fcomments&post=3802"}],"version-history":[{"count":0,"href":"https:\/\/fmtinkunaco.ar\/index.php?rest_route=\/wp\/v2\/posts\/3802\/revisions"}],"wp:featuredmedia":[{"embeddable":true,"href":"https:\/\/fmtinkunaco.ar\/index.php?rest_route=\/"}],"wp:attachment":[{"href":"https:\/\/fmtinkunaco.ar\/index.php?rest_route=%2Fwp%2Fv2%2Fmedia&parent=3802"}],"wp:term":[{"taxonomy":"category","embeddable":true,"href":"https:\/\/fmtinkunaco.ar\/index.php?rest_route=%2Fwp%2Fv2%2Fcategories&post=3802"},{"taxonomy":"post_tag","embeddable":true,"href":"https:\/\/fmtinkunaco.ar\/index.php?rest_route=%2Fwp%2Fv2%2Ftags&post=3802"}],"curies":[{"name":"wp","href":"https:\/\/api.w.org\/{rel}","templated":true}]}}