{"id":3806,"date":"2021-08-09T14:20:26","date_gmt":"2021-08-09T17:20:26","guid":{"rendered":"http:\/\/fmtinkunaco.com.ar\/?p=3806"},"modified":"2021-08-09T14:20:26","modified_gmt":"2021-08-09T17:20:26","slug":"marcha-a-plaza-de-mayo-por-tierra-techo-y-trabajo","status":"publish","type":"post","link":"https:\/\/fmtinkunaco.ar\/?p=3806","title":{"rendered":"Marcha a Plaza de Mayo por \u201cTierra, Techo y Trabajo\u201d"},"content":{"rendered":"<p>El pasado s\u00e1bado 7 de agosto, organizaciones nucleadas en la Uni\u00f3n de Trabajadores y Trabajadoras de la Econom\u00eda Popular (UTEP) protagonizaron una nueva marcha por Tierra, Techo y Trabajo en el marco del D\u00eda de San Cayetano.<\/p>\n<p>Las organizaciones, en principio, se concentraron en el Santuario de San Cayetano en Liniers y luego se movilizaron a Plaza de Mayo.<\/p>\n<p>En di\u00e1logo con el programa radial \u201cEncuentro con las Noticia\u201d, Orlando Trejo, \u00a0referente de la Corriente Pol\u00edtica y Social 25 de Mayo de Malvinas Argentinas, detall\u00f3 los reclamos y las propuestas que los movimientos sociales llevaron a Plaza de Mayo, <em>\u201cHoy la pobreza esta en el extremo en las mayor\u00edas populares, el reclamo del Salario B\u00e1sico Universal est\u00e1 proponiendo un piso de ingreso destinado al conjunto de la poblaci\u00f3n. (\u2026) Nosotros no representamos y no nos interesan en absoluto planes sociales, ni bonos de contenci\u00f3n, queremos que la pol\u00edtica ponga en agenda el reconocimiento a los trabajadores comunitarios, donde se pueda cobrar el aguinaldo, las vacaciones, la obra social, poder acceder a cr\u00e9ditos bancarios para las unidades productivas pero lo fundamental esta contabilizado, hay una estad\u00edstica, que hay m\u00e1s de 7 millones de trabajadores en la l\u00ednea de la pobreza, la Utep contiene a un mill\u00f3n de trabajadores no m\u00e1s\u201d.<\/em><\/p>\n<p>Trejo, adem\u00e1s, describi\u00f3 la situaci\u00f3n de los compa\u00f1eros y las compa\u00f1eras que forman parte de la corriente pol\u00edtica y social 25 de mayo, <em>\u201cNosotros tenemos una\u00a0 composici\u00f3n de 350 compa\u00f1eros ac\u00e1 en Malvinas Argentinas, en la 25 de Mayo, y la mayor\u00eda de los compa\u00f1eros no tiene obra social\u201d.<\/em><\/p>\n<p>Las consignas este a\u00f1o fueron \u00abTierra, Techo y Trabajo\u00bb y se sumaron los reclamos puntuales de las organizaciones:<\/p>\n<p>&#8211; El Salario B\u00e1sico Universal<\/p>\n<p>&#8211; Protecci\u00f3n de Cinturones Verdes<\/p>\n<p>&#8211; Ley de Envases con Inclusi\u00f3n Social<\/p>\n<p>&#8211; Ley de Situaci\u00f3n de Calle y Familias Sin Techo<\/p>\n<p>&#8211; Ley de G\u00f3ndolas<\/p>\n<p>&#8211; Ley de Tierra, techo y Trabajo<\/p>\n<p>&#8211; Pesca Artesanal<\/p>\n<p>&#8211; Abordaje Integral de la Econom\u00eda Popular<\/p>\n<p>&#8211; Tierra a los Polos Productivos<\/p>\n<p>&#8211; Urbanizaci\u00f3n de los Barrios Populares<\/p>\n<p>&#8211; Ley Integral de Cuidados Comunitarios<\/p>\n<p>&#8211; Reparaci\u00f3n hist\u00f3rica de la agricultura familiar e ind\u00edgena para una nueva ruralidad en la Argentina.<\/p>\n<p>Compartimos la entrevista completa<\/p>\n<p><a href=\"https:\/\/archive.org\/details\/audio-orlando-trejo-09-08-2021\">Descargar<\/a><\/p>\n<p>&nbsp;<\/p>\n<audio class=\"wp-audio-shortcode\" id=\"audio-3806-2\" preload=\"none\" style=\"width: 100%;\" controls=\"controls\"><source type=\"audio\/mpeg\" src=\"https:\/\/archive.org\/download\/audio-orlando-trejo-09-08-2021\/AUDIO%20-%20ORLANDO%20TREJO%2009%2008%202021.mp3?_=2\" \/><a href=\"https:\/\/archive.org\/download\/audio-orlando-trejo-09-08-2021\/AUDIO%20-%20ORLANDO%20TREJO%2009%2008%202021.mp3\">https:\/\/archive.org\/download\/audio-orlando-trejo-09-08-2021\/AUDIO%20-%20ORLANDO%20TREJO%2009%2008%202021.mp3<\/a><\/audio>\n<div class=\"powerpress_player\" id=\"powerpress_player_9931\"><audio class=\"wp-audio-shortcode\" id=\"audio-3806-1\" preload=\"none\" style=\"width: 100%;\" controls=\"controls\"><source type=\"audio\/mpeg\" src=\"https:\/\/archive.org\/download\/audio-orlando-trejo-09-08-2021\/AUDIO%20-%20ORLANDO%20TREJO%2009%2008%202021.mp3?_=1\" \/><a href=\"https:\/\/archive.org\/download\/audio-orlando-trejo-09-08-2021\/AUDIO%20-%20ORLANDO%20TREJO%2009%2008%202021.mp3\">https:\/\/archive.org\/download\/audio-orlando-trejo-09-08-2021\/AUDIO%20-%20ORLANDO%20TREJO%2009%2008%202021.mp3<\/a><\/audio><\/div><p class=\"powerpress_links powerpress_links_mp3\" style=\"margin-bottom: 1px !important;\">Podcast: <a href=\"https:\/\/archive.org\/download\/audio-orlando-trejo-09-08-2021\/AUDIO%20-%20ORLANDO%20TREJO%2009%2008%202021.mp3\" class=\"powerpress_link_pinw\" target=\"_blank\" title=\"Reproducir en una nueva ventana\" onclick=\"return powerpress_pinw('https:\/\/fmtinkunaco.ar\/?powerpress_pinw=3806-podcast');\" rel=\"nofollow\">Reproducir en una nueva ventana<\/a> | <a href=\"https:\/\/archive.org\/download\/audio-orlando-trejo-09-08-2021\/AUDIO%20-%20ORLANDO%20TREJO%2009%2008%202021.mp3\" class=\"powerpress_link_d\" title=\"Descargar\" rel=\"nofollow\" download=\"AUDIO%20-%20ORLANDO%20TREJO%2009%2008%202021.mp3\">Descargar<\/a><\/p>","protected":false},"excerpt":{"rendered":"<p>El pasado s\u00e1bado 7 de agosto, organizaciones nucleadas en la Uni\u00f3n de Trabajadores y Trabajadoras de la Econom\u00eda Popular (UTEP) protagonizaron una nueva marcha por Tierra, Techo y Trabajo en el marco del D\u00eda de San Cayetano. Las organizaciones, en principio, se concentraron en el Santuario de San Cayetano en Liniers y luego se movilizaron [&hellip;]<\/p>\n","protected":false},"author":1,"featured_media":3807,"comment_status":"open","ping_status":"open","sticky":false,"template":"","format":"standard","meta":{"footnotes":""},"categories":[4,9],"tags":[22,477,506],"class_list":["post-3806","post","type-post","status-publish","format-standard","has-post-thumbnail","hentry","category-derechos-humanos","category-sociedad","tag-7-de-agosto","tag-tierra-techo-y-trabajo","tag-utep"],"_links":{"self":[{"href":"https:\/\/fmtinkunaco.ar\/index.php?rest_route=\/wp\/v2\/posts\/3806","targetHints":{"allow":["GET"]}}],"collection":[{"href":"https:\/\/fmtinkunaco.ar\/index.php?rest_route=\/wp\/v2\/posts"}],"about":[{"href":"https:\/\/fmtinkunaco.ar\/index.php?rest_route=\/wp\/v2\/types\/post"}],"author":[{"embeddable":true,"href":"https:\/\/fmtinkunaco.ar\/index.php?rest_route=\/wp\/v2\/users\/1"}],"replies":[{"embeddable":true,"href":"https:\/\/fmtinkunaco.ar\/index.php?rest_route=%2Fwp%2Fv2%2Fcomments&post=3806"}],"version-history":[{"count":0,"href":"https:\/\/fmtinkunaco.ar\/index.php?rest_route=\/wp\/v2\/posts\/3806\/revisions"}],"wp:featuredmedia":[{"embeddable":true,"href":"https:\/\/fmtinkunaco.ar\/index.php?rest_route=\/"}],"wp:attachment":[{"href":"https:\/\/fmtinkunaco.ar\/index.php?rest_route=%2Fwp%2Fv2%2Fmedia&parent=3806"}],"wp:term":[{"taxonomy":"category","embeddable":true,"href":"https:\/\/fmtinkunaco.ar\/index.php?rest_route=%2Fwp%2Fv2%2Fcategories&post=3806"},{"taxonomy":"post_tag","embeddable":true,"href":"https:\/\/fmtinkunaco.ar\/index.php?rest_route=%2Fwp%2Fv2%2Ftags&post=3806"}],"curies":[{"name":"wp","href":"https:\/\/api.w.org\/{rel}","templated":true}]}}