{"id":3824,"date":"2021-08-12T14:15:43","date_gmt":"2021-08-12T17:15:43","guid":{"rendered":"http:\/\/fmtinkunaco.com.ar\/?p=3824"},"modified":"2021-08-12T14:15:43","modified_gmt":"2021-08-12T17:15:43","slug":"la-organizacion-ambientalistas-autoconvocados-espera-respuestas-por-la-causa-judicial-del-rio-lujan","status":"publish","type":"post","link":"https:\/\/fmtinkunaco.ar\/?p=3824","title":{"rendered":"La\u00a0Organizaci\u00f3n\u00a0Ambientalistas Autoconvocados espera respuestas por la Causa Judicial del R\u00edo Luj\u00e1n"},"content":{"rendered":"<p>La\u00a0Organizaci\u00f3n\u00a0Ambientalistas Autoconvocados present\u00f3 hace m\u00e1s de dos meses una cautelar en la Suprema Corte de Justicia con el objetivo de suspender las obras que se est\u00e1n llevando adelante en la Cuenca del R\u00edo Luj\u00e1n. Estas obras buscan modificar el cauce natural del R\u00edo, enderez\u00e1ndolo y ensanch\u00e1ndolo.<\/p>\n<p>S\u00ed bien, las y los ambientalista sostienen que esta obra tiene un fin noble, sostienen que no se han realizado las audiencias p\u00fablicas necesarias, ni se han analizado los impactos de estas obras de manera conjunta.<\/p>\n<p>En di\u00e1logo con el programa radial \u201cEncuentro con las Noticias\u201d, Cristian Fern\u00e1ndez, Abogado que lleva adelante la causa por Ambientalistas Autoconvocados, se refiri\u00f3 a las principales exigencias que realiza el espacio, <em>\u201cEn esta causa lo que se plantea es que no hubo una audiencia p\u00fablica en la que se permita debatir, justamente, los impactos de la obra y as\u00ed mismo lo que se est\u00e1 planteando es que en realidad se presentaran distintos estudios de impacto ambiental por cada tramo de la obra en lugar de hacer un impacto acumulativo de lo que va a ser toda la obra. (\u2026) Un estudio de impacto ambiental es un an\u00e1lisis de riesgos con un costado cient\u00edfico y con un costado pol\u00edtico pero ese an\u00e1lisis de riesgo lo que es busca es dar la mayor informaci\u00f3n posible para tomar una decisi\u00f3n que sea lo menos lesiva para el ambiente, para el entorno, para el paisaje, para las aves, para los humedales que es lo que est\u00e1 aqu\u00ed en juego\u201d.<\/em><\/p>\n<p>Fern\u00e1ndez, explico y describi\u00f3 el estado actual de la causa y en qu\u00e9 etapa se encuentra, <em>\u201cLa causa tiene un dictamen de la Procuraci\u00f3n General de la Procuradora Fiscal Laura Monti que desaconseja que la Corte tome esta causa, dice esto no es competencia originaria de la Corte; nosotros hicimos un planteo que entendemos que hay un bien ambiental jurisdiccional en juego, ella dice que esto no es competencia originaria de la Corte, le recomienda a la Corte no tomar el caso con argumentos sumamente formales que no hacen a la sustancia y al debate de fondo que es el da\u00f1o irreversible al ambiente, en este caso al R\u00edo, que se puede provocar. Frente a eso, el expediente estaba en la Secretaria de Juicios Originarios de la Corte y la Secretar\u00eda lo pas\u00f3 a la Secretar\u00eda de Juicios Ambientales; es decir, hoy por hoy est\u00e1 el expediente siendo examinado por Juicios Ambientales que es la que nosotros entendemos que debe intervenir\u201d.<\/em><\/p>\n<p>Mientras se esperan respuestas competentes, \u00a0las obras de la Cuenca que atraviesa cerca de 15 municipios avanzan sin saber cu\u00e1les ser\u00e1n las consecuencias.<\/p>\n<p>Finalmente, Cristian Fern\u00e1ndez, remarc\u00f3 que tienen esperanzas que las respuestas sean positivas y respalden su lucha, <em>\u201cLo cierto es que la Corte tiene toda una historia jurisprudencial de que a pesar de que, supongamos, que le den la raz\u00f3n a la Procuradora Fiscal de que no haya competencia de la Corte, de todas maneras todas las veces que la Corte se ha declarado incompetente ha dictado una medida cautelar para proteger el bien ambiental en juego, en este caso el R\u00edo, con lo cual tenemos esperanzas de que en este caso suceda exactamente lo mismo\u201d.<\/em><\/p>\n<p>Compartimos la entrevista completa<\/p>\n<p><a href=\"https:\/\/archive.org\/details\/audio-cristian-fernandez-abogado-rio-lujan-12-08-2021\">Descargar<\/a><\/p>\n<p>&nbsp;<\/p>\n<audio class=\"wp-audio-shortcode\" id=\"audio-3824-2\" preload=\"none\" style=\"width: 100%;\" controls=\"controls\"><source type=\"audio\/mpeg\" src=\"https:\/\/archive.org\/download\/audio-cristian-fernandez-abogado-rio-lujan-12-08-2021\/AUDIO%20-%20CRISTIAN%20FERNANDEZ%20%28ABOGADO%20RIO%20LUJAN%29%2012%2008%202021.mp3?_=2\" \/><a href=\"https:\/\/archive.org\/download\/audio-cristian-fernandez-abogado-rio-lujan-12-08-2021\/AUDIO%20-%20CRISTIAN%20FERNANDEZ%20%28ABOGADO%20RIO%20LUJAN%29%2012%2008%202021.mp3\">https:\/\/archive.org\/download\/audio-cristian-fernandez-abogado-rio-lujan-12-08-2021\/AUDIO%20-%20CRISTIAN%20FERNANDEZ%20%28ABOGADO%20RIO%20LUJAN%29%2012%2008%202021.mp3<\/a><\/audio>\n<div class=\"powerpress_player\" id=\"powerpress_player_6542\"><audio class=\"wp-audio-shortcode\" id=\"audio-3824-1\" preload=\"none\" style=\"width: 100%;\" controls=\"controls\"><source type=\"audio\/mpeg\" src=\"https:\/\/archive.org\/download\/audio-cristian-fernandez-abogado-rio-lujan-12-08-2021\/AUDIO%20-%20CRISTIAN%20FERNANDEZ%20%28ABOGADO%20RIO%20LUJAN%29%2012%2008%202021.mp3?_=1\" \/><a href=\"https:\/\/archive.org\/download\/audio-cristian-fernandez-abogado-rio-lujan-12-08-2021\/AUDIO%20-%20CRISTIAN%20FERNANDEZ%20%28ABOGADO%20RIO%20LUJAN%29%2012%2008%202021.mp3\">https:\/\/archive.org\/download\/audio-cristian-fernandez-abogado-rio-lujan-12-08-2021\/AUDIO%20-%20CRISTIAN%20FERNANDEZ%20%28ABOGADO%20RIO%20LUJAN%29%2012%2008%202021.mp3<\/a><\/audio><\/div><p class=\"powerpress_links powerpress_links_mp3\" style=\"margin-bottom: 1px !important;\">Podcast: <a href=\"https:\/\/archive.org\/download\/audio-cristian-fernandez-abogado-rio-lujan-12-08-2021\/AUDIO%20-%20CRISTIAN%20FERNANDEZ%20%28ABOGADO%20RIO%20LUJAN%29%2012%2008%202021.mp3\" class=\"powerpress_link_pinw\" target=\"_blank\" title=\"Reproducir en una nueva ventana\" onclick=\"return powerpress_pinw('https:\/\/fmtinkunaco.ar\/?powerpress_pinw=3824-podcast');\" rel=\"nofollow\">Reproducir en una nueva ventana<\/a> | <a href=\"https:\/\/archive.org\/download\/audio-cristian-fernandez-abogado-rio-lujan-12-08-2021\/AUDIO%20-%20CRISTIAN%20FERNANDEZ%20%28ABOGADO%20RIO%20LUJAN%29%2012%2008%202021.mp3\" class=\"powerpress_link_d\" title=\"Descargar\" rel=\"nofollow\" download=\"AUDIO%20-%20CRISTIAN%20FERNANDEZ%20%28ABOGADO%20RIO%20LUJAN%29%2012%2008%202021.mp3\">Descargar<\/a><\/p>","protected":false},"excerpt":{"rendered":"<p>La\u00a0Organizaci\u00f3n\u00a0Ambientalistas Autoconvocados present\u00f3 hace m\u00e1s de dos meses una cautelar en la Suprema Corte de Justicia con el objetivo de suspender las obras que se est\u00e1n llevando adelante en la Cuenca del R\u00edo Luj\u00e1n. Estas obras buscan modificar el cauce natural del R\u00edo, enderez\u00e1ndolo y ensanch\u00e1ndolo. S\u00ed bien, las y los ambientalista sostienen que esta [&hellip;]<\/p>\n","protected":false},"author":1,"featured_media":2438,"comment_status":"open","ping_status":"open","sticky":false,"template":"","format":"standard","meta":{"footnotes":""},"categories":[2,9],"tags":[35,88,141,358],"class_list":["post-3824","post","type-post","status-publish","format-standard","has-post-thumbnail","hentry","category-ambiente","category-sociedad","tag-ambientalistas-autoconvocados","tag-cautelar","tag-cuenca-rio-lujan","tag-obras-en-el-rio-lujan"],"_links":{"self":[{"href":"https:\/\/fmtinkunaco.ar\/index.php?rest_route=\/wp\/v2\/posts\/3824","targetHints":{"allow":["GET"]}}],"collection":[{"href":"https:\/\/fmtinkunaco.ar\/index.php?rest_route=\/wp\/v2\/posts"}],"about":[{"href":"https:\/\/fmtinkunaco.ar\/index.php?rest_route=\/wp\/v2\/types\/post"}],"author":[{"embeddable":true,"href":"https:\/\/fmtinkunaco.ar\/index.php?rest_route=\/wp\/v2\/users\/1"}],"replies":[{"embeddable":true,"href":"https:\/\/fmtinkunaco.ar\/index.php?rest_route=%2Fwp%2Fv2%2Fcomments&post=3824"}],"version-history":[{"count":0,"href":"https:\/\/fmtinkunaco.ar\/index.php?rest_route=\/wp\/v2\/posts\/3824\/revisions"}],"wp:featuredmedia":[{"embeddable":true,"href":"https:\/\/fmtinkunaco.ar\/index.php?rest_route=\/"}],"wp:attachment":[{"href":"https:\/\/fmtinkunaco.ar\/index.php?rest_route=%2Fwp%2Fv2%2Fmedia&parent=3824"}],"wp:term":[{"taxonomy":"category","embeddable":true,"href":"https:\/\/fmtinkunaco.ar\/index.php?rest_route=%2Fwp%2Fv2%2Fcategories&post=3824"},{"taxonomy":"post_tag","embeddable":true,"href":"https:\/\/fmtinkunaco.ar\/index.php?rest_route=%2Fwp%2Fv2%2Ftags&post=3824"}],"curies":[{"name":"wp","href":"https:\/\/api.w.org\/{rel}","templated":true}]}}