{"id":3826,"date":"2021-08-13T10:07:17","date_gmt":"2021-08-13T13:07:17","guid":{"rendered":"http:\/\/fmtinkunaco.com.ar\/?p=3826"},"modified":"2021-08-13T10:07:17","modified_gmt":"2021-08-13T13:07:17","slug":"se-inauguro-una-sede-de-anses-en-la-localidad-de-presidente-derqui","status":"publish","type":"post","link":"https:\/\/fmtinkunaco.ar\/?p=3826","title":{"rendered":"Se inaugur\u00f3 una sede de ANSES en la localidad de Presidente Derqui"},"content":{"rendered":"<p>En el d\u00eda de ayer, se inaugur\u00f3 una sede de ANSES en la localidad pilarense de Presidente Derqui con la presencia del intendente Federico Ach\u00e1val, Fernanda Raverta, M\u00e1ximo Kirchner y Santiago Laurent, precandidato a concejal por el Frente de Todos.<\/p>\n<p>Esta sede de ANSES es una demanda hist\u00f3rica de los vecinos y las vecinas derquinas que deb\u00edan movilizarse para realizar cualquier tipo de tr\u00e1mite a la dependencia m\u00e1s cercana de ANSES que funcionaba en Pilar centro.<\/p>\n<p>La ANSES derquina funciona en el edificio en que llevaba adelante sus actividades la sala de primeros auxilios del centro de la localidad \u2013 ubicada entre las calles San Mart\u00edn y Sarmiento.<\/p>\n<p>En di\u00e1logo con la FM Tinkunaco, Valeria Schirripa, Jefa de la Unidad de Atenci\u00f3n Integral de ANSES en Derqui, se refiri\u00f3 a la inauguraci\u00f3n <em>\u201cEs un logro impresionante para los vecinos de Derqui. A partir del d\u00eda martes vamos a estar brind\u00e1ndoles los turnos para que puedan acercarse a la UDAI y hacer los tr\u00e1mites mucho m\u00e1s cerca de casa. (\u2026) Esperamos poder brindarles el mejor servicio posible y ac\u00e9rquense que ya tenemos la posibilidad los derquinos de tener ANSES en nuestra localidad\u201d.<\/em><\/p>\n<p>S\u00ed bien a partir del martes que viene comienzan a generar los turnos, a partir de hoy ya atienden a personas que se acercan a demanda.<\/p>\n<p>Los turnos se pueden generar de manera online o las personas pueden acercarse a la dependencia y all\u00ed pueden solicitarlos.<\/p>\n<p>El horario de atenci\u00f3n ser\u00e1 de lunes a viernes de 8.30hs a 14.30hs.<\/p>\n<p>Compartimos la entrevista completa<\/p>\n<p><a href=\"https:\/\/archive.org\/details\/audio-valeria-schirripa-anses-13-08\">Descargar<\/a><\/p>\n<p>&nbsp;<\/p>\n<audio class=\"wp-audio-shortcode\" id=\"audio-3826-2\" preload=\"none\" style=\"width: 100%;\" controls=\"controls\"><source type=\"audio\/mpeg\" src=\"https:\/\/archive.org\/download\/audio-valeria-schirripa-anses-13-08\/AUDIO%20-%20VALERIA%20SCHIRRIPA%20%28ANSES%29%2013%2008.mp3?_=2\" \/><a href=\"https:\/\/archive.org\/download\/audio-valeria-schirripa-anses-13-08\/AUDIO%20-%20VALERIA%20SCHIRRIPA%20%28ANSES%29%2013%2008.mp3\">https:\/\/archive.org\/download\/audio-valeria-schirripa-anses-13-08\/AUDIO%20-%20VALERIA%20SCHIRRIPA%20%28ANSES%29%2013%2008.mp3<\/a><\/audio>\n<div class=\"powerpress_player\" id=\"powerpress_player_2311\"><audio class=\"wp-audio-shortcode\" id=\"audio-3826-1\" preload=\"none\" style=\"width: 100%;\" controls=\"controls\"><source type=\"audio\/mpeg\" src=\"https:\/\/archive.org\/download\/audio-valeria-schirripa-anses-13-08\/AUDIO%20-%20VALERIA%20SCHIRRIPA%20%28ANSES%29%2013%2008.mp3?_=1\" \/><a href=\"https:\/\/archive.org\/download\/audio-valeria-schirripa-anses-13-08\/AUDIO%20-%20VALERIA%20SCHIRRIPA%20%28ANSES%29%2013%2008.mp3\">https:\/\/archive.org\/download\/audio-valeria-schirripa-anses-13-08\/AUDIO%20-%20VALERIA%20SCHIRRIPA%20%28ANSES%29%2013%2008.mp3<\/a><\/audio><\/div><p class=\"powerpress_links powerpress_links_mp3\" style=\"margin-bottom: 1px !important;\">Podcast: <a href=\"https:\/\/archive.org\/download\/audio-valeria-schirripa-anses-13-08\/AUDIO%20-%20VALERIA%20SCHIRRIPA%20%28ANSES%29%2013%2008.mp3\" class=\"powerpress_link_pinw\" target=\"_blank\" title=\"Reproducir en una nueva ventana\" onclick=\"return powerpress_pinw('https:\/\/fmtinkunaco.ar\/?powerpress_pinw=3826-podcast');\" rel=\"nofollow\">Reproducir en una nueva ventana<\/a> | <a href=\"https:\/\/archive.org\/download\/audio-valeria-schirripa-anses-13-08\/AUDIO%20-%20VALERIA%20SCHIRRIPA%20%28ANSES%29%2013%2008.mp3\" class=\"powerpress_link_d\" title=\"Descargar\" rel=\"nofollow\" download=\"AUDIO%20-%20VALERIA%20SCHIRRIPA%20%28ANSES%29%2013%2008.mp3\">Descargar<\/a><\/p>","protected":false},"excerpt":{"rendered":"<p>En el d\u00eda de ayer, se inaugur\u00f3 una sede de ANSES en la localidad pilarense de Presidente Derqui con la presencia del intendente Federico Ach\u00e1val, Fernanda Raverta, M\u00e1ximo Kirchner y Santiago Laurent, precandidato a concejal por el Frente de Todos. Esta sede de ANSES es una demanda hist\u00f3rica de los vecinos y las vecinas derquinas [&hellip;]<\/p>\n","protected":false},"author":1,"featured_media":3827,"comment_status":"open","ping_status":"open","sticky":false,"template":"","format":"standard","meta":{"footnotes":""},"categories":[4,9],"tags":[40,149,252,340],"class_list":["post-3826","post","type-post","status-publish","format-standard","has-post-thumbnail","hentry","category-derechos-humanos","category-sociedad","tag-anses","tag-derqui","tag-inauguracion","tag-municipio-de-pilar"],"_links":{"self":[{"href":"https:\/\/fmtinkunaco.ar\/index.php?rest_route=\/wp\/v2\/posts\/3826","targetHints":{"allow":["GET"]}}],"collection":[{"href":"https:\/\/fmtinkunaco.ar\/index.php?rest_route=\/wp\/v2\/posts"}],"about":[{"href":"https:\/\/fmtinkunaco.ar\/index.php?rest_route=\/wp\/v2\/types\/post"}],"author":[{"embeddable":true,"href":"https:\/\/fmtinkunaco.ar\/index.php?rest_route=\/wp\/v2\/users\/1"}],"replies":[{"embeddable":true,"href":"https:\/\/fmtinkunaco.ar\/index.php?rest_route=%2Fwp%2Fv2%2Fcomments&post=3826"}],"version-history":[{"count":0,"href":"https:\/\/fmtinkunaco.ar\/index.php?rest_route=\/wp\/v2\/posts\/3826\/revisions"}],"wp:featuredmedia":[{"embeddable":true,"href":"https:\/\/fmtinkunaco.ar\/index.php?rest_route=\/"}],"wp:attachment":[{"href":"https:\/\/fmtinkunaco.ar\/index.php?rest_route=%2Fwp%2Fv2%2Fmedia&parent=3826"}],"wp:term":[{"taxonomy":"category","embeddable":true,"href":"https:\/\/fmtinkunaco.ar\/index.php?rest_route=%2Fwp%2Fv2%2Fcategories&post=3826"},{"taxonomy":"post_tag","embeddable":true,"href":"https:\/\/fmtinkunaco.ar\/index.php?rest_route=%2Fwp%2Fv2%2Ftags&post=3826"}],"curies":[{"name":"wp","href":"https:\/\/api.w.org\/{rel}","templated":true}]}}