{"id":3837,"date":"2021-08-17T13:27:25","date_gmt":"2021-08-17T16:27:25","guid":{"rendered":"http:\/\/fmtinkunaco.com.ar\/?p=3837"},"modified":"2021-08-17T13:27:25","modified_gmt":"2021-08-17T16:27:25","slug":"palabritas-convoca-a-docentes-voluntarias-para-participar-del-proyecto","status":"publish","type":"post","link":"https:\/\/fmtinkunaco.ar\/?p=3837","title":{"rendered":"\u201cPalabritas\u201d convoca a docentes voluntarias para participar del proyecto"},"content":{"rendered":"<p>La Biblioteca Palabras del Alma acompa\u00f1a el proyecto <strong>\u201cPalabritas\u201d<\/strong>, espacio destinado a ni\u00f1as y ni\u00f1os de 3 a\u00f1os que quedan fuera de los jardines oficiales como consecuencia de la faltante de vacantes.<br \/>\nActualmente se encuentran en plena convocatoria a docentes voluntarias que se sumen a acompa\u00f1ar el proyecto.<\/p>\n<p>En di\u00e1logo con el programa radial \u201cEncuentro con las Noticias\u201d, Paola Nu\u00f1ez, Coordinadora del proyecto \u201cPalabritas\u201d de la Biblioteca Palabras del Alma, se refiri\u00f3 al surgimiento de esta proyecto y remarc\u00f3 la demanda, <em>\u201cPalabritas es un proyecto de salita de 3, de jard\u00edn de infantes, funciona en la Biblioteca Palabras del Alma a partir de la demanda que se dio en el Barrio Peruzzotti, Villa Verde, Pilar Sur. Cuenta a muy poquitas cuadras con un jard\u00edn pero en los \u00faltimos a\u00f1os la demanda crece y en el jard\u00edn oficial se van como priorizando la salita de 4 y 5 a\u00f1os para que los nenes mas grandes no pierdan su vacante y quedan relegados los ni\u00f1os de 3 a\u00f1os; entonces as\u00ed surgi\u00f3 el proyecto de palabritas en donde le da justamente el espacio a los nenes de 3 a\u00f1os para que tengan su jard\u00edn\u201d.<\/em><\/p>\n<p>Actualmente, cuarenta ni\u00f1os y ni\u00f1as asisten a \u201cPalabritas\u201d divididos en dos salas de 20 ni\u00f1as y ni\u00f1os y si bien no est\u00e1 reconocido como un jard\u00edn oficial, desarrolla todas sus actividades con los protocolos y medidas sanitarias necesarias. Trabajo en burbujas alternadas con la modalidad virtual y presencial.<\/p>\n<p>En este marco, y con el objetivo de conformar un equipo de trabajo que pueda sostener el espacio y que cada sala tenga una pareja de docentes, se lanz\u00f3 una convocatoria mediante redes sociales. As\u00ed lo explic\u00f3 Nu\u00f1ez, <em>\u201cEstamos buscando no solo docentes recibidos, si no personas que est\u00e9n estudiando el profesorado inicial o afin, que tengan sobretodo compromiso, muchas ganas de aportar a este proyecto que tiene Palabritas, que la bandera fuerte es dejar a estos chicos con la ense\u00f1anza, preparados para cuando inicie la salita de 4 en el jard\u00edn oficial. (\u2026) Buscamos personas que tengan ganas, que tengan compromiso, que si son de Pilar y alrededores bienvenido\u201d.<\/em><\/p>\n<p>S\u00ed te queres sumar al equipo de trabajo, te podes comunicar mediante redes sociales al instagram de \u201cPalabritas\u201d (@jardin.palabritas) o a trav\u00e9s del facebook de la Biblioteca Palabras del Alma (Biblioteca Palabras del Alma).<\/p>\n<p>Importante tenes en cuenta: se buscan docentes para sala de 3 en el turno tarde, trabajo de manera semi \u2013 presencial, trabajo voluntario no arancelado.<\/p>\n<p>Compartimos la entrevista completa<\/p>\n<p><a href=\"https:\/\/archive.org\/details\/audio-paola-nun-ez-17-08-2021\">Descargar<\/a><\/p>\n<p>&nbsp;<\/p>\n<audio class=\"wp-audio-shortcode\" id=\"audio-3837-2\" preload=\"none\" style=\"width: 100%;\" controls=\"controls\"><source type=\"audio\/mpeg\" src=\"https:\/\/archive.org\/download\/audio-paola-nun-ez-17-08-2021\/AUDIO%20-%20PAOLA%20NU%C3%91EZ%2017%2008%202021.mp3?_=2\" \/><a href=\"https:\/\/archive.org\/download\/audio-paola-nun-ez-17-08-2021\/AUDIO%20-%20PAOLA%20NU%C3%91EZ%2017%2008%202021.mp3\">https:\/\/archive.org\/download\/audio-paola-nun-ez-17-08-2021\/AUDIO%20-%20PAOLA%20NU%C3%91EZ%2017%2008%202021.mp3<\/a><\/audio>\n<p>&nbsp;<\/p>\n<div class=\"powerpress_player\" id=\"powerpress_player_7579\"><audio class=\"wp-audio-shortcode\" id=\"audio-3837-1\" preload=\"none\" style=\"width: 100%;\" controls=\"controls\"><source type=\"audio\/mpeg\" src=\"https:\/\/archive.org\/download\/audio-paola-nun-ez-17-08-2021\/AUDIO%20-%20PAOLA%20NU%C3%91EZ%2017%2008%202021.mp3?_=1\" \/><a href=\"https:\/\/archive.org\/download\/audio-paola-nun-ez-17-08-2021\/AUDIO%20-%20PAOLA%20NU%C3%91EZ%2017%2008%202021.mp3\">https:\/\/archive.org\/download\/audio-paola-nun-ez-17-08-2021\/AUDIO%20-%20PAOLA%20NU%C3%91EZ%2017%2008%202021.mp3<\/a><\/audio><\/div><p class=\"powerpress_links powerpress_links_mp3\" style=\"margin-bottom: 1px !important;\">Podcast: <a href=\"https:\/\/archive.org\/download\/audio-paola-nun-ez-17-08-2021\/AUDIO%20-%20PAOLA%20NU%C3%91EZ%2017%2008%202021.mp3\" class=\"powerpress_link_pinw\" target=\"_blank\" title=\"Reproducir en una nueva ventana\" onclick=\"return powerpress_pinw('https:\/\/fmtinkunaco.ar\/?powerpress_pinw=3837-podcast');\" rel=\"nofollow\">Reproducir en una nueva ventana<\/a> | <a href=\"https:\/\/archive.org\/download\/audio-paola-nun-ez-17-08-2021\/AUDIO%20-%20PAOLA%20NU%C3%91EZ%2017%2008%202021.mp3\" class=\"powerpress_link_d\" title=\"Descargar\" rel=\"nofollow\" download=\"AUDIO%20-%20PAOLA%20NU%C3%91EZ%2017%2008%202021.mp3\">Descargar<\/a><\/p>","protected":false},"excerpt":{"rendered":"<p>La Biblioteca Palabras del Alma acompa\u00f1a el proyecto \u201cPalabritas\u201d, espacio destinado a ni\u00f1as y ni\u00f1os de 3 a\u00f1os que quedan fuera de los jardines oficiales como consecuencia de la faltante de vacantes. Actualmente se encuentran en plena convocatoria a docentes voluntarias que se sumen a acompa\u00f1ar el proyecto. En di\u00e1logo con el programa radial \u201cEncuentro [&hellip;]<\/p>\n","protected":false},"author":1,"featured_media":3838,"comment_status":"open","ping_status":"open","sticky":false,"template":"","format":"standard","meta":{"footnotes":""},"categories":[5],"tags":[68,371,372],"class_list":["post-3837","post","type-post","status-publish","format-standard","has-post-thumbnail","hentry","category-educacion","tag-biblioteca-palabras-del-alma","tag-palabras-del-alma","tag-palabritas"],"_links":{"self":[{"href":"https:\/\/fmtinkunaco.ar\/index.php?rest_route=\/wp\/v2\/posts\/3837","targetHints":{"allow":["GET"]}}],"collection":[{"href":"https:\/\/fmtinkunaco.ar\/index.php?rest_route=\/wp\/v2\/posts"}],"about":[{"href":"https:\/\/fmtinkunaco.ar\/index.php?rest_route=\/wp\/v2\/types\/post"}],"author":[{"embeddable":true,"href":"https:\/\/fmtinkunaco.ar\/index.php?rest_route=\/wp\/v2\/users\/1"}],"replies":[{"embeddable":true,"href":"https:\/\/fmtinkunaco.ar\/index.php?rest_route=%2Fwp%2Fv2%2Fcomments&post=3837"}],"version-history":[{"count":0,"href":"https:\/\/fmtinkunaco.ar\/index.php?rest_route=\/wp\/v2\/posts\/3837\/revisions"}],"wp:featuredmedia":[{"embeddable":true,"href":"https:\/\/fmtinkunaco.ar\/index.php?rest_route=\/"}],"wp:attachment":[{"href":"https:\/\/fmtinkunaco.ar\/index.php?rest_route=%2Fwp%2Fv2%2Fmedia&parent=3837"}],"wp:term":[{"taxonomy":"category","embeddable":true,"href":"https:\/\/fmtinkunaco.ar\/index.php?rest_route=%2Fwp%2Fv2%2Fcategories&post=3837"},{"taxonomy":"post_tag","embeddable":true,"href":"https:\/\/fmtinkunaco.ar\/index.php?rest_route=%2Fwp%2Fv2%2Ftags&post=3837"}],"curies":[{"name":"wp","href":"https:\/\/api.w.org\/{rel}","templated":true}]}}