{"id":3843,"date":"2021-08-18T13:54:36","date_gmt":"2021-08-18T16:54:36","guid":{"rendered":"http:\/\/fmtinkunaco.com.ar\/?p=3843"},"modified":"2021-08-18T13:54:36","modified_gmt":"2021-08-18T16:54:36","slug":"fabian-dominguez-presenta-el-secreto-de-fatima-memoria-para-treinta-olvidos","status":"publish","type":"post","link":"https:\/\/fmtinkunaco.ar\/?p=3843","title":{"rendered":"Fabi\u00e1n Dom\u00ednguez presenta \u201cEl secreto de F\u00e1tima: Memoria para treinta olvidos\u201d"},"content":{"rendered":"<p>El Periodista, Docente e Historiador Fabi\u00e1n Dom\u00ednguez presentar\u00e1 <strong>\u201cEl secreto de F\u00e1tima: Memoria para treinta olvidos\u201d<\/strong> en el marco de una nueva conmemoraci\u00f3n de la Masacre de F\u00e1tima.<\/p>\n<p>El 20 de agosto de 1976, durante la dictadura c\u00edvica \u2013 militar y eclesi\u00e1stica en Argentina, suced\u00eda la aparici\u00f3n de treinta cuerpos dinamitados en la localidad de F\u00e1tima, Provincia de Buenos Aires.<\/p>\n<p>En di\u00e1logo con el programa radial \u201cEncuentro con las Noticias\u201d, Fabi\u00e1n Dom\u00ednguez, describi\u00f3 la investigaci\u00f3n que realiz\u00f3 a ra\u00edz del libro, <em>\u201cEs una investigaci\u00f3n dur\u00edsima en cuanto a lo que estas tratando de entender, que es el asesinato de 30 personas y adem\u00e1s del asesinato, la dinamitaci\u00f3n; los mataron y los dinamitaron.<\/em><br \/>\n<em> (\u2026) Lo que me sorprende\u00a0 a m\u00ed es que despu\u00e9s de 45 a\u00f1os no haya un libro que cuente esta masacre y es como una especie de estos cuentos de Edgar Allan Poe donde el objeto del asesinato o el objeto que se est\u00e1 investigando o se est\u00e1 buscando esta a la vista de todos durante todo el relato y no se resuelve porque no se ve. La mejor manera de ocultar una carta en un cuarto es dejarla arriba de la mesa. Ac\u00e1 est\u00e1 pasando eso con F\u00e1tima, no estuvo oculto, Sali\u00f3 en la tapa de todos los diarios, fue tal vez el asesinato masivo m\u00e1s difundido por los medios de comunicaci\u00f3n\u201d.<\/em><\/p>\n<p>Dom\u00ednguez, adem\u00e1s, remarco <em>\u201cLa idea del Secreto de F\u00e1tima es revelar qu\u00e9 es lo que estuvo pasando ac\u00e1 en nuestra regi\u00f3n en el hecho m\u00e1s dram\u00e1tico que hubo a nivel de asesinatos masivos\u201d.<\/em><\/p>\n<p>El libro tuvo una pre presentaci\u00f3n en la escuela 9 de F\u00e1tima y se prev\u00e9 que en la pr\u00f3xima semana se realicen diversas presentaciones en diferentes escuelas pilarenses.<br \/>\nEn septiembre se espera la presentaci\u00f3n formal de \u201cEl secreto de F\u00e1tima: Memoria para treinta olvidos\u201d.<\/p>\n<p>Compartimos la entrevista completa<\/p>\n<p><a href=\"https:\/\/archive.org\/details\/audio-fabian-dominguez-17-08-2021\">Descargar<\/a><\/p>\n<p>&nbsp;<\/p>\n<audio class=\"wp-audio-shortcode\" id=\"audio-3843-2\" preload=\"none\" style=\"width: 100%;\" controls=\"controls\"><source type=\"audio\/mpeg\" src=\"https:\/\/archive.org\/download\/audio-fabian-dominguez-17-08-2021\/AUDIO%20-%20FABIAN%20DOMINGUEZ%2017%2008%202021.mp3?_=2\" \/><a href=\"https:\/\/archive.org\/download\/audio-fabian-dominguez-17-08-2021\/AUDIO%20-%20FABIAN%20DOMINGUEZ%2017%2008%202021.mp3\">https:\/\/archive.org\/download\/audio-fabian-dominguez-17-08-2021\/AUDIO%20-%20FABIAN%20DOMINGUEZ%2017%2008%202021.mp3<\/a><\/audio>\n<div class=\"powerpress_player\" id=\"powerpress_player_5385\"><audio class=\"wp-audio-shortcode\" id=\"audio-3843-1\" preload=\"none\" style=\"width: 100%;\" controls=\"controls\"><source type=\"audio\/mpeg\" src=\"https:\/\/archive.org\/download\/audio-fabian-dominguez-17-08-2021\/AUDIO%20-%20FABIAN%20DOMINGUEZ%2017%2008%202021.mp3?_=1\" \/><a href=\"https:\/\/archive.org\/download\/audio-fabian-dominguez-17-08-2021\/AUDIO%20-%20FABIAN%20DOMINGUEZ%2017%2008%202021.mp3\">https:\/\/archive.org\/download\/audio-fabian-dominguez-17-08-2021\/AUDIO%20-%20FABIAN%20DOMINGUEZ%2017%2008%202021.mp3<\/a><\/audio><\/div><p class=\"powerpress_links powerpress_links_mp3\" style=\"margin-bottom: 1px !important;\">Podcast: <a href=\"https:\/\/archive.org\/download\/audio-fabian-dominguez-17-08-2021\/AUDIO%20-%20FABIAN%20DOMINGUEZ%2017%2008%202021.mp3\" class=\"powerpress_link_pinw\" target=\"_blank\" title=\"Reproducir en una nueva ventana\" onclick=\"return powerpress_pinw('https:\/\/fmtinkunaco.ar\/?powerpress_pinw=3843-podcast');\" rel=\"nofollow\">Reproducir en una nueva ventana<\/a> | <a href=\"https:\/\/archive.org\/download\/audio-fabian-dominguez-17-08-2021\/AUDIO%20-%20FABIAN%20DOMINGUEZ%2017%2008%202021.mp3\" class=\"powerpress_link_d\" title=\"Descargar\" rel=\"nofollow\" download=\"AUDIO%20-%20FABIAN%20DOMINGUEZ%2017%2008%202021.mp3\">Descargar<\/a><\/p>","protected":false},"excerpt":{"rendered":"<p>El Periodista, Docente e Historiador Fabi\u00e1n Dom\u00ednguez presentar\u00e1 \u201cEl secreto de F\u00e1tima: Memoria para treinta olvidos\u201d en el marco de una nueva conmemoraci\u00f3n de la Masacre de F\u00e1tima. El 20 de agosto de 1976, durante la dictadura c\u00edvica \u2013 militar y eclesi\u00e1stica en Argentina, suced\u00eda la aparici\u00f3n de treinta cuerpos dinamitados en la localidad de [&hellip;]<\/p>\n","protected":false},"author":1,"featured_media":3844,"comment_status":"open","ping_status":"open","sticky":false,"template":"","format":"standard","meta":{"footnotes":""},"categories":[4],"tags":[148,205,305],"class_list":["post-3843","post","type-post","status-publish","format-standard","has-post-thumbnail","hentry","category-derechos-humanos","tag-derechos-humanos","tag-fatima","tag-masacre-de-fatima"],"_links":{"self":[{"href":"https:\/\/fmtinkunaco.ar\/index.php?rest_route=\/wp\/v2\/posts\/3843","targetHints":{"allow":["GET"]}}],"collection":[{"href":"https:\/\/fmtinkunaco.ar\/index.php?rest_route=\/wp\/v2\/posts"}],"about":[{"href":"https:\/\/fmtinkunaco.ar\/index.php?rest_route=\/wp\/v2\/types\/post"}],"author":[{"embeddable":true,"href":"https:\/\/fmtinkunaco.ar\/index.php?rest_route=\/wp\/v2\/users\/1"}],"replies":[{"embeddable":true,"href":"https:\/\/fmtinkunaco.ar\/index.php?rest_route=%2Fwp%2Fv2%2Fcomments&post=3843"}],"version-history":[{"count":0,"href":"https:\/\/fmtinkunaco.ar\/index.php?rest_route=\/wp\/v2\/posts\/3843\/revisions"}],"wp:featuredmedia":[{"embeddable":true,"href":"https:\/\/fmtinkunaco.ar\/index.php?rest_route=\/"}],"wp:attachment":[{"href":"https:\/\/fmtinkunaco.ar\/index.php?rest_route=%2Fwp%2Fv2%2Fmedia&parent=3843"}],"wp:term":[{"taxonomy":"category","embeddable":true,"href":"https:\/\/fmtinkunaco.ar\/index.php?rest_route=%2Fwp%2Fv2%2Fcategories&post=3843"},{"taxonomy":"post_tag","embeddable":true,"href":"https:\/\/fmtinkunaco.ar\/index.php?rest_route=%2Fwp%2Fv2%2Ftags&post=3843"}],"curies":[{"name":"wp","href":"https:\/\/api.w.org\/{rel}","templated":true}]}}