{"id":3852,"date":"2021-08-19T14:15:09","date_gmt":"2021-08-19T17:15:09","guid":{"rendered":"http:\/\/fmtinkunaco.com.ar\/?p=3852"},"modified":"2021-08-19T14:15:09","modified_gmt":"2021-08-19T17:15:09","slug":"pilar-el-fit-unidad-presenta-dos-listas-para-las-elecciones-paso","status":"publish","type":"post","link":"https:\/\/fmtinkunaco.ar\/?p=3852","title":{"rendered":"Pilar: El FIT Unidad presenta dos listas para las elecciones PASO"},"content":{"rendered":"<p>El Frente de Izquierda y de los Trabajadores Unidad participar\u00e1, con dos listas, en las elecciones Primarias, Abiertas, Simult\u00e1neas y Obligatorias \u2013 PASO \u2013 en el partido de Pilar. El motivo es generar una unidad y ampliar la izquierda.<\/p>\n<p>El Frente de Izquierda tiene el objetivo, adem\u00e1s, de lograr ser la tercera fuerza en el distrito y a nivel nacional.<\/p>\n<p>Actualmente, en el municipio pilarense, el FIT Unidad no tiene representatividad en el Concejo Deliberante.<\/p>\n<p>En di\u00e1logo con el programa radial \u201cEncuentro con las Noticias\u201d, Ezequiel Izaguirre, Precandidato a Concejal por el FIT Unidad en la lista 10 \u201cRevolucionemos la Izquierda\u201d que encabeza Natalia Espasa, se refiri\u00f3 a las principales propuestas, <em>\u201cNosotros estamos para atender las necesidades de los sectores m\u00e1s vulnerables de la sociedad y para eso necesitamos hacer un cambio profundo y para ello estamos planteando que se acabe la precarizaci\u00f3n laboral que hay hoy en d\u00eda, sobretodo de los j\u00f3venes. Hoy en d\u00eda se trabaja mucho con aplicaciones, lo cual no tienen coberturas los empleados, no tienen seguros.<\/em><br \/>\n<em> Tambi\u00e9n estamos ante una problem\u00e1tica que es la del trabajo joven, hoy en d\u00eda los j\u00f3venes de entre 18 y 23 a\u00f1os, \u00fanicamente un 4% de estos j\u00f3venes supera un sueldo de m\u00e1s de 50 mil pesos. Para esto nosotros tenemos diferentes propuestas, como es principalmente dejar de pagar una deuda fraudulenta que nos est\u00e1 llevando a no tener futuro.<\/em><br \/>\n<em> (\u2026) Queremos dejar de llevar plata afuera para poder as\u00ed crear planes de viviendas dignas para los ciudadanos de Pilar y a nivel provincial y nacional. Y tambi\u00e9n tenemos la propuesta de que los funcionarios pol\u00edticos se atiendan en los hospitales p\u00fablicos, que manden a sus hijos a las escuelas del Estado para que vean el estado de las instituciones\u201d.<\/em><\/p>\n<p>El MST en el FIT Unidad, lista 10, propone:<\/p>\n<p>&#8211; Salarios dignos que superen la canasta b\u00e1sica.<br \/>\n&#8211; Basta de precarizaci\u00f3n laboral.<br \/>\n&#8211; No al pago de la deuda con el FMI, la deuda es con el pueblo. Mientras pagamos una deuda fraudulenta hay miles de familias que no tienen un plato de comida en sus mesas.<br \/>\n&#8211; Que todxs lxs funcionarios pol\u00edticos se atiendan en hospitales p\u00fablicos y manden a sus hijxs a escuelas estatales, para que vean como nuestras instituciones se caen a pedazos.<br \/>\n&#8211; Que se cumpla la ley de Humedales YA!<br \/>\n&#8211; Impuesto permanente a las grandes fortunas.<\/p>\n<p>La lista que conforma Ezequiel Izaguirre a nivel nacional tiene como precandidatos a Diputado y Diputada a Alejandro Bodart y Vilma Ripoll.<\/p>\n<p>Compartimos la entrevista completa<\/p>\n<p><a href=\"https:\/\/archive.org\/details\/audio-ezequiel-izaguirre-19-08-2021\">Descargar<\/a><\/p>\n<p>&nbsp;<\/p>\n<audio class=\"wp-audio-shortcode\" id=\"audio-3852-2\" preload=\"none\" style=\"width: 100%;\" controls=\"controls\"><source type=\"audio\/mpeg\" src=\"https:\/\/archive.org\/download\/audio-ezequiel-izaguirre-19-08-2021\/AUDIO%20-%20EZEQUIEL%20IZAGUIRRE%2019%2008%202021%20.mp3?_=2\" \/><a href=\"https:\/\/archive.org\/download\/audio-ezequiel-izaguirre-19-08-2021\/AUDIO%20-%20EZEQUIEL%20IZAGUIRRE%2019%2008%202021%20.mp3\">https:\/\/archive.org\/download\/audio-ezequiel-izaguirre-19-08-2021\/AUDIO%20-%20EZEQUIEL%20IZAGUIRRE%2019%2008%202021%20.mp3<\/a><\/audio>\n<div class=\"powerpress_player\" id=\"powerpress_player_8713\"><audio class=\"wp-audio-shortcode\" id=\"audio-3852-1\" preload=\"none\" style=\"width: 100%;\" controls=\"controls\"><source type=\"audio\/mpeg\" src=\"https:\/\/archive.org\/download\/audio-ezequiel-izaguirre-19-08-2021\/AUDIO%20-%20EZEQUIEL%20IZAGUIRRE%2019%2008%202021%20.mp3?_=1\" \/><a href=\"https:\/\/archive.org\/download\/audio-ezequiel-izaguirre-19-08-2021\/AUDIO%20-%20EZEQUIEL%20IZAGUIRRE%2019%2008%202021%20.mp3\">https:\/\/archive.org\/download\/audio-ezequiel-izaguirre-19-08-2021\/AUDIO%20-%20EZEQUIEL%20IZAGUIRRE%2019%2008%202021%20.mp3<\/a><\/audio><\/div><p class=\"powerpress_links powerpress_links_mp3\" style=\"margin-bottom: 1px !important;\">Podcast: <a href=\"https:\/\/archive.org\/download\/audio-ezequiel-izaguirre-19-08-2021\/AUDIO%20-%20EZEQUIEL%20IZAGUIRRE%2019%2008%202021%20.mp3\" class=\"powerpress_link_pinw\" target=\"_blank\" title=\"Reproducir en una nueva ventana\" onclick=\"return powerpress_pinw('https:\/\/fmtinkunaco.ar\/?powerpress_pinw=3852-podcast');\" rel=\"nofollow\">Reproducir en una nueva ventana<\/a> | <a href=\"https:\/\/archive.org\/download\/audio-ezequiel-izaguirre-19-08-2021\/AUDIO%20-%20EZEQUIEL%20IZAGUIRRE%2019%2008%202021%20.mp3\" class=\"powerpress_link_d\" title=\"Descargar\" rel=\"nofollow\" download=\"AUDIO%20-%20EZEQUIEL%20IZAGUIRRE%2019%2008%202021%20.mp3\">Descargar<\/a><\/p>","protected":false},"excerpt":{"rendered":"<p>El Frente de Izquierda y de los Trabajadores Unidad participar\u00e1, con dos listas, en las elecciones Primarias, Abiertas, Simult\u00e1neas y Obligatorias \u2013 PASO \u2013 en el partido de Pilar. El motivo es generar una unidad y ampliar la izquierda. El Frente de Izquierda tiene el objetivo, adem\u00e1s, de lograr ser la tercera fuerza en el [&hellip;]<\/p>\n","protected":false},"author":1,"featured_media":3853,"comment_status":"open","ping_status":"open","sticky":false,"template":"","format":"standard","meta":{"footnotes":""},"categories":[9],"tags":[216,224,340,389],"class_list":["post-3852","post","type-post","status-publish","format-standard","has-post-thumbnail","hentry","category-sociedad","tag-fit-unidad","tag-frente-de-izquierda-unidad","tag-municipio-de-pilar","tag-paso"],"_links":{"self":[{"href":"https:\/\/fmtinkunaco.ar\/index.php?rest_route=\/wp\/v2\/posts\/3852","targetHints":{"allow":["GET"]}}],"collection":[{"href":"https:\/\/fmtinkunaco.ar\/index.php?rest_route=\/wp\/v2\/posts"}],"about":[{"href":"https:\/\/fmtinkunaco.ar\/index.php?rest_route=\/wp\/v2\/types\/post"}],"author":[{"embeddable":true,"href":"https:\/\/fmtinkunaco.ar\/index.php?rest_route=\/wp\/v2\/users\/1"}],"replies":[{"embeddable":true,"href":"https:\/\/fmtinkunaco.ar\/index.php?rest_route=%2Fwp%2Fv2%2Fcomments&post=3852"}],"version-history":[{"count":0,"href":"https:\/\/fmtinkunaco.ar\/index.php?rest_route=\/wp\/v2\/posts\/3852\/revisions"}],"wp:featuredmedia":[{"embeddable":true,"href":"https:\/\/fmtinkunaco.ar\/index.php?rest_route=\/"}],"wp:attachment":[{"href":"https:\/\/fmtinkunaco.ar\/index.php?rest_route=%2Fwp%2Fv2%2Fmedia&parent=3852"}],"wp:term":[{"taxonomy":"category","embeddable":true,"href":"https:\/\/fmtinkunaco.ar\/index.php?rest_route=%2Fwp%2Fv2%2Fcategories&post=3852"},{"taxonomy":"post_tag","embeddable":true,"href":"https:\/\/fmtinkunaco.ar\/index.php?rest_route=%2Fwp%2Fv2%2Ftags&post=3852"}],"curies":[{"name":"wp","href":"https:\/\/api.w.org\/{rel}","templated":true}]}}