{"id":3887,"date":"2021-08-27T14:30:35","date_gmt":"2021-08-27T17:30:35","guid":{"rendered":"http:\/\/fmtinkunaco.com.ar\/?p=3887"},"modified":"2021-08-27T14:30:35","modified_gmt":"2021-08-27T17:30:35","slug":"la-asociacion-judicial-bonaerense-declara-el-estado-de-alerta-y-movilizacion","status":"publish","type":"post","link":"https:\/\/fmtinkunaco.ar\/?p=3887","title":{"rendered":"La Asociaci\u00f3n Judicial Bonaerense declara el estado de alerta y movilizaci\u00f3n"},"content":{"rendered":"<p>Luego de la \u00faltima reuni\u00f3n, a la que el gobierno provincial asistiera sin una propuesta paritaria, el gremio tomo la decisi\u00f3n de declarar el estado de alerta y movilizaci\u00f3n y de exigir un incremento salarial que supere a la inflaci\u00f3n.<\/p>\n<p>El Ejecutivo no solo se present\u00f3 sin propuesta si no que, adem\u00e1s, no defini\u00f3 una nueva fecha de reuni\u00f3n paritaria.<\/p>\n<p>En di\u00e1logo con el programa radial \u201cEncuentro con las Noticias\u201d, Carlos Ariel Gil, Secretario General de la Asociaci\u00f3n Judicial Bonaerense seccional San Mart\u00edn, se refiri\u00f3 a esta situaci\u00f3n, <em>\u201cNosotros hab\u00edamos cerrada una paritaria, en abril, sumando un 34% con una revisi\u00f3n para noviembre y hab\u00eda una clausula igualmente; s\u00ed la inflaci\u00f3n superaba esos n\u00fameros iba a haber adelantos y un adelanto de la paritaria. Como finalmente ocurri\u00f3, en julio nosotros recibimos un adelantamiento del acuerdo paritario y el compromiso de volvernos a juntar en agosto para seguir negociando paritarias para este a\u00f1o. Esa reuni\u00f3n ocurri\u00f3 la semana pasada, donde no hubo un ofrecimiento y fue llamado un cuarto intermedio, donde fue asumido el compromiso de que esta semana \u00edbamos a tener una nueva reuni\u00f3n donde \u00edbamos a tener un ofrecimiento que lo que nosotros pedimos es que sea un n\u00famero que este algunos puntos por encima de la inflaci\u00f3n\u201d.<\/em><\/p>\n<p>Esta semana se deber\u00eda haber reanudado el cuarto intermedio, situaci\u00f3n que no sucedi\u00f3 y en este contexto los gremios deciden declarar el estado de alerta y movilizaci\u00f3n con el objetivo de visibilizar lo que sucede con trabajadores y trabajadores judiciales bonaerenses.<\/p>\n<p>Adem\u00e1s, en la reuni\u00f3n paritaria de la semana pasada, la asociaci\u00f3n denunci\u00f3 incumplimientos de la Corte Suprema.<br \/>\nAs\u00ed lo explic\u00f3 Gil, <em>\u201cSe denunci\u00f3 el incumplimiento que tuvo la Corte con una parte del acuerdo, donde hab\u00edamos acordado unas re categorizaciones y la Corte lo dio por \u00fanica vez, o eso intenta hacer y nosotros estamos denunciando que ese acuerdo paritario implicaba la recategorizaci\u00f3n de los compa\u00f1eros que estuvieran en una situaci\u00f3n determinada en la actualidad pero que tambi\u00e9n iba a quedar para los futuros, para quienes vayan adquiriendo esas situaciones de a\u00f1os de antig\u00fcedad en los cargos asciendan autom\u00e1ticamente. Bueno, la Corte de Justicia de la provincia no est\u00e1 cumpliendo eso\u201d.<\/em><\/p>\n<p>Compartimos la entrevista completa<\/p>\n<p><a href=\"https:\/\/archive.org\/details\/audio-carlos-gil-ajb-27-08-2021\">Descargar<\/a><\/p>\n<p>&nbsp;<\/p>\n<audio class=\"wp-audio-shortcode\" id=\"audio-3887-2\" preload=\"none\" style=\"width: 100%;\" controls=\"controls\"><source type=\"audio\/mpeg\" src=\"https:\/\/archive.org\/download\/audio-carlos-gil-ajb-27-08-2021\/AUDIO%20-%20CARLOS%20GIL%20%28AJB%29%2027%2008%202021.mp3?_=2\" \/><a href=\"https:\/\/archive.org\/download\/audio-carlos-gil-ajb-27-08-2021\/AUDIO%20-%20CARLOS%20GIL%20%28AJB%29%2027%2008%202021.mp3\">https:\/\/archive.org\/download\/audio-carlos-gil-ajb-27-08-2021\/AUDIO%20-%20CARLOS%20GIL%20%28AJB%29%2027%2008%202021.mp3<\/a><\/audio>\n<div class=\"powerpress_player\" id=\"powerpress_player_629\"><audio class=\"wp-audio-shortcode\" id=\"audio-3887-1\" preload=\"none\" style=\"width: 100%;\" controls=\"controls\"><source type=\"audio\/mpeg\" src=\"https:\/\/archive.org\/download\/audio-carlos-gil-ajb-27-08-2021\/AUDIO%20-%20CARLOS%20GIL%20%28AJB%29%2027%2008%202021.mp3?_=1\" \/><a href=\"https:\/\/archive.org\/download\/audio-carlos-gil-ajb-27-08-2021\/AUDIO%20-%20CARLOS%20GIL%20%28AJB%29%2027%2008%202021.mp3\">https:\/\/archive.org\/download\/audio-carlos-gil-ajb-27-08-2021\/AUDIO%20-%20CARLOS%20GIL%20%28AJB%29%2027%2008%202021.mp3<\/a><\/audio><\/div><p class=\"powerpress_links powerpress_links_mp3\" style=\"margin-bottom: 1px !important;\">Podcast: <a href=\"https:\/\/archive.org\/download\/audio-carlos-gil-ajb-27-08-2021\/AUDIO%20-%20CARLOS%20GIL%20%28AJB%29%2027%2008%202021.mp3\" class=\"powerpress_link_pinw\" target=\"_blank\" title=\"Reproducir en una nueva ventana\" onclick=\"return powerpress_pinw('https:\/\/fmtinkunaco.ar\/?powerpress_pinw=3887-podcast');\" rel=\"nofollow\">Reproducir en una nueva ventana<\/a> | <a href=\"https:\/\/archive.org\/download\/audio-carlos-gil-ajb-27-08-2021\/AUDIO%20-%20CARLOS%20GIL%20%28AJB%29%2027%2008%202021.mp3\" class=\"powerpress_link_d\" title=\"Descargar\" rel=\"nofollow\" download=\"AUDIO%20-%20CARLOS%20GIL%20%28AJB%29%2027%2008%202021.mp3\">Descargar<\/a><\/p>","protected":false},"excerpt":{"rendered":"<p>Luego de la \u00faltima reuni\u00f3n, a la que el gobierno provincial asistiera sin una propuesta paritaria, el gremio tomo la decisi\u00f3n de declarar el estado de alerta y movilizaci\u00f3n y de exigir un incremento salarial que supere a la inflaci\u00f3n. El Ejecutivo no solo se present\u00f3 sin propuesta si no que, adem\u00e1s, no defini\u00f3 una [&hellip;]<\/p>\n","protected":false},"author":1,"featured_media":3888,"comment_status":"open","ping_status":"open","sticky":false,"template":"","format":"standard","meta":{"footnotes":""},"categories":[9],"tags":[271],"class_list":["post-3887","post","type-post","status-publish","format-standard","has-post-thumbnail","hentry","category-sociedad","tag-la-asociacion-judicial-bonaerense"],"_links":{"self":[{"href":"https:\/\/fmtinkunaco.ar\/index.php?rest_route=\/wp\/v2\/posts\/3887","targetHints":{"allow":["GET"]}}],"collection":[{"href":"https:\/\/fmtinkunaco.ar\/index.php?rest_route=\/wp\/v2\/posts"}],"about":[{"href":"https:\/\/fmtinkunaco.ar\/index.php?rest_route=\/wp\/v2\/types\/post"}],"author":[{"embeddable":true,"href":"https:\/\/fmtinkunaco.ar\/index.php?rest_route=\/wp\/v2\/users\/1"}],"replies":[{"embeddable":true,"href":"https:\/\/fmtinkunaco.ar\/index.php?rest_route=%2Fwp%2Fv2%2Fcomments&post=3887"}],"version-history":[{"count":0,"href":"https:\/\/fmtinkunaco.ar\/index.php?rest_route=\/wp\/v2\/posts\/3887\/revisions"}],"wp:featuredmedia":[{"embeddable":true,"href":"https:\/\/fmtinkunaco.ar\/index.php?rest_route=\/"}],"wp:attachment":[{"href":"https:\/\/fmtinkunaco.ar\/index.php?rest_route=%2Fwp%2Fv2%2Fmedia&parent=3887"}],"wp:term":[{"taxonomy":"category","embeddable":true,"href":"https:\/\/fmtinkunaco.ar\/index.php?rest_route=%2Fwp%2Fv2%2Fcategories&post=3887"},{"taxonomy":"post_tag","embeddable":true,"href":"https:\/\/fmtinkunaco.ar\/index.php?rest_route=%2Fwp%2Fv2%2Ftags&post=3887"}],"curies":[{"name":"wp","href":"https:\/\/api.w.org\/{rel}","templated":true}]}}