{"id":3906,"date":"2021-09-02T13:39:18","date_gmt":"2021-09-02T16:39:18","guid":{"rendered":"http:\/\/fmtinkunaco.com.ar\/?p=3906"},"modified":"2021-09-02T13:39:18","modified_gmt":"2021-09-02T16:39:18","slug":"la-red-el-encuentro-camino-a-un-nuevo-dia-de-la-educacion-popular-y-comunitaria","status":"publish","type":"post","link":"https:\/\/fmtinkunaco.ar\/?p=3906","title":{"rendered":"La Red El Encuentro camino a un nuevo D\u00eda de la Educaci\u00f3n Popular y Comunitaria"},"content":{"rendered":"<p>El pr\u00f3ximo 19 de Septiembre, diferentes organizaciones comunitarias, sociales y espacios culturales celebran el D\u00eda de la Educaci\u00f3n Popular y Comunitaria. Fecha que las organizaciones tomaron por el nacimiento del pedagogo brasilero Paulo Freire, referente de la educaci\u00f3n es un acto de amor, reflexi\u00f3n y transformaci\u00f3n.<\/p>\n<p>Paulo Freire, naci\u00f3 el 19 de septiembre de 1921 en Brasil, este a\u00f1o es su centenario y las organizaciones de la Red El Encuentro realizaran diferentes actividades para celebrarse y celebrarlo.<\/p>\n<p>En di\u00e1logo con el programa radial \u201cEncuentro con las Noticias\u201d, Mauro Miranda, integrante del equipo de coordinaci\u00f3n de la Red El Encuentro, se refiri\u00f3 a las posibles actividades en el marco de un nuevo 19 de Septiembre,<em> \u201cSe vienen cosas lindas, despu\u00e9s de a\u00f1o y medio casi que estuvimos con los centros un poquito paralizados de las actividades con los chicos y j\u00f3venes, que por suerte se vienen pensando actividad y acciones para hacer ahora, a lo largo de estas semanas que vienen durante septiembre; que van desde la olla popular hasta choripaneada, obras de teatro, jornadas de juego en simultaneo con la vuelta de muchos\u00a0 chicos y chicas a los centros. As\u00ed que estamos con un septiembre muy a flor de piel\u201d.<\/em><\/p>\n<p>Frente al contexto pandemico, el a\u00f1o pasado las organizaciones no han podido celebrar este d\u00eda de manera conjunta con otras redes en espacios p\u00fablicos, como lo ven\u00edan haciendo, raz\u00f3n por la cual en este centenario se prev\u00e9 retrasar el festejo conjunto pero celebrar internamente con los diferentes centros comunitarios que conforman la Red El Encuentro de manera virtual.<\/p>\n<p>As\u00ed lo explic\u00f3 Mauro Miranda, <em>\u201cNosotros nos venimos juntando ya con un equipo de compa\u00f1eros representando a los centros y representando a distintos espacios de la Red El Encuentro y venimos pensando en el festejo grande como lo hac\u00edamos hace dos a\u00f1os atr\u00e1s. Venimos pensando en hacer algo como m\u00e1s nuestro este a\u00f1o, m\u00e1s desde la Red, un abrazo virtual que va a ser ese mismo domingo; la idea es que nos juntemos un ratito, 15 o 20 minutos para abrazarnos virtualmente, compartir un ratito ese d\u00eda porque en\u00a0 lo simb\u00f3lico para nosotros es muy importante la fecha y si pasar el festejo grande, no s\u00e9 si con otras organizaciones o misma en la Red, pero para m\u00e1s adelante, diciembre o noviembre, por ah\u00ed que ya este habilitado y tengamos m\u00e1s permisos para circular y que con cuidado podamos juntarnos, vernos, abrazarnos y compartir un rato\u201d<\/em><\/p>\n<p>Compartimos la entrevista completa<\/p>\n<p><a href=\"https:\/\/archive.org\/details\/audio-mauro-miranda-02-09-2021\">Descargar<\/a><\/p>\n<audio class=\"wp-audio-shortcode\" id=\"audio-3906-2\" preload=\"none\" style=\"width: 100%;\" controls=\"controls\"><source type=\"audio\/mpeg\" src=\"https:\/\/archive.org\/download\/audio-mauro-miranda-02-09-2021\/AUDIO%20-%20MAURO%20MIRANDA%2002%2009%202021.mp3?_=2\" \/><a href=\"https:\/\/archive.org\/download\/audio-mauro-miranda-02-09-2021\/AUDIO%20-%20MAURO%20MIRANDA%2002%2009%202021.mp3\">https:\/\/archive.org\/download\/audio-mauro-miranda-02-09-2021\/AUDIO%20-%20MAURO%20MIRANDA%2002%2009%202021.mp3<\/a><\/audio>\n<div class=\"powerpress_player\" id=\"powerpress_player_5787\"><audio class=\"wp-audio-shortcode\" id=\"audio-3906-1\" preload=\"none\" style=\"width: 100%;\" controls=\"controls\"><source type=\"audio\/mpeg\" src=\"https:\/\/archive.org\/download\/audio-mauro-miranda-02-09-2021\/AUDIO%20-%20MAURO%20MIRANDA%2002%2009%202021.mp3?_=1\" \/><a href=\"https:\/\/archive.org\/download\/audio-mauro-miranda-02-09-2021\/AUDIO%20-%20MAURO%20MIRANDA%2002%2009%202021.mp3\">https:\/\/archive.org\/download\/audio-mauro-miranda-02-09-2021\/AUDIO%20-%20MAURO%20MIRANDA%2002%2009%202021.mp3<\/a><\/audio><\/div><p class=\"powerpress_links powerpress_links_mp3\" style=\"margin-bottom: 1px !important;\">Podcast: <a href=\"https:\/\/archive.org\/download\/audio-mauro-miranda-02-09-2021\/AUDIO%20-%20MAURO%20MIRANDA%2002%2009%202021.mp3\" class=\"powerpress_link_pinw\" target=\"_blank\" title=\"Reproducir en una nueva ventana\" onclick=\"return powerpress_pinw('https:\/\/fmtinkunaco.ar\/?powerpress_pinw=3906-podcast');\" rel=\"nofollow\">Reproducir en una nueva ventana<\/a> | <a href=\"https:\/\/archive.org\/download\/audio-mauro-miranda-02-09-2021\/AUDIO%20-%20MAURO%20MIRANDA%2002%2009%202021.mp3\" class=\"powerpress_link_d\" title=\"Descargar\" rel=\"nofollow\" download=\"AUDIO%20-%20MAURO%20MIRANDA%2002%2009%202021.mp3\">Descargar<\/a><\/p>","protected":false},"excerpt":{"rendered":"<p>El pr\u00f3ximo 19 de Septiembre, diferentes organizaciones comunitarias, sociales y espacios culturales celebran el D\u00eda de la Educaci\u00f3n Popular y Comunitaria. Fecha que las organizaciones tomaron por el nacimiento del pedagogo brasilero Paulo Freire, referente de la educaci\u00f3n es un acto de amor, reflexi\u00f3n y transformaci\u00f3n. Paulo Freire, naci\u00f3 el 19 de septiembre de 1921 [&hellip;]<\/p>\n","protected":false},"author":1,"featured_media":3907,"comment_status":"open","ping_status":"open","sticky":false,"template":"","format":"standard","meta":{"footnotes":""},"categories":[5],"tags":[156,348,427],"class_list":["post-3906","post","type-post","status-publish","format-standard","has-post-thumbnail","hentry","category-educacion","tag-dia-de-la-educacion-popular-y-comunitari","tag-natalicio-de-freire","tag-red-el-encuentro"],"_links":{"self":[{"href":"https:\/\/fmtinkunaco.ar\/index.php?rest_route=\/wp\/v2\/posts\/3906","targetHints":{"allow":["GET"]}}],"collection":[{"href":"https:\/\/fmtinkunaco.ar\/index.php?rest_route=\/wp\/v2\/posts"}],"about":[{"href":"https:\/\/fmtinkunaco.ar\/index.php?rest_route=\/wp\/v2\/types\/post"}],"author":[{"embeddable":true,"href":"https:\/\/fmtinkunaco.ar\/index.php?rest_route=\/wp\/v2\/users\/1"}],"replies":[{"embeddable":true,"href":"https:\/\/fmtinkunaco.ar\/index.php?rest_route=%2Fwp%2Fv2%2Fcomments&post=3906"}],"version-history":[{"count":0,"href":"https:\/\/fmtinkunaco.ar\/index.php?rest_route=\/wp\/v2\/posts\/3906\/revisions"}],"wp:featuredmedia":[{"embeddable":true,"href":"https:\/\/fmtinkunaco.ar\/index.php?rest_route=\/"}],"wp:attachment":[{"href":"https:\/\/fmtinkunaco.ar\/index.php?rest_route=%2Fwp%2Fv2%2Fmedia&parent=3906"}],"wp:term":[{"taxonomy":"category","embeddable":true,"href":"https:\/\/fmtinkunaco.ar\/index.php?rest_route=%2Fwp%2Fv2%2Fcategories&post=3906"},{"taxonomy":"post_tag","embeddable":true,"href":"https:\/\/fmtinkunaco.ar\/index.php?rest_route=%2Fwp%2Fv2%2Ftags&post=3906"}],"curies":[{"name":"wp","href":"https:\/\/api.w.org\/{rel}","templated":true}]}}