{"id":3910,"date":"2021-09-03T10:24:40","date_gmt":"2021-09-03T13:24:40","guid":{"rendered":"http:\/\/fmtinkunaco.com.ar\/?p=3910"},"modified":"2021-09-03T10:24:40","modified_gmt":"2021-09-03T13:24:40","slug":"seminario-de-lectura-a-100-anos-del-nacimiento-de-paulo-freire","status":"publish","type":"post","link":"https:\/\/fmtinkunaco.ar\/?p=3910","title":{"rendered":"Seminario de Lectura: A 100 a\u00f1os del nacimiento de Paulo Freire"},"content":{"rendered":"<p>La Casa de Trabajadores y Trabajadoras Carlos Fuentealba convoca a formar parte del Seminario de Lectura: A 100 a\u00f1os del nacimiento de Paulo Freire. El mismo constar\u00e1 de 4 encuentros virtuales y comenzar\u00e1 el pr\u00f3ximo 18 de septiembre.<\/p>\n<p>En di\u00e1logo con el programa radial \u201cEncuentro con las Noticias\u201d, Dami\u00e1n Fau, integrante de la Casa Carlos Fuentealba, se refiri\u00f3 a la importancia de mantener presente la figura del pedagogo Freire, <em>\u201cEstamos proponiendo un seminario sobre Paulo Freire dado que este a\u00f1o se cumplen 100 a\u00f1os del nacimiento de Freire, pedagogo, educador, es uno de los m\u00e1ximos referentes de la perspectiva de la educaci\u00f3n popular. Y para quienes somos de Am\u00e9rica Latina Freire ha sido siempre una br\u00fajula, una figura que nos ha permitido pensar diferentes pr\u00e1cticas educativas desde un punto de vista de la liberaci\u00f3n de nuestros pueblos en contra de un tipo de educaci\u00f3n bancaria que concibe a las personas como recipientes que hay que llenar. (\u2026) Entendemos que en este contexto ese pensamiento, esa perspectiva, esa mirada que nos ofrece Freire sigue siendo sumamente necesaria\u201d.<\/em><\/p>\n<p>En el marco de los 100 a\u00f1os del nacimiento de Paulo Freire, la organizaci\u00f3n se propuso lanzar este Seminario Virtual conformado de 4 encuentros. El objetivo de la propuesta es acercarse al pensamiento de Freire a trav\u00e9s de la lectura colectiva de uno de sus libros fundamentales <strong>\u00abPedagog\u00eda del Oprimido\u00bb<\/strong> y generar un espacio de intercambio y di\u00e1logo.<\/p>\n<p>Dami\u00e1n Fau, describi\u00f3 la propuesta, <em>\u201cEs un seminario donde vamos a trabajar, justamente, esta obra central para el pensamiento de Freire que es Pedagog\u00eda del Oprimido y vamos a generar un espacio de encuentro, de debate y de reflexi\u00f3n colectiva. \u00a0No va a ser una lectura donde alguien va a explicarles, a quienes decidan asistir, sobre lo que Freire dice si no que en todo caso el texto sirva como un punto de referencia para que todas las personas podamos reflexionar y dialogar sobre esta perspectiva y sobre nuestras propias practicas\u201d.<\/em><\/p>\n<p>El comienzo del seminario es el pr\u00f3ximo s\u00e1bado 18 de septiembre, a partir de las 10hs, mediante la plataforma Meet.<\/p>\n<p>El seminario necesita inscripci\u00f3n: <a href=\"https:\/\/docs.google.com\/forms\/d\/e\/1FAIpQLScj0dpRXn3Yi4q-ebC8K7V_oRf48WuZRGy9vK5UwQ07rmqqBg\/viewform?fbclid=IwAR07L5uXjHNW54H8AfLoyl8Kfw6P5yypvZHTT8zqBxg5RZDeyiAguA-EUbc\">https:\/\/docs.google.com\/forms\/d\/e\/1FAIpQLScj0dpRXn3Yi4q-ebC8K7V_oRf48WuZRGy9vK5UwQ07rmqqBg\/viewform?fbclid=IwAR07L5uXjHNW54H8AfLoyl8Kfw6P5yypvZHTT8zqBxg5RZDeyiAguA-EUbc<\/a><\/p>\n<p>Compartimos la entrevista completa<\/p>\n<p><a href=\"https:\/\/archive.org\/details\/audio-damian-trabajador-casa-fuentealba\">Descargar<\/a><\/p>\n<p>&nbsp;<\/p>\n<audio class=\"wp-audio-shortcode\" id=\"audio-3910-2\" preload=\"none\" style=\"width: 100%;\" controls=\"controls\"><source type=\"audio\/mpeg\" src=\"https:\/\/archive.org\/download\/audio-damian-trabajador-casa-fuentealba\/AUDIO%20-%20DAMIAN%20%28TRABAJADOR%20CASA%20FUENTEALBA%29.mp3?_=2\" \/><a href=\"https:\/\/archive.org\/download\/audio-damian-trabajador-casa-fuentealba\/AUDIO%20-%20DAMIAN%20%28TRABAJADOR%20CASA%20FUENTEALBA%29.mp3\">https:\/\/archive.org\/download\/audio-damian-trabajador-casa-fuentealba\/AUDIO%20-%20DAMIAN%20%28TRABAJADOR%20CASA%20FUENTEALBA%29.mp3<\/a><\/audio>\n<p>&nbsp;<\/p>\n<div class=\"powerpress_player\" id=\"powerpress_player_3468\"><audio class=\"wp-audio-shortcode\" id=\"audio-3910-1\" preload=\"none\" style=\"width: 100%;\" controls=\"controls\"><source type=\"audio\/mpeg\" src=\"https:\/\/archive.org\/download\/audio-damian-trabajador-casa-fuentealba\/AUDIO%20-%20DAMIAN%20%28TRABAJADOR%20CASA%20FUENTEALBA%29.mp3?_=1\" \/><a href=\"https:\/\/archive.org\/download\/audio-damian-trabajador-casa-fuentealba\/AUDIO%20-%20DAMIAN%20%28TRABAJADOR%20CASA%20FUENTEALBA%29.mp3\">https:\/\/archive.org\/download\/audio-damian-trabajador-casa-fuentealba\/AUDIO%20-%20DAMIAN%20%28TRABAJADOR%20CASA%20FUENTEALBA%29.mp3<\/a><\/audio><\/div><p class=\"powerpress_links powerpress_links_mp3\" style=\"margin-bottom: 1px !important;\">Podcast: <a href=\"https:\/\/archive.org\/download\/audio-damian-trabajador-casa-fuentealba\/AUDIO%20-%20DAMIAN%20%28TRABAJADOR%20CASA%20FUENTEALBA%29.mp3\" class=\"powerpress_link_pinw\" target=\"_blank\" title=\"Reproducir en una nueva ventana\" onclick=\"return powerpress_pinw('https:\/\/fmtinkunaco.ar\/?powerpress_pinw=3910-podcast');\" rel=\"nofollow\">Reproducir en una nueva ventana<\/a> | <a href=\"https:\/\/archive.org\/download\/audio-damian-trabajador-casa-fuentealba\/AUDIO%20-%20DAMIAN%20%28TRABAJADOR%20CASA%20FUENTEALBA%29.mp3\" class=\"powerpress_link_d\" title=\"Descargar\" rel=\"nofollow\" download=\"AUDIO%20-%20DAMIAN%20%28TRABAJADOR%20CASA%20FUENTEALBA%29.mp3\">Descargar<\/a><\/p>","protected":false},"excerpt":{"rendered":"<p>La Casa de Trabajadores y Trabajadoras Carlos Fuentealba convoca a formar parte del Seminario de Lectura: A 100 a\u00f1os del nacimiento de Paulo Freire. El mismo constar\u00e1 de 4 encuentros virtuales y comenzar\u00e1 el pr\u00f3ximo 18 de septiembre. En di\u00e1logo con el programa radial \u201cEncuentro con las Noticias\u201d, Dami\u00e1n Fau, integrante de la Casa Carlos [&hellip;]<\/p>\n","protected":false},"author":1,"featured_media":3911,"comment_status":"open","ping_status":"open","sticky":false,"template":"","format":"standard","meta":{"footnotes":""},"categories":[5],"tags":[392],"class_list":["post-3910","post","type-post","status-publish","format-standard","has-post-thumbnail","hentry","category-educacion","tag-paulo-freire"],"_links":{"self":[{"href":"https:\/\/fmtinkunaco.ar\/index.php?rest_route=\/wp\/v2\/posts\/3910","targetHints":{"allow":["GET"]}}],"collection":[{"href":"https:\/\/fmtinkunaco.ar\/index.php?rest_route=\/wp\/v2\/posts"}],"about":[{"href":"https:\/\/fmtinkunaco.ar\/index.php?rest_route=\/wp\/v2\/types\/post"}],"author":[{"embeddable":true,"href":"https:\/\/fmtinkunaco.ar\/index.php?rest_route=\/wp\/v2\/users\/1"}],"replies":[{"embeddable":true,"href":"https:\/\/fmtinkunaco.ar\/index.php?rest_route=%2Fwp%2Fv2%2Fcomments&post=3910"}],"version-history":[{"count":0,"href":"https:\/\/fmtinkunaco.ar\/index.php?rest_route=\/wp\/v2\/posts\/3910\/revisions"}],"wp:featuredmedia":[{"embeddable":true,"href":"https:\/\/fmtinkunaco.ar\/index.php?rest_route=\/"}],"wp:attachment":[{"href":"https:\/\/fmtinkunaco.ar\/index.php?rest_route=%2Fwp%2Fv2%2Fmedia&parent=3910"}],"wp:term":[{"taxonomy":"category","embeddable":true,"href":"https:\/\/fmtinkunaco.ar\/index.php?rest_route=%2Fwp%2Fv2%2Fcategories&post=3910"},{"taxonomy":"post_tag","embeddable":true,"href":"https:\/\/fmtinkunaco.ar\/index.php?rest_route=%2Fwp%2Fv2%2Ftags&post=3910"}],"curies":[{"name":"wp","href":"https:\/\/api.w.org\/{rel}","templated":true}]}}