{"id":3914,"date":"2021-09-03T14:22:44","date_gmt":"2021-09-03T17:22:44","guid":{"rendered":"http:\/\/fmtinkunaco.com.ar\/?p=3914"},"modified":"2021-09-03T14:22:44","modified_gmt":"2021-09-03T17:22:44","slug":"la-artista-silvia-proclama-fernandez-presenta-su-primer-disco-kuntur","status":"publish","type":"post","link":"https:\/\/fmtinkunaco.ar\/?p=3914","title":{"rendered":"La artista Silvia \u00abProclama\u00bb Fern\u00e1ndez presenta su primer disco \u201cKuntur\u201d"},"content":{"rendered":"<p>La cantora, charanguista y compositora Silvia Fern\u00e1ndez lanz\u00f3 esta semana su primer material discogr\u00e1fico llamado \u201cKuntur\u201d con 13 canciones, entre composiciones propias y versiones, con arreglos propios y de Pilo Garc\u00eda.<\/p>\n<p>En di\u00e1logo con el programa radial \u201cEncuentro con las Noticias\u201d, Silvia \u201cProclama\u201d Fern\u00e1ndez, se refiri\u00f3 a la elecci\u00f3n del repertorio, <em>\u201cEs el resumen de canciones que me fueron acompa\u00f1ando durante a\u00f1os y que, realmente, son canciones que tienen mucho coraz\u00f3n, las que marcaron una \u00e9poca importante y que siempre las toco y la verdad que siempre me dan mucho placer y creo que al publico tambi\u00e9n. Entonces dije, este repertorio lo quiero dejar ac\u00e1 plasmado para despu\u00e9s ya hacer otras cosas, otras composiciones, otros temas por ah\u00ed m\u00e1s instrumentales. (\u2026) y con algunos invitados bastante especiales\u201d.<\/em><\/p>\n<p>El disco fue grabado en Haedo y cont\u00f3 con la producci\u00f3n de Pilo Garc\u00eda.<\/p>\n<p>Silvia Fern\u00e1ndez, adem\u00e1s, remarc\u00f3 que el disco tiene una impronta originaria <em>\u201cTiene unas vidalas que ensamble, que la verdad que son temas bien norte\u00f1os y tambi\u00e9n decid\u00ed intercalar en algunos temas audios que tuve la oportunidad de recopilar en la fiesta de la Pachamama, en Tucum\u00e1n, y me parec\u00edan tan simb\u00f3licas las frases que dec\u00edan que en ese saber popular guardan a\u00f1os de sabidur\u00eda y de una magia muy particular. Tiene una contundencia en el mensaje la copla y la m\u00fasica andina en general. (\u2026) Esas son recopilaciones que eh echo hace un par de a\u00f1os, que tambi\u00e9n suman, y que le marca una impronta originaria de todas las vertientes\u201d.<\/em><\/p>\n<p>Las 3 opciones disponibles son las siguientes:<\/p>\n<ol>\n<li>Disco en Formato WAV (mejor calidad de sonido) + ARTE completo del disco (incluye artes de tapa, contratapas, sesi\u00f3n de fotos que se realizaron con Liliana Guti\u00e9rrez y extras) $1000<\/li>\n<li>Todo lo anterior + disco f\u00edsico $1500<\/li>\n<li>Disco f\u00edsico solo $600<\/li>\n<\/ol>\n<p>Si est\u00e1s interesada o interesado en tener tu \u201cKuntur\u201d podes comunicarte, mediante facebook, a la cuenta Silvia Proclama Fern\u00e1ndez.<\/p>\n<p>Compartimos la entrevista completa<\/p>\n<p><a href=\"https:\/\/archive.org\/details\/audio-silvia-fernandez-03-09-2021\">Descargar<\/a><\/p>\n<p>&nbsp;<\/p>\n<audio class=\"wp-audio-shortcode\" id=\"audio-3914-2\" preload=\"none\" style=\"width: 100%;\" controls=\"controls\"><source type=\"audio\/mpeg\" src=\"https:\/\/archive.org\/download\/audio-silvia-fernandez-03-09-2021\/AUDIO%20-%20SILVIA%20FERNANDEZ%2003%2009%202021.mp3?_=2\" \/><a href=\"https:\/\/archive.org\/download\/audio-silvia-fernandez-03-09-2021\/AUDIO%20-%20SILVIA%20FERNANDEZ%2003%2009%202021.mp3\">https:\/\/archive.org\/download\/audio-silvia-fernandez-03-09-2021\/AUDIO%20-%20SILVIA%20FERNANDEZ%2003%2009%202021.mp3<\/a><\/audio>\n<div class=\"powerpress_player\" id=\"powerpress_player_4498\"><audio class=\"wp-audio-shortcode\" id=\"audio-3914-1\" preload=\"none\" style=\"width: 100%;\" controls=\"controls\"><source type=\"audio\/mpeg\" src=\"https:\/\/archive.org\/download\/audio-silvia-fernandez-03-09-2021\/AUDIO%20-%20SILVIA%20FERNANDEZ%2003%2009%202021.mp3?_=1\" \/><a href=\"https:\/\/archive.org\/download\/audio-silvia-fernandez-03-09-2021\/AUDIO%20-%20SILVIA%20FERNANDEZ%2003%2009%202021.mp3\">https:\/\/archive.org\/download\/audio-silvia-fernandez-03-09-2021\/AUDIO%20-%20SILVIA%20FERNANDEZ%2003%2009%202021.mp3<\/a><\/audio><\/div><p class=\"powerpress_links powerpress_links_mp3\" style=\"margin-bottom: 1px !important;\">Podcast: <a href=\"https:\/\/archive.org\/download\/audio-silvia-fernandez-03-09-2021\/AUDIO%20-%20SILVIA%20FERNANDEZ%2003%2009%202021.mp3\" class=\"powerpress_link_pinw\" target=\"_blank\" title=\"Reproducir en una nueva ventana\" onclick=\"return powerpress_pinw('https:\/\/fmtinkunaco.ar\/?powerpress_pinw=3914-podcast');\" rel=\"nofollow\">Reproducir en una nueva ventana<\/a> | <a href=\"https:\/\/archive.org\/download\/audio-silvia-fernandez-03-09-2021\/AUDIO%20-%20SILVIA%20FERNANDEZ%2003%2009%202021.mp3\" class=\"powerpress_link_d\" title=\"Descargar\" rel=\"nofollow\" download=\"AUDIO%20-%20SILVIA%20FERNANDEZ%2003%2009%202021.mp3\">Descargar<\/a><\/p>","protected":false},"excerpt":{"rendered":"<p>La cantora, charanguista y compositora Silvia Fern\u00e1ndez lanz\u00f3 esta semana su primer material discogr\u00e1fico llamado \u201cKuntur\u201d con 13 canciones, entre composiciones propias y versiones, con arreglos propios y de Pilo Garc\u00eda. En di\u00e1logo con el programa radial \u201cEncuentro con las Noticias\u201d, Silvia \u201cProclama\u201d Fern\u00e1ndez, se refiri\u00f3 a la elecci\u00f3n del repertorio, \u201cEs el resumen de [&hellip;]<\/p>\n","protected":false},"author":1,"featured_media":3915,"comment_status":"open","ping_status":"open","sticky":false,"template":"","format":"standard","meta":{"footnotes":""},"categories":[3],"tags":[270,461],"class_list":["post-3914","post","type-post","status-publish","format-standard","has-post-thumbnail","hentry","category-cultura","tag-kuntur","tag-silvia-proclama-fernandez"],"_links":{"self":[{"href":"https:\/\/fmtinkunaco.ar\/index.php?rest_route=\/wp\/v2\/posts\/3914","targetHints":{"allow":["GET"]}}],"collection":[{"href":"https:\/\/fmtinkunaco.ar\/index.php?rest_route=\/wp\/v2\/posts"}],"about":[{"href":"https:\/\/fmtinkunaco.ar\/index.php?rest_route=\/wp\/v2\/types\/post"}],"author":[{"embeddable":true,"href":"https:\/\/fmtinkunaco.ar\/index.php?rest_route=\/wp\/v2\/users\/1"}],"replies":[{"embeddable":true,"href":"https:\/\/fmtinkunaco.ar\/index.php?rest_route=%2Fwp%2Fv2%2Fcomments&post=3914"}],"version-history":[{"count":0,"href":"https:\/\/fmtinkunaco.ar\/index.php?rest_route=\/wp\/v2\/posts\/3914\/revisions"}],"wp:featuredmedia":[{"embeddable":true,"href":"https:\/\/fmtinkunaco.ar\/index.php?rest_route=\/"}],"wp:attachment":[{"href":"https:\/\/fmtinkunaco.ar\/index.php?rest_route=%2Fwp%2Fv2%2Fmedia&parent=3914"}],"wp:term":[{"taxonomy":"category","embeddable":true,"href":"https:\/\/fmtinkunaco.ar\/index.php?rest_route=%2Fwp%2Fv2%2Fcategories&post=3914"},{"taxonomy":"post_tag","embeddable":true,"href":"https:\/\/fmtinkunaco.ar\/index.php?rest_route=%2Fwp%2Fv2%2Ftags&post=3914"}],"curies":[{"name":"wp","href":"https:\/\/api.w.org\/{rel}","templated":true}]}}