{"id":3920,"date":"2021-09-06T14:01:07","date_gmt":"2021-09-06T17:01:07","guid":{"rendered":"http:\/\/fmtinkunaco.com.ar\/?p=3920"},"modified":"2021-09-06T14:01:07","modified_gmt":"2021-09-06T17:01:07","slug":"jose-c-paz-el-fit-unidad-se-propone-llegar-al-concejo-deliberante","status":"publish","type":"post","link":"https:\/\/fmtinkunaco.ar\/?p=3920","title":{"rendered":"Jos\u00e9. C. Paz: El FIT Unidad se propone llegar al Concejo Deliberante"},"content":{"rendered":"<p>El pr\u00f3ximo domingo 12 de septiembre se llevar\u00e1n adelante las elecciones PASO y, en Jos\u00e9. C. Paz, el Frente de Izquierda Unidad tiene su interna entre la lista integrada por el PTS, Partido Obrero e Izquierda Socialista y la conformada por el MST.<\/p>\n<p>En di\u00e1logo con el programa \u201cEncuentro con las Noticias\u201d, Anabela Colli, docente y precandidata a concejal en el municipio de Jos\u00e9. C. Paz por el PTS dentro del Frente de Izquierda \u2013 Unidad, se refiri\u00f3 a las internas dentro del FIT, <em>\u201cNosotros vamos a internas con el MST que ahora en las pasos vamos a internas y en noviembre de definir\u00e1 bien este punto. Estos tres partidos estamos hace 10 a\u00f1os dentro del Frente de Izquierda y el MST se incorpor\u00f3 en el a\u00f1o 2019 y ahora, como en su momento no fuimos a internas, ahora optaron por ir en listas separadas\u201d.<\/em><\/p>\n<p>Adem\u00e1s, Colli, se refiri\u00f3 como docente a la situaci\u00f3n en las escuelas y del cumplimiento del protocolo jurisdiccional, <em>\u201cSe fue modificando, continuamente, esta cuesti\u00f3n del protocolo de diciembre a marzo, de marzo a abril y la realidad es que es una verg\u00fcenza realmente como se ha modificado de un d\u00eda para otro y nos \u00edbamos enterando, incluso sin insumos, sin el term\u00f3metro correspondiente, sin el alcohol. Es decir, nos dec\u00edan de un d\u00eda para el otro y al d\u00eda siguiente ten\u00edamos que tener en cuenta todo el protocolo e incluso salir a comprar y a proveernos de los materiales; fue una continua desprolijidad que se fue llevando a cabo mes a mes\u201d.<\/em><\/p>\n<p>Finalmente, Anabela Colli, repas\u00f3 una de las principales propuestas que llevar\u00e1n al Concejo Deliberante en caso de llegar a ingresar como concejales, <em>\u201cViendo las problem\u00e1ticas que tenemos en nuestro distrito, est\u00e1 la cuesti\u00f3n de que el 80% de los barrios tenemos agua de bomba, el 68,9% tenemos el pozo ciego; es decir no tenemos cloacas, no tenemos agua potable; se necesita un plan de obras publicas real. Ahora, ese plan de obras publicas c\u00f3mo se pude llegar a hacer, es ah\u00ed donde nosotros acompa\u00f1amos por supuesto nuestro programa dentro del frente de izquierda que es esto de la distribuci\u00f3n de nuestro trabajo que ser\u00eda trabajar menos, trabajar todos. Que los trabajadores ocupados trabajen 6 horas y 5 d\u00edas de la semana, entonces de esa manera sin afectar nuestro salario por supuesto podamos repartir las horas que quedan con los trabajadores desocupados. Entonces resolver\u00edamos un gran conflicto que es el tema de la desocupaci\u00f3n y por otro lado, con este plan de obras publicas tambi\u00e9n es un trabajo, pero que no sea de una manera explotada si no que con este mismo programa\u201d.<\/em><\/p>\n<p>Las elecciones PASO \u2013 Primarias, Abiertas, Simult\u00e1neas y Obligatorias \u2013 se realizar\u00e1n el pr\u00f3ximo domingo 12 de septiembre.<\/p>\n<p>Compartimos la entrevista completa<\/p>\n<p><a href=\"https:\/\/archive.org\/details\/audio-anabela-colli-06-09-2021\">Descargar<\/a><\/p>\n<p>&nbsp;<\/p>\n<audio class=\"wp-audio-shortcode\" id=\"audio-3920-2\" preload=\"none\" style=\"width: 100%;\" controls=\"controls\"><source type=\"audio\/mpeg\" src=\"https:\/\/archive.org\/download\/audio-anabela-colli-06-09-2021\/AUDIO%20-%20ANABELA%20COLLI%2006%2009%202021.mp3?_=2\" \/><a href=\"https:\/\/archive.org\/download\/audio-anabela-colli-06-09-2021\/AUDIO%20-%20ANABELA%20COLLI%2006%2009%202021.mp3\">https:\/\/archive.org\/download\/audio-anabela-colli-06-09-2021\/AUDIO%20-%20ANABELA%20COLLI%2006%2009%202021.mp3<\/a><\/audio>\n<div class=\"powerpress_player\" id=\"powerpress_player_8888\"><audio class=\"wp-audio-shortcode\" id=\"audio-3920-1\" preload=\"none\" style=\"width: 100%;\" controls=\"controls\"><source type=\"audio\/mpeg\" src=\"https:\/\/archive.org\/download\/audio-anabela-colli-06-09-2021\/AUDIO%20-%20ANABELA%20COLLI%2006%2009%202021.mp3?_=1\" \/><a href=\"https:\/\/archive.org\/download\/audio-anabela-colli-06-09-2021\/AUDIO%20-%20ANABELA%20COLLI%2006%2009%202021.mp3\">https:\/\/archive.org\/download\/audio-anabela-colli-06-09-2021\/AUDIO%20-%20ANABELA%20COLLI%2006%2009%202021.mp3<\/a><\/audio><\/div><p class=\"powerpress_links powerpress_links_mp3\" style=\"margin-bottom: 1px !important;\">Podcast: <a href=\"https:\/\/archive.org\/download\/audio-anabela-colli-06-09-2021\/AUDIO%20-%20ANABELA%20COLLI%2006%2009%202021.mp3\" class=\"powerpress_link_pinw\" target=\"_blank\" title=\"Reproducir en una nueva ventana\" onclick=\"return powerpress_pinw('https:\/\/fmtinkunaco.ar\/?powerpress_pinw=3920-podcast');\" rel=\"nofollow\">Reproducir en una nueva ventana<\/a> | <a href=\"https:\/\/archive.org\/download\/audio-anabela-colli-06-09-2021\/AUDIO%20-%20ANABELA%20COLLI%2006%2009%202021.mp3\" class=\"powerpress_link_d\" title=\"Descargar\" rel=\"nofollow\" download=\"AUDIO%20-%20ANABELA%20COLLI%2006%2009%202021.mp3\">Descargar<\/a><\/p>","protected":false},"excerpt":{"rendered":"<p>El pr\u00f3ximo domingo 12 de septiembre se llevar\u00e1n adelante las elecciones PASO y, en Jos\u00e9. C. Paz, el Frente de Izquierda Unidad tiene su interna entre la lista integrada por el PTS, Partido Obrero e Izquierda Socialista y la conformada por el MST. En di\u00e1logo con el programa \u201cEncuentro con las Noticias\u201d, Anabela Colli, docente [&hellip;]<\/p>\n","protected":false},"author":1,"featured_media":3924,"comment_status":"open","ping_status":"open","sticky":false,"template":"","format":"standard","meta":{"footnotes":""},"categories":[9],"tags":[182,216,337,389],"class_list":["post-3920","post","type-post","status-publish","format-standard","has-post-thumbnail","hentry","category-sociedad","tag-elecciones","tag-fit-unidad","tag-municipio-de-jose-c-paz","tag-paso"],"_links":{"self":[{"href":"https:\/\/fmtinkunaco.ar\/index.php?rest_route=\/wp\/v2\/posts\/3920","targetHints":{"allow":["GET"]}}],"collection":[{"href":"https:\/\/fmtinkunaco.ar\/index.php?rest_route=\/wp\/v2\/posts"}],"about":[{"href":"https:\/\/fmtinkunaco.ar\/index.php?rest_route=\/wp\/v2\/types\/post"}],"author":[{"embeddable":true,"href":"https:\/\/fmtinkunaco.ar\/index.php?rest_route=\/wp\/v2\/users\/1"}],"replies":[{"embeddable":true,"href":"https:\/\/fmtinkunaco.ar\/index.php?rest_route=%2Fwp%2Fv2%2Fcomments&post=3920"}],"version-history":[{"count":0,"href":"https:\/\/fmtinkunaco.ar\/index.php?rest_route=\/wp\/v2\/posts\/3920\/revisions"}],"wp:featuredmedia":[{"embeddable":true,"href":"https:\/\/fmtinkunaco.ar\/index.php?rest_route=\/"}],"wp:attachment":[{"href":"https:\/\/fmtinkunaco.ar\/index.php?rest_route=%2Fwp%2Fv2%2Fmedia&parent=3920"}],"wp:term":[{"taxonomy":"category","embeddable":true,"href":"https:\/\/fmtinkunaco.ar\/index.php?rest_route=%2Fwp%2Fv2%2Fcategories&post=3920"},{"taxonomy":"post_tag","embeddable":true,"href":"https:\/\/fmtinkunaco.ar\/index.php?rest_route=%2Fwp%2Fv2%2Ftags&post=3920"}],"curies":[{"name":"wp","href":"https:\/\/api.w.org\/{rel}","templated":true}]}}