{"id":3936,"date":"2021-09-08T13:18:15","date_gmt":"2021-09-08T16:18:15","guid":{"rendered":"http:\/\/fmtinkunaco.com.ar\/?p=3936"},"modified":"2021-09-08T13:18:15","modified_gmt":"2021-09-08T16:18:15","slug":"moreno-vecinos-y-vecinas-de-cuartel-v-juntan-firmas-contra-la-construccion-de-la-carcel","status":"publish","type":"post","link":"https:\/\/fmtinkunaco.ar\/?p=3936","title":{"rendered":"Moreno: Vecinos y vecinas de Cuartel V juntan firmas contra la construcci\u00f3n de la c\u00e1rcel"},"content":{"rendered":"<p>Vecinos y vecinas de barrio El Vergel \u2013 Cuartel V, denuncian la futura construcci\u00f3n e instalaci\u00f3n de una c\u00e1rcel en el barrio.<\/p>\n<p>La noticia y el plano de la construcci\u00f3n se dieron a conocer a finales del a\u00f1o pasado en el marco de la visita de Julio Alak, el Ministro de Justicia y Derechos Humanos de la provincia de Buenos Aires pero luego.<\/p>\n<p>El proyecto se da en el marco del Plan de Infraestructura Penitenciaria mediante el que se prev\u00e9 la construcci\u00f3n de 10 unidades carcelarias y 30 alcaid\u00edas.<\/p>\n<p>Adem\u00e1s, la futura construcci\u00f3n se dar\u00e1 en un \u00e1rea de constantes reclamos de la comunidad de Cuartel V por la necesidad de escuelas para las ni\u00f1eces y adolescencias; actualmente se estima que se necesitan alrededor de 4 escuelas primarias para responder a la demanda de las vacantes.<\/p>\n<p>En di\u00e1logo con el programa radial \u201cEncuentro con las Noticias\u201d, Lucas, vecino de El Vergel, se refiri\u00f3 a este proyecto, <em>\u201cLa verdad que es una locura, no tenemos calles, no tenemos ni plaza en el barrio El Vergel y vamos a tener una c\u00e1rcel. Y ellos lo que dicen es que va a traer fuentes de trabajo, y es mentira, qui\u00e9n va a entrar como guardia c\u00e1rcel. Y dicen que va a traer mejoras para el barrio en el asfalto, eso ya tendr\u00eda que estar hace cuantos a\u00f1os, estamos en el 2021\u201d.<\/em><\/p>\n<p>Frente a esta situaci\u00f3n, los vecinos y vecinas se reunieron el d\u00eda s\u00e1bado por la tarde con el objetivo de intercambiar opiniones, <em>\u201cTodos estamos de acuerdo en que no queremos la c\u00e1rcel, queremos la fuente de trabajo, queremos las mejoras para el barrio pero eso no va a traer progreso para Cuartel V\u201d.<\/em><\/p>\n<p>Finalmente, Lucas sostuvo que la municipalidad sostiene que el proyecto no es municipal y que aun no hay definiciones concretas, <em>\u201cVino la municipalidad e hizo una breve reuni\u00f3n con pocos, no quisieron que haya mucha gente y lo que ellos expusieron es que todav\u00eda no est\u00e1 nada firme, que se est\u00e1 viendo, que ellos no tienen nada que ver pero que va a traer mejoras al barrio\u201d.<\/em><\/p>\n<p>Compartimos la entrevista completa<\/p>\n<p><a href=\"https:\/\/archive.org\/details\/audio-lucas-vecino-de-el-vergel\">Descargar<\/a><\/p>\n<p>&nbsp;<\/p>\n<audio class=\"wp-audio-shortcode\" id=\"audio-3936-2\" preload=\"none\" style=\"width: 100%;\" controls=\"controls\"><source type=\"audio\/mpeg\" src=\"https:\/\/archive.org\/download\/audio-lucas-vecino-de-el-vergel\/AUDIO%20-%20LUCAS%20%28VECINO%20DE%20EL%20VERGEL%29.mp3?_=2\" \/><a href=\"https:\/\/archive.org\/download\/audio-lucas-vecino-de-el-vergel\/AUDIO%20-%20LUCAS%20%28VECINO%20DE%20EL%20VERGEL%29.mp3\">https:\/\/archive.org\/download\/audio-lucas-vecino-de-el-vergel\/AUDIO%20-%20LUCAS%20%28VECINO%20DE%20EL%20VERGEL%29.mp3<\/a><\/audio>\n<p>&nbsp;<\/p>\n<p>&nbsp;<\/p>\n<div class=\"powerpress_player\" id=\"powerpress_player_7452\"><audio class=\"wp-audio-shortcode\" id=\"audio-3936-1\" preload=\"none\" style=\"width: 100%;\" controls=\"controls\"><source type=\"audio\/mpeg\" src=\"https:\/\/archive.org\/download\/audio-lucas-vecino-de-el-vergel\/AUDIO%20-%20LUCAS%20%28VECINO%20DE%20EL%20VERGEL%29.mp3?_=1\" \/><a href=\"https:\/\/archive.org\/download\/audio-lucas-vecino-de-el-vergel\/AUDIO%20-%20LUCAS%20%28VECINO%20DE%20EL%20VERGEL%29.mp3\">https:\/\/archive.org\/download\/audio-lucas-vecino-de-el-vergel\/AUDIO%20-%20LUCAS%20%28VECINO%20DE%20EL%20VERGEL%29.mp3<\/a><\/audio><\/div><p class=\"powerpress_links powerpress_links_mp3\" style=\"margin-bottom: 1px !important;\">Podcast: <a href=\"https:\/\/archive.org\/download\/audio-lucas-vecino-de-el-vergel\/AUDIO%20-%20LUCAS%20%28VECINO%20DE%20EL%20VERGEL%29.mp3\" class=\"powerpress_link_pinw\" target=\"_blank\" title=\"Reproducir en una nueva ventana\" onclick=\"return powerpress_pinw('https:\/\/fmtinkunaco.ar\/?powerpress_pinw=3936-podcast');\" rel=\"nofollow\">Reproducir en una nueva ventana<\/a> | <a href=\"https:\/\/archive.org\/download\/audio-lucas-vecino-de-el-vergel\/AUDIO%20-%20LUCAS%20%28VECINO%20DE%20EL%20VERGEL%29.mp3\" class=\"powerpress_link_d\" title=\"Descargar\" rel=\"nofollow\" download=\"AUDIO%20-%20LUCAS%20%28VECINO%20DE%20EL%20VERGEL%29.mp3\">Descargar<\/a><\/p>","protected":false},"excerpt":{"rendered":"<p>Vecinos y vecinas de barrio El Vergel \u2013 Cuartel V, denuncian la futura construcci\u00f3n e instalaci\u00f3n de una c\u00e1rcel en el barrio. La noticia y el plano de la construcci\u00f3n se dieron a conocer a finales del a\u00f1o pasado en el marco de la visita de Julio Alak, el Ministro de Justicia y Derechos Humanos [&hellip;]<\/p>\n","protected":false},"author":1,"featured_media":3937,"comment_status":"open","ping_status":"open","sticky":false,"template":"","format":"standard","meta":{"footnotes":""},"categories":[4],"tags":[],"class_list":["post-3936","post","type-post","status-publish","format-standard","has-post-thumbnail","hentry","category-derechos-humanos"],"_links":{"self":[{"href":"https:\/\/fmtinkunaco.ar\/index.php?rest_route=\/wp\/v2\/posts\/3936","targetHints":{"allow":["GET"]}}],"collection":[{"href":"https:\/\/fmtinkunaco.ar\/index.php?rest_route=\/wp\/v2\/posts"}],"about":[{"href":"https:\/\/fmtinkunaco.ar\/index.php?rest_route=\/wp\/v2\/types\/post"}],"author":[{"embeddable":true,"href":"https:\/\/fmtinkunaco.ar\/index.php?rest_route=\/wp\/v2\/users\/1"}],"replies":[{"embeddable":true,"href":"https:\/\/fmtinkunaco.ar\/index.php?rest_route=%2Fwp%2Fv2%2Fcomments&post=3936"}],"version-history":[{"count":0,"href":"https:\/\/fmtinkunaco.ar\/index.php?rest_route=\/wp\/v2\/posts\/3936\/revisions"}],"wp:featuredmedia":[{"embeddable":true,"href":"https:\/\/fmtinkunaco.ar\/index.php?rest_route=\/"}],"wp:attachment":[{"href":"https:\/\/fmtinkunaco.ar\/index.php?rest_route=%2Fwp%2Fv2%2Fmedia&parent=3936"}],"wp:term":[{"taxonomy":"category","embeddable":true,"href":"https:\/\/fmtinkunaco.ar\/index.php?rest_route=%2Fwp%2Fv2%2Fcategories&post=3936"},{"taxonomy":"post_tag","embeddable":true,"href":"https:\/\/fmtinkunaco.ar\/index.php?rest_route=%2Fwp%2Fv2%2Ftags&post=3936"}],"curies":[{"name":"wp","href":"https:\/\/api.w.org\/{rel}","templated":true}]}}