{"id":3940,"date":"2021-09-09T09:26:17","date_gmt":"2021-09-09T12:26:17","guid":{"rendered":"http:\/\/fmtinkunaco.com.ar\/?p=3940"},"modified":"2021-09-09T09:26:17","modified_gmt":"2021-09-09T12:26:17","slug":"la-plaza-de-la-memoria-de-jose-c-paz-cumple-10-anos","status":"publish","type":"post","link":"https:\/\/fmtinkunaco.ar\/?p=3940","title":{"rendered":"La Plaza de la Memoria de Jos\u00e9. C. Paz cumple 10 a\u00f1os"},"content":{"rendered":"<p>La Plaza de la Memoria de Jos\u00e9. C. Paz cumple 10 a\u00f1os y desde la organizaci\u00f3n \u201cFamiliares de Desaparecidos y Ex Presos Pol\u00edticos\u201d convocan a una jornada de actividades, reencuentros y festejos militantes.<\/p>\n<p>La jornada ser\u00e1 el pr\u00f3ximo jueves 16 de septiembre a partir de las 14hs en Gaspar Campos y Solis.<\/p>\n<p>En di\u00e1logo con el programa radial \u201cEncuentro con las Noticias\u201d, Luis Ale, integrante de la organizaci\u00f3n \u201cFamiliares de Desaparecidos y Ex Presos Pol\u00edticos\u201d, se refiri\u00f3 a la fundaci\u00f3n de la plaza y su significado, <em>\u201cSe cumplen 10 a\u00f1os pero nosotros siempre decimos que esto es una constante lucha, si bien la placita fue algo que se dio gracias a tener un gobierno como el gobierno de N\u00e9stor y Cristina, el hecho de los derechos humanos fue reivindicado en un mont\u00f3n de cosas. Entonces el hecho de la plaza fue lo m\u00e1s f\u00e1cil, lo dif\u00edcil fue todo lo anterior, de la resistencia de distintos gobiernos\u201d.<\/em><\/p>\n<p>Luis Ale, adem\u00e1s, sostuvo <em>\u201cEstamos en seguir reivindicando a los compa\u00f1eros pero desde un lugar m\u00e1s amplio desde los Derechos Humanos, y tenemos muchas limitaciones porque nosotros no formamos parte de los gobiernos comunales. Somos un organismo de Derechos Humanos que si bien tenemos contacto con distintos sectores del gobierno, no pertenecemos al gobierno\u201d.<\/em><\/p>\n<p>Finalmente, con respecto a la actividad, Ale remarc\u00f3, <em>\u201cPor supuesto la convocatoria siempre la hacemos totalmente amplia, participan todas las agrupaciones pol\u00edticas que quieran participar, y por suerte nos toca un jueves despu\u00e9s de las elecciones que ya vamos a estar todos un poco m\u00e1s tranquilos\u201d.<\/em><\/p>\n<p>El jueves 16 de septiembre a partir de las 14hs en Gaspar Campos y Solis, comienza la jornada.<\/p>\n<p>Cronograma:<\/p>\n<p>14 a 17 hs: Comienzo con distintas actividades.<br \/>\n17 hs: Bendiciones del Mural con el padre Paco Olveira\u201d.<br \/>\n18 hs: Reconocimiento a compa\u00f1eras y compa\u00f1eros fundadores de la plaza.<br \/>\n18.30hs: Cierre con proyecci\u00f3n de video conmemorativo.<\/p>\n<p>Compartimos la entrevista completa<\/p>\n<p><a href=\"https:\/\/archive.org\/details\/audio-luis-ale-08-09-2021\">Descargar<\/a><\/p>\n<p>&nbsp;<\/p>\n<audio class=\"wp-audio-shortcode\" id=\"audio-3940-2\" preload=\"none\" style=\"width: 100%;\" controls=\"controls\"><source type=\"audio\/mpeg\" src=\"https:\/\/archive.org\/download\/audio-luis-ale-08-09-2021\/AUDIO%20-%20LUIS%20ALE%2008%2009%202021.mp3?_=2\" \/><a href=\"https:\/\/archive.org\/download\/audio-luis-ale-08-09-2021\/AUDIO%20-%20LUIS%20ALE%2008%2009%202021.mp3\">https:\/\/archive.org\/download\/audio-luis-ale-08-09-2021\/AUDIO%20-%20LUIS%20ALE%2008%2009%202021.mp3<\/a><\/audio>\n<p>&nbsp;<\/p>\n<div class=\"powerpress_player\" id=\"powerpress_player_2475\"><audio class=\"wp-audio-shortcode\" id=\"audio-3940-1\" preload=\"none\" style=\"width: 100%;\" controls=\"controls\"><source type=\"audio\/mpeg\" src=\"https:\/\/archive.org\/download\/audio-luis-ale-08-09-2021\/AUDIO%20-%20LUIS%20ALE%2008%2009%202021.mp3?_=1\" \/><a href=\"https:\/\/archive.org\/download\/audio-luis-ale-08-09-2021\/AUDIO%20-%20LUIS%20ALE%2008%2009%202021.mp3\">https:\/\/archive.org\/download\/audio-luis-ale-08-09-2021\/AUDIO%20-%20LUIS%20ALE%2008%2009%202021.mp3<\/a><\/audio><\/div><p class=\"powerpress_links powerpress_links_mp3\" style=\"margin-bottom: 1px !important;\">Podcast: <a href=\"https:\/\/archive.org\/download\/audio-luis-ale-08-09-2021\/AUDIO%20-%20LUIS%20ALE%2008%2009%202021.mp3\" class=\"powerpress_link_pinw\" target=\"_blank\" title=\"Reproducir en una nueva ventana\" onclick=\"return powerpress_pinw('https:\/\/fmtinkunaco.ar\/?powerpress_pinw=3940-podcast');\" rel=\"nofollow\">Reproducir en una nueva ventana<\/a> | <a href=\"https:\/\/archive.org\/download\/audio-luis-ale-08-09-2021\/AUDIO%20-%20LUIS%20ALE%2008%2009%202021.mp3\" class=\"powerpress_link_d\" title=\"Descargar\" rel=\"nofollow\" download=\"AUDIO%20-%20LUIS%20ALE%2008%2009%202021.mp3\">Descargar<\/a><\/p>","protected":false},"excerpt":{"rendered":"<p>La Plaza de la Memoria de Jos\u00e9. C. Paz cumple 10 a\u00f1os y desde la organizaci\u00f3n \u201cFamiliares de Desaparecidos y Ex Presos Pol\u00edticos\u201d convocan a una jornada de actividades, reencuentros y festejos militantes. La jornada ser\u00e1 el pr\u00f3ximo jueves 16 de septiembre a partir de las 14hs en Gaspar Campos y Solis. En di\u00e1logo con [&hellip;]<\/p>\n","protected":false},"author":1,"featured_media":3941,"comment_status":"open","ping_status":"open","sticky":false,"template":"","format":"standard","meta":{"footnotes":""},"categories":[4],"tags":[200,337,400],"class_list":["post-3940","post","type-post","status-publish","format-standard","has-post-thumbnail","hentry","category-derechos-humanos","tag-familiares-de-desaparecidos-y-ex-presos-politicos","tag-municipio-de-jose-c-paz","tag-plaza-de-la-memoria"],"_links":{"self":[{"href":"https:\/\/fmtinkunaco.ar\/index.php?rest_route=\/wp\/v2\/posts\/3940","targetHints":{"allow":["GET"]}}],"collection":[{"href":"https:\/\/fmtinkunaco.ar\/index.php?rest_route=\/wp\/v2\/posts"}],"about":[{"href":"https:\/\/fmtinkunaco.ar\/index.php?rest_route=\/wp\/v2\/types\/post"}],"author":[{"embeddable":true,"href":"https:\/\/fmtinkunaco.ar\/index.php?rest_route=\/wp\/v2\/users\/1"}],"replies":[{"embeddable":true,"href":"https:\/\/fmtinkunaco.ar\/index.php?rest_route=%2Fwp%2Fv2%2Fcomments&post=3940"}],"version-history":[{"count":0,"href":"https:\/\/fmtinkunaco.ar\/index.php?rest_route=\/wp\/v2\/posts\/3940\/revisions"}],"wp:featuredmedia":[{"embeddable":true,"href":"https:\/\/fmtinkunaco.ar\/index.php?rest_route=\/"}],"wp:attachment":[{"href":"https:\/\/fmtinkunaco.ar\/index.php?rest_route=%2Fwp%2Fv2%2Fmedia&parent=3940"}],"wp:term":[{"taxonomy":"category","embeddable":true,"href":"https:\/\/fmtinkunaco.ar\/index.php?rest_route=%2Fwp%2Fv2%2Fcategories&post=3940"},{"taxonomy":"post_tag","embeddable":true,"href":"https:\/\/fmtinkunaco.ar\/index.php?rest_route=%2Fwp%2Fv2%2Ftags&post=3940"}],"curies":[{"name":"wp","href":"https:\/\/api.w.org\/{rel}","templated":true}]}}