{"id":3945,"date":"2021-09-09T13:42:15","date_gmt":"2021-09-09T16:42:15","guid":{"rendered":"http:\/\/fmtinkunaco.com.ar\/?p=3945"},"modified":"2021-09-09T13:42:15","modified_gmt":"2021-09-09T16:42:15","slug":"san-miguel-el-precandidato-a-concejal-carlos-puricelli-cierra-su-campana-en-la-plaza-de-san-miguel","status":"publish","type":"post","link":"https:\/\/fmtinkunaco.ar\/?p=3945","title":{"rendered":"San Miguel: El precandidato a Concejal, Carlos Puricelli, cierra su campa\u00f1a en la Plaza de San Miguel"},"content":{"rendered":"<p>Carlos Puricelli, fue Concejal de San Miguel durante el per\u00edodo 2005-2009, Presidente del Concejo Deliberante 2005-2007, reconocido militante por los Derechos Humanos en la regi\u00f3n y actualmente es Precandidato a Concejal por el Frente de Todos.<\/p>\n<p>En el partido de San Miguel son 4 las listas que disputan la interna del Frente de Todos.<\/p>\n<p>En di\u00e1logo con el programa radial \u201cEncuentro con las Noticias\u201d, Carlos Puricelli, Precandidato a Concejal por el Frente de Todos en el partido de San Miguel, se refiri\u00f3 a lo que significa una nueva postulaci\u00f3n, <em>\u201cIntentamos conformar una expresi\u00f3n con la clara idea y la necesidad de plasmar otras voces, de potenciar lo que es la realidad del Concejo Deliberante, lo que podemos potenciar la fuerza que puede tener nuestro bloque a partir del 10 de diciembre. Y donde creemos que nuestra experiencia, nuestra trayectoria, nuestro andar y nuestro compromiso con el proyecto nacional, en todo este tiempo, ten\u00eda que estar plasmado y que ten\u00edamos que llevarlo a la voluntad popular que va a ser la pr\u00f3xima contienda natural del domingo 12 de septiembre. As\u00ed que en ese marco se da la postulaci\u00f3n\u201d.<\/em><\/p>\n<p>Puricelli, adem\u00e1s, describi\u00f3 los motivos que diferencian a la lista 4, <em>\u201cNuestra lista, lo que la distingue es una amplitud en su conformaci\u00f3n de distintos sectores, saben donde estuvimos, que hicimos y que no dejamos de hacer en nuestra enorme militancia en estos a\u00f1os. (\u2026) Nuestra trayectoria, nuestro andar, y nuestra historia creo que es m\u00e1s que importante en lo que va a ser la oferta electoral y creo que una de las cosas fundamentales, fuera de que muchos de los que integramos la lista tenemos nuestro andar, tenemos a\u00f1os o tiempo transcurrido en la militancia policita del distrito, creo que tambi\u00e9n generamos una opci\u00f3n distinta\u201d.<\/em><\/p>\n<p>Finalmente, Carlos Puricelli, se refiri\u00f3 a alguno de los problemas de San Miguel,<em> \u201cYo creo que uno de los m\u00e1s graves que a presentado en el \u00faltimo tiempo fue verdaderamente que en pleno proceso de pandemia, en pleno proceso de emergencia sanitaria tuvimos una intenci\u00f3n y una clara acci\u00f3n pol\u00edtica en lo que fue el sistema de salud del distrito. Yo creo que la pol\u00edtica llevada a cabo en el marco de lo que fue la realidad del Hospital Larcade donde ning\u00fan funcionario hoy, todav\u00eda, dio una sola explicaci\u00f3n\u201d.<\/em><\/p>\n<p>Hoy, a partir de las de las 18 hs en la Plaza de San Miguel, Carlos Puricelli realiz\u00e1 el cierre de campa\u00f1a.<\/p>\n<p>Compartimos la entrevista completa<\/p>\n<p><a href=\"https:\/\/archive.org\/details\/audio-carlos-puricelli-09-09-2021\">Descargar<\/a><\/p>\n<p>&nbsp;<\/p>\n<audio class=\"wp-audio-shortcode\" id=\"audio-3945-2\" preload=\"none\" style=\"width: 100%;\" controls=\"controls\"><source type=\"audio\/mpeg\" src=\"https:\/\/archive.org\/download\/audio-carlos-puricelli-09-09-2021\/AUDIO%20-%20CARLOS%20PURICELLI%2009%2009%202021.mp3?_=2\" \/><a href=\"https:\/\/archive.org\/download\/audio-carlos-puricelli-09-09-2021\/AUDIO%20-%20CARLOS%20PURICELLI%2009%2009%202021.mp3\">https:\/\/archive.org\/download\/audio-carlos-puricelli-09-09-2021\/AUDIO%20-%20CARLOS%20PURICELLI%2009%2009%202021.mp3<\/a><\/audio>\n<p>&nbsp;<\/p>\n<p>&nbsp;<\/p>\n<div class=\"powerpress_player\" id=\"powerpress_player_8254\"><audio class=\"wp-audio-shortcode\" id=\"audio-3945-1\" preload=\"none\" style=\"width: 100%;\" controls=\"controls\"><source type=\"audio\/mpeg\" src=\"https:\/\/archive.org\/download\/audio-carlos-puricelli-09-09-2021\/AUDIO%20-%20CARLOS%20PURICELLI%2009%2009%202021.mp3?_=1\" \/><a href=\"https:\/\/archive.org\/download\/audio-carlos-puricelli-09-09-2021\/AUDIO%20-%20CARLOS%20PURICELLI%2009%2009%202021.mp3\">https:\/\/archive.org\/download\/audio-carlos-puricelli-09-09-2021\/AUDIO%20-%20CARLOS%20PURICELLI%2009%2009%202021.mp3<\/a><\/audio><\/div><p class=\"powerpress_links powerpress_links_mp3\" style=\"margin-bottom: 1px !important;\">Podcast: <a href=\"https:\/\/archive.org\/download\/audio-carlos-puricelli-09-09-2021\/AUDIO%20-%20CARLOS%20PURICELLI%2009%2009%202021.mp3\" class=\"powerpress_link_pinw\" target=\"_blank\" title=\"Reproducir en una nueva ventana\" onclick=\"return powerpress_pinw('https:\/\/fmtinkunaco.ar\/?powerpress_pinw=3945-podcast');\" rel=\"nofollow\">Reproducir en una nueva ventana<\/a> | <a href=\"https:\/\/archive.org\/download\/audio-carlos-puricelli-09-09-2021\/AUDIO%20-%20CARLOS%20PURICELLI%2009%2009%202021.mp3\" class=\"powerpress_link_d\" title=\"Descargar\" rel=\"nofollow\" download=\"AUDIO%20-%20CARLOS%20PURICELLI%2009%2009%202021.mp3\">Descargar<\/a><\/p>","protected":false},"excerpt":{"rendered":"<p>Carlos Puricelli, fue Concejal de San Miguel durante el per\u00edodo 2005-2009, Presidente del Concejo Deliberante 2005-2007, reconocido militante por los Derechos Humanos en la regi\u00f3n y actualmente es Precandidato a Concejal por el Frente de Todos. En el partido de San Miguel son 4 las listas que disputan la interna del Frente de Todos. En [&hellip;]<\/p>\n","protected":false},"author":1,"featured_media":3946,"comment_status":"open","ping_status":"open","sticky":false,"template":"","format":"standard","meta":{"footnotes":""},"categories":[9],"tags":[84,182,225,342,389],"class_list":["post-3945","post","type-post","status-publish","format-standard","has-post-thumbnail","hentry","category-sociedad","tag-carlos-puricelli","tag-elecciones","tag-frente-de-todos","tag-municipio-de-san-miguel","tag-paso"],"_links":{"self":[{"href":"https:\/\/fmtinkunaco.ar\/index.php?rest_route=\/wp\/v2\/posts\/3945","targetHints":{"allow":["GET"]}}],"collection":[{"href":"https:\/\/fmtinkunaco.ar\/index.php?rest_route=\/wp\/v2\/posts"}],"about":[{"href":"https:\/\/fmtinkunaco.ar\/index.php?rest_route=\/wp\/v2\/types\/post"}],"author":[{"embeddable":true,"href":"https:\/\/fmtinkunaco.ar\/index.php?rest_route=\/wp\/v2\/users\/1"}],"replies":[{"embeddable":true,"href":"https:\/\/fmtinkunaco.ar\/index.php?rest_route=%2Fwp%2Fv2%2Fcomments&post=3945"}],"version-history":[{"count":0,"href":"https:\/\/fmtinkunaco.ar\/index.php?rest_route=\/wp\/v2\/posts\/3945\/revisions"}],"wp:featuredmedia":[{"embeddable":true,"href":"https:\/\/fmtinkunaco.ar\/index.php?rest_route=\/"}],"wp:attachment":[{"href":"https:\/\/fmtinkunaco.ar\/index.php?rest_route=%2Fwp%2Fv2%2Fmedia&parent=3945"}],"wp:term":[{"taxonomy":"category","embeddable":true,"href":"https:\/\/fmtinkunaco.ar\/index.php?rest_route=%2Fwp%2Fv2%2Fcategories&post=3945"},{"taxonomy":"post_tag","embeddable":true,"href":"https:\/\/fmtinkunaco.ar\/index.php?rest_route=%2Fwp%2Fv2%2Ftags&post=3945"}],"curies":[{"name":"wp","href":"https:\/\/api.w.org\/{rel}","templated":true}]}}