{"id":3948,"date":"2021-09-09T14:05:44","date_gmt":"2021-09-09T17:05:44","guid":{"rendered":"http:\/\/fmtinkunaco.com.ar\/?p=3948"},"modified":"2021-09-09T14:05:44","modified_gmt":"2021-09-09T17:05:44","slug":"la-biblioteca-popular-paulo-freire-realizo-un-mural-colectivo-en-el-centro-comunitario-belen","status":"publish","type":"post","link":"https:\/\/fmtinkunaco.ar\/?p=3948","title":{"rendered":"La Biblioteca Popular Paulo Freire realiz\u00f3 un mural colectivo en el Centro Comunitario Bel\u00e9n"},"content":{"rendered":"<p>La Biblioteca Popular Paulo Freire, de barrio San Atilio \u2013 Jos\u00e9. C. Paz, muraleo de manera colectiva el frente del Centro Comunitario Bel\u00e9n.<\/p>\n<p>El mural se realiz\u00f3 de manera colectiva entre educadoras, educadores y m\u00e1s de 20 j\u00f3venes que conforman la biblioteca.<\/p>\n<p>El proceso de trabajo fue aproximadamente de una semana.<\/p>\n<p>En di\u00e1logo con el programa radial \u201cEncuentro con las Noticias\u201d, Bel\u00e9n Ben\u00edtez, coordinadora de la Biblioteca Popular Paulo Freire, describi\u00f3 el trabajo que viene realizando la organizaci\u00f3n en pleno regreso a la presencialidad, \u201cNosotros hace un tiempo empezamos a trabajar con peque\u00f1os grupos, sobre todo las y los j\u00f3venes que ven\u00edan al centro a retirar la comida, que no perdieron el contacto, que fueron los que empezar tambi\u00e9n a insistir con la posibilidad de abrirlo y bueno, empezamos a evaluar si pod\u00edamos, si no pod\u00edamos por todo el contexto. As\u00ed que est\u00e1bamos trabajando hace un tiempito con dos d\u00edas, martes y mi\u00e9rcoles, con diferentes talleres y diferentes burbujas\u201d.<\/p>\n<p>Bel\u00e9n, tambi\u00e9n se refiri\u00f3 al proyecto colectivo del mural, \u201cEs un proyecto recontra re grande que ahora que lo terminamos, miramos hacia atr\u00e1s, y arranco medio como vamos a pintar la pared, que s\u00ed, que no, y presentamos un proyecto al Creas y el Creas nos re contra re apoyo en la iniciativa y por eso pudimos lograrlo porque tambi\u00e9n en cuestiones econ\u00f3micas, un proyecto de esta magnitud requiere un mont\u00f3n de dinero que la realidad es que nosotros no lo contamos. La elecci\u00f3n tambi\u00e9n de las fotos tiene que ver con lo que es el centro y la pertenencia del centro en San Atilio porque son pibes y pibas que estuvieron en el centro y que pasaron por ah\u00ed, entonces habla mucho de la marca que deja el centro comunitario en todos nosotros y en la comunidad de San Atilio\u201d.<\/p>\n<p>Finalmente, Bel\u00e9n Ben\u00edtez, remarc\u00f3 sobre las im\u00e1genes elegidas, \u201cSon recortes de fotos de la historia del centro y tambi\u00e9n cuando vos miras la imagen, son poses realmente imponentes que hablan de la ni\u00f1ez, y de la fuerza y de esa virtud que tienen las ni\u00f1as y ni\u00f1os. Entonces el recorte que hicimos fue de diferentes \u00e9pocas del centro y diferentes personas, plasmado todo en una solo foto\u201d.<\/p>\n<p>El mural, adem\u00e1s, se desarroll\u00f3 en el marco del centenario pr\u00f3ximo de Paulo Freire.<\/p>\n<p>Compartimos la entrevista completa<\/p>\n<p><a href=\"https:\/\/archive.org\/details\/audio-belen-benitez-09-09-2021\">Descargar<\/a><\/p>\n<p>&nbsp;<\/p>\n<audio class=\"wp-audio-shortcode\" id=\"audio-3948-2\" preload=\"none\" style=\"width: 100%;\" controls=\"controls\"><source type=\"audio\/mpeg\" src=\"https:\/\/archive.org\/download\/audio-belen-benitez-09-09-2021\/AUDIO%20-%20BELEN%20BENITEZ%2009%2009%202021.mp3?_=2\" \/><a href=\"https:\/\/archive.org\/download\/audio-belen-benitez-09-09-2021\/AUDIO%20-%20BELEN%20BENITEZ%2009%2009%202021.mp3\">https:\/\/archive.org\/download\/audio-belen-benitez-09-09-2021\/AUDIO%20-%20BELEN%20BENITEZ%2009%2009%202021.mp3<\/a><\/audio>\n<div class=\"powerpress_player\" id=\"powerpress_player_2789\"><audio class=\"wp-audio-shortcode\" id=\"audio-3948-1\" preload=\"none\" style=\"width: 100%;\" controls=\"controls\"><source type=\"audio\/mpeg\" src=\"https:\/\/archive.org\/download\/audio-belen-benitez-09-09-2021\/AUDIO%20-%20BELEN%20BENITEZ%2009%2009%202021.mp3?_=1\" \/><a href=\"https:\/\/archive.org\/download\/audio-belen-benitez-09-09-2021\/AUDIO%20-%20BELEN%20BENITEZ%2009%2009%202021.mp3\">https:\/\/archive.org\/download\/audio-belen-benitez-09-09-2021\/AUDIO%20-%20BELEN%20BENITEZ%2009%2009%202021.mp3<\/a><\/audio><\/div><p class=\"powerpress_links powerpress_links_mp3\" style=\"margin-bottom: 1px !important;\">Podcast: <a href=\"https:\/\/archive.org\/download\/audio-belen-benitez-09-09-2021\/AUDIO%20-%20BELEN%20BENITEZ%2009%2009%202021.mp3\" class=\"powerpress_link_pinw\" target=\"_blank\" title=\"Reproducir en una nueva ventana\" onclick=\"return powerpress_pinw('https:\/\/fmtinkunaco.ar\/?powerpress_pinw=3948-podcast');\" rel=\"nofollow\">Reproducir en una nueva ventana<\/a> | <a href=\"https:\/\/archive.org\/download\/audio-belen-benitez-09-09-2021\/AUDIO%20-%20BELEN%20BENITEZ%2009%2009%202021.mp3\" class=\"powerpress_link_d\" title=\"Descargar\" rel=\"nofollow\" download=\"AUDIO%20-%20BELEN%20BENITEZ%2009%2009%202021.mp3\">Descargar<\/a><\/p>","protected":false},"excerpt":{"rendered":"<p>La Biblioteca Popular Paulo Freire, de barrio San Atilio \u2013 Jos\u00e9. C. Paz, muraleo de manera colectiva el frente del Centro Comunitario Bel\u00e9n. El mural se realiz\u00f3 de manera colectiva entre educadoras, educadores y m\u00e1s de 20 j\u00f3venes que conforman la biblioteca. El proceso de trabajo fue aproximadamente de una semana. En di\u00e1logo con el [&hellip;]<\/p>\n","protected":false},"author":1,"featured_media":3949,"comment_status":"open","ping_status":"open","sticky":false,"template":"","format":"standard","meta":{"footnotes":""},"categories":[3],"tags":[],"class_list":["post-3948","post","type-post","status-publish","format-standard","has-post-thumbnail","hentry","category-cultura"],"_links":{"self":[{"href":"https:\/\/fmtinkunaco.ar\/index.php?rest_route=\/wp\/v2\/posts\/3948","targetHints":{"allow":["GET"]}}],"collection":[{"href":"https:\/\/fmtinkunaco.ar\/index.php?rest_route=\/wp\/v2\/posts"}],"about":[{"href":"https:\/\/fmtinkunaco.ar\/index.php?rest_route=\/wp\/v2\/types\/post"}],"author":[{"embeddable":true,"href":"https:\/\/fmtinkunaco.ar\/index.php?rest_route=\/wp\/v2\/users\/1"}],"replies":[{"embeddable":true,"href":"https:\/\/fmtinkunaco.ar\/index.php?rest_route=%2Fwp%2Fv2%2Fcomments&post=3948"}],"version-history":[{"count":0,"href":"https:\/\/fmtinkunaco.ar\/index.php?rest_route=\/wp\/v2\/posts\/3948\/revisions"}],"wp:featuredmedia":[{"embeddable":true,"href":"https:\/\/fmtinkunaco.ar\/index.php?rest_route=\/"}],"wp:attachment":[{"href":"https:\/\/fmtinkunaco.ar\/index.php?rest_route=%2Fwp%2Fv2%2Fmedia&parent=3948"}],"wp:term":[{"taxonomy":"category","embeddable":true,"href":"https:\/\/fmtinkunaco.ar\/index.php?rest_route=%2Fwp%2Fv2%2Fcategories&post=3948"},{"taxonomy":"post_tag","embeddable":true,"href":"https:\/\/fmtinkunaco.ar\/index.php?rest_route=%2Fwp%2Fv2%2Ftags&post=3948"}],"curies":[{"name":"wp","href":"https:\/\/api.w.org\/{rel}","templated":true}]}}