{"id":3961,"date":"2021-09-15T13:22:13","date_gmt":"2021-09-15T16:22:13","guid":{"rendered":"http:\/\/fmtinkunaco.com.ar\/?p=3961"},"modified":"2021-09-15T13:22:13","modified_gmt":"2021-09-15T16:22:13","slug":"la-herreria-teatro-vuelve-a-la-presencialidad-con-2-funciones-de-los-hermanos-guerra","status":"publish","type":"post","link":"https:\/\/fmtinkunaco.ar\/?p=3961","title":{"rendered":"La Herrer\u00eda Teatro vuelve a la presencialidad con 2 funciones de los Hermanos Guerra"},"content":{"rendered":"<p>El pr\u00f3ximo fin de semana,\u00a0 la Herrer\u00eda Teatro ubicada en Sarmiento y Arg\u00fcero \u2013 San Miguel &#8211; retoma las funciones y actividades de manera presencial.<\/p>\n<p>La presencialidad iniciar\u00e1 con la presentaci\u00f3n de los Hermanos Guerra, el d\u00eda s\u00e1bado con <strong>\u201cIr, Sobre Tierra\u201d<\/strong> y el d\u00eda domingo con <strong>\u201cYo Sabo\u201d.<\/strong><\/p>\n<p>La Herrer\u00eda Teatro vuelve a las funciones, de manera presencial, luego del comienzo de la pandemia.<\/p>\n<p>En di\u00e1logo con el programa radial \u201cEncuentro con las Noticias\u201d, Mariano Guerra, integrante de \u201cLos Hermanos Guerra\u201d y la \u201cHerrer\u00eda Teatro\u201d, se refiri\u00f3 a la vuelta a la presencialidad, <em>\u201cLa verdad que todav\u00eda estamos cayendo, organiz\u00e1ndonos, encontr\u00e1ndonos tambi\u00e9n en este nuevo regreso. (\u2026) La verdad que la pandemia nos atraves\u00f3 como a todes, bastante, y nos cost\u00f3 mucho llegar a este momento tan esperado por todes. Est\u00e1n empezando a cambiar muchas cosas, esto de las burbujas, lamentablemente tambi\u00e9n tenemos que empezar a cobrar una reserva, nosotros ven\u00edamos trabajando a la gorra. Son todas decisiones que nos empezaron a arrinconar y tuvimos que hacerlo\u201d.<\/em><\/p>\n<p>Guerra, adem\u00e1s, se refiri\u00f3 al trabajo que han realizado, durante este tiempo, en la Herrer\u00eda Teatro,<em> \u201cSomos 14 compa\u00f1eres, es un equipo grande y a ra\u00edz de ese equipo grande es que se sostiene el espacio tambi\u00e9n. Estamos en los \u00faltimos detalles, la estamos poniendo hermosa a la Herrer\u00eda, la pintamos por adentro, el piso, los telones los lavamos, las gradas. Esta como brillante, esta con los ojos bien abiertos para recibirles\u201d.<\/em><\/p>\n<p>Actualmente, el aforo de la Herrer\u00eda ronda las 40 \u2013 45 personas; as\u00ed lo remarc\u00f3 Mariano Guerra,<em> \u201cVamos a tener que cumplir con una capacidad limitada, de hasta 40 \u2013 45 personas, as\u00ed que van a ser s\u00faper limitadas las entradas. Esperemos que se pueda, de a poquito, ir abriendo un poco m\u00e1s la capacidad pero por ahora eso\u201d.<\/em><\/p>\n<p>Frente a las medidas sanitarias vigentes, y a la capacidad limitada por funci\u00f3n, la Herrer\u00eda se encuentra con un nuevo sistema de reserva de entradas mediante Alternativa Teatral<\/p>\n<p>Los valores de la reserva de las entradas var\u00edan desde los $300, $500 o $700 y podes reservar para \u00fanicamente una personas o por grupo familiar (amigxs, compa\u00f1eres, vecinx), es decir para la burbuja correspondiente.<\/p>\n<p>El valor de las entradas se completar\u00e1 el d\u00eda de la funci\u00f3n, mediante el habitual pas\u00f3 de la gorra.<\/p>\n<p><strong>Link de las reservas:<\/strong> https:\/\/linktr.ee\/laherreriateatro<\/p>\n<p>Una vez que realices el pago te llegara un mail de Alternativa Teatral confirmando las reservas.<\/p>\n<p>La primera funci\u00f3n, \u201cIr, Sobre Tierra\u201d ser\u00e1 el s\u00e1bado 18 de septiembre a partir de las 21 hs y el domingo \u201cYo Sabo\u201d, a partir de las 18hs. La Herrer\u00eda queda ubicada en Sarmiento y Arg\u00fcero, San Miguel.<\/p>\n<p>Compartimos la entrevista completa<\/p>\n<p><a href=\"https:\/\/archive.org\/details\/audio-mariano-guerra-15-09-2021\">Descargar<\/a><\/p>\n<audio class=\"wp-audio-shortcode\" id=\"audio-3961-2\" preload=\"none\" style=\"width: 100%;\" controls=\"controls\"><source type=\"audio\/mpeg\" src=\"https:\/\/archive.org\/download\/audio-mariano-guerra-15-09-2021\/AUDIO%20-%20MARIANO%20GUERRA%2015%2009%202021.mp3?_=2\" \/><a href=\"https:\/\/archive.org\/download\/audio-mariano-guerra-15-09-2021\/AUDIO%20-%20MARIANO%20GUERRA%2015%2009%202021.mp3\">https:\/\/archive.org\/download\/audio-mariano-guerra-15-09-2021\/AUDIO%20-%20MARIANO%20GUERRA%2015%2009%202021.mp3<\/a><\/audio>\n<div class=\"powerpress_player\" id=\"powerpress_player_8720\"><audio class=\"wp-audio-shortcode\" id=\"audio-3961-1\" preload=\"none\" style=\"width: 100%;\" controls=\"controls\"><source type=\"audio\/mpeg\" src=\"https:\/\/archive.org\/download\/audio-mariano-guerra-15-09-2021\/AUDIO%20-%20MARIANO%20GUERRA%2015%2009%202021.mp3?_=1\" \/><a href=\"https:\/\/archive.org\/download\/audio-mariano-guerra-15-09-2021\/AUDIO%20-%20MARIANO%20GUERRA%2015%2009%202021.mp3\">https:\/\/archive.org\/download\/audio-mariano-guerra-15-09-2021\/AUDIO%20-%20MARIANO%20GUERRA%2015%2009%202021.mp3<\/a><\/audio><\/div><p class=\"powerpress_links powerpress_links_mp3\" style=\"margin-bottom: 1px !important;\">Podcast: <a href=\"https:\/\/archive.org\/download\/audio-mariano-guerra-15-09-2021\/AUDIO%20-%20MARIANO%20GUERRA%2015%2009%202021.mp3\" class=\"powerpress_link_pinw\" target=\"_blank\" title=\"Reproducir en una nueva ventana\" onclick=\"return powerpress_pinw('https:\/\/fmtinkunaco.ar\/?powerpress_pinw=3961-podcast');\" rel=\"nofollow\">Reproducir en una nueva ventana<\/a> | <a href=\"https:\/\/archive.org\/download\/audio-mariano-guerra-15-09-2021\/AUDIO%20-%20MARIANO%20GUERRA%2015%2009%202021.mp3\" class=\"powerpress_link_d\" title=\"Descargar\" rel=\"nofollow\" download=\"AUDIO%20-%20MARIANO%20GUERRA%2015%2009%202021.mp3\">Descargar<\/a><\/p>","protected":false},"excerpt":{"rendered":"<p>El pr\u00f3ximo fin de semana,\u00a0 la Herrer\u00eda Teatro ubicada en Sarmiento y Arg\u00fcero \u2013 San Miguel &#8211; retoma las funciones y actividades de manera presencial. La presencialidad iniciar\u00e1 con la presentaci\u00f3n de los Hermanos Guerra, el d\u00eda s\u00e1bado con \u201cIr, Sobre Tierra\u201d y el d\u00eda domingo con \u201cYo Sabo\u201d. La Herrer\u00eda Teatro vuelve a las [&hellip;]<\/p>\n","protected":false},"author":1,"featured_media":3962,"comment_status":"open","ping_status":"open","sticky":false,"template":"","format":"standard","meta":{"footnotes":""},"categories":[3],"tags":[238,239,342,412,473],"class_list":["post-3961","post","type-post","status-publish","format-standard","has-post-thumbnail","hentry","category-cultura","tag-hermanos-guerra","tag-herreria-teatro","tag-municipio-de-san-miguel","tag-presencialidad","tag-teatro"],"_links":{"self":[{"href":"https:\/\/fmtinkunaco.ar\/index.php?rest_route=\/wp\/v2\/posts\/3961","targetHints":{"allow":["GET"]}}],"collection":[{"href":"https:\/\/fmtinkunaco.ar\/index.php?rest_route=\/wp\/v2\/posts"}],"about":[{"href":"https:\/\/fmtinkunaco.ar\/index.php?rest_route=\/wp\/v2\/types\/post"}],"author":[{"embeddable":true,"href":"https:\/\/fmtinkunaco.ar\/index.php?rest_route=\/wp\/v2\/users\/1"}],"replies":[{"embeddable":true,"href":"https:\/\/fmtinkunaco.ar\/index.php?rest_route=%2Fwp%2Fv2%2Fcomments&post=3961"}],"version-history":[{"count":0,"href":"https:\/\/fmtinkunaco.ar\/index.php?rest_route=\/wp\/v2\/posts\/3961\/revisions"}],"wp:featuredmedia":[{"embeddable":true,"href":"https:\/\/fmtinkunaco.ar\/index.php?rest_route=\/"}],"wp:attachment":[{"href":"https:\/\/fmtinkunaco.ar\/index.php?rest_route=%2Fwp%2Fv2%2Fmedia&parent=3961"}],"wp:term":[{"taxonomy":"category","embeddable":true,"href":"https:\/\/fmtinkunaco.ar\/index.php?rest_route=%2Fwp%2Fv2%2Fcategories&post=3961"},{"taxonomy":"post_tag","embeddable":true,"href":"https:\/\/fmtinkunaco.ar\/index.php?rest_route=%2Fwp%2Fv2%2Ftags&post=3961"}],"curies":[{"name":"wp","href":"https:\/\/api.w.org\/{rel}","templated":true}]}}