{"id":3974,"date":"2021-09-21T14:14:50","date_gmt":"2021-09-21T17:14:50","guid":{"rendered":"http:\/\/fmtinkunaco.com.ar\/?p=3974"},"modified":"2021-09-21T14:14:50","modified_gmt":"2021-09-21T17:14:50","slug":"segundo-dia-de-acampe-en-congreso-por-la-ley-de-acceso-a-la-tierra","status":"publish","type":"post","link":"https:\/\/fmtinkunaco.ar\/?p=3974","title":{"rendered":"Segundo d\u00eda de acampe en Congreso por la Ley de Acceso a la Tierra"},"content":{"rendered":"<p>Ayer, lunes 20 de septiembre, comenz\u00f3 el acampe en Plaza Congreso \u00a0para exigir el avance de la discusi\u00f3n por la Ley de Acceso a la Tierra, tratada en las comisiones de Agricultura y Asuntos Legislativos de Diputados, pero a\u00fan sin dictamen.<\/p>\n<p>Durante el acampe, se est\u00e1n desarrollando actividades como movilizaci\u00f3n, verdurazo, feriazo, charlas y talleres.<\/p>\n<p>Actualmente, El 70% de las familias que producen no son due\u00f1as de sus tierras, repercutiendo esto en un mayor costo para ellxs y, en consecuencia, para el producto.<\/p>\n<p>El a\u00f1o pasado, la Uni\u00f3n de Trabajadores de la Tierra, present\u00f3 el proyecto de <strong>#LeyDeAccesoALaTierraYA<\/strong>, iniciativa que busca crear un #ProcrearRural \u00a0para que las familias productoras de la tierra puedan acceder a cr\u00e9ditos blandos que les permitan comprar una vivienda digna y a una parcela donde producir alimentos.<\/p>\n<p>En di\u00e1logo con el programa \u201cEncuentro con las Noticias\u201d, Agust\u00edn Suarez, vocero de la Uni\u00f3n de Trabajadores de la Tierra, se refiri\u00f3 a la jornada de cierre del acampe, <em>\u201cEn la jornada de hoy vamos a estar arrancando con un verdurazo y un florazo, por el d\u00eda de la primavera,\u00a0 y despu\u00e9s vamos a estar realizando algunos talleres y charlas para estar cerrando con un festival con distintos artistas, amigos y amigas de la UTT\u201d.<\/em><\/p>\n<p>Finalmente, Su\u00e1rez, remarc\u00f3 <em>\u201cNosotros necesitamos que esta ley avance, pueda concretarse, para beneficiar a cientos de productores para poder acceder a un pedazo de tierra a trav\u00e9s de un cr\u00e9dito y que eso impacte positivamente en mas alimentos, en mejor calidad y en menor precio para toda la sociedad\u201d.<\/em><\/p>\n<p>A partir de las 17hs se llevar\u00e1 adelante el festival de cierre del acampe que contar\u00e1 con artistas como: Eruca Sativa, Sherpa, D\u00fao del mayorista, Sudor Marika, Susy Shock junt\u00f3 a Sebasti\u00e1n Holz y Cumbia Cumbia.<\/p>\n<p>Compartimos el testimonio completo<\/p>\n<p><a href=\"https:\/\/archive.org\/details\/audio-agustn-suarez-utt-21-09\">Descargar<\/a><\/p>\n<p>&nbsp;<\/p>\n<audio class=\"wp-audio-shortcode\" id=\"audio-3974-2\" preload=\"none\" style=\"width: 100%;\" controls=\"controls\"><source type=\"audio\/mpeg\" src=\"https:\/\/archive.org\/download\/audio-agustn-suarez-utt-21-09\/AUDIO%20-%20AGUSTN%20SUAREZ%20%28UTT%29%2021%2009%20.mp3?_=2\" \/><a href=\"https:\/\/archive.org\/download\/audio-agustn-suarez-utt-21-09\/AUDIO%20-%20AGUSTN%20SUAREZ%20%28UTT%29%2021%2009%20.mp3\">https:\/\/archive.org\/download\/audio-agustn-suarez-utt-21-09\/AUDIO%20-%20AGUSTN%20SUAREZ%20%28UTT%29%2021%2009%20.mp3<\/a><\/audio>\n<p>\u2800\u2800<\/p>\n<div class=\"powerpress_player\" id=\"powerpress_player_541\"><audio class=\"wp-audio-shortcode\" id=\"audio-3974-1\" preload=\"none\" style=\"width: 100%;\" controls=\"controls\"><source type=\"audio\/mpeg\" src=\"https:\/\/archive.org\/download\/audio-agustn-suarez-utt-21-09\/AUDIO%20-%20AGUSTN%20SUAREZ%20%28UTT%29%2021%2009%20.mp3?_=1\" \/><a href=\"https:\/\/archive.org\/download\/audio-agustn-suarez-utt-21-09\/AUDIO%20-%20AGUSTN%20SUAREZ%20%28UTT%29%2021%2009%20.mp3\">https:\/\/archive.org\/download\/audio-agustn-suarez-utt-21-09\/AUDIO%20-%20AGUSTN%20SUAREZ%20%28UTT%29%2021%2009%20.mp3<\/a><\/audio><\/div><p class=\"powerpress_links powerpress_links_mp3\" style=\"margin-bottom: 1px !important;\">Podcast: <a href=\"https:\/\/archive.org\/download\/audio-agustn-suarez-utt-21-09\/AUDIO%20-%20AGUSTN%20SUAREZ%20%28UTT%29%2021%2009%20.mp3\" class=\"powerpress_link_pinw\" target=\"_blank\" title=\"Reproducir en una nueva ventana\" onclick=\"return powerpress_pinw('https:\/\/fmtinkunaco.ar\/?powerpress_pinw=3974-podcast');\" rel=\"nofollow\">Reproducir en una nueva ventana<\/a> | <a href=\"https:\/\/archive.org\/download\/audio-agustn-suarez-utt-21-09\/AUDIO%20-%20AGUSTN%20SUAREZ%20%28UTT%29%2021%2009%20.mp3\" class=\"powerpress_link_d\" title=\"Descargar\" rel=\"nofollow\" download=\"AUDIO%20-%20AGUSTN%20SUAREZ%20%28UTT%29%2021%2009%20.mp3\">Descargar<\/a><\/p>","protected":false},"excerpt":{"rendered":"<p>Ayer, lunes 20 de septiembre, comenz\u00f3 el acampe en Plaza Congreso \u00a0para exigir el avance de la discusi\u00f3n por la Ley de Acceso a la Tierra, tratada en las comisiones de Agricultura y Asuntos Legislativos de Diputados, pero a\u00fan sin dictamen. Durante el acampe, se est\u00e1n desarrollando actividades como movilizaci\u00f3n, verdurazo, feriazo, charlas y talleres. [&hellip;]<\/p>\n","protected":false},"author":1,"featured_media":3975,"comment_status":"open","ping_status":"open","sticky":false,"template":"","format":"standard","meta":{"footnotes":""},"categories":[4],"tags":[281,507],"class_list":["post-3974","post","type-post","status-publish","format-standard","has-post-thumbnail","hentry","category-derechos-humanos","tag-ley-de-acceso-a-la-tierra","tag-utt"],"_links":{"self":[{"href":"https:\/\/fmtinkunaco.ar\/index.php?rest_route=\/wp\/v2\/posts\/3974","targetHints":{"allow":["GET"]}}],"collection":[{"href":"https:\/\/fmtinkunaco.ar\/index.php?rest_route=\/wp\/v2\/posts"}],"about":[{"href":"https:\/\/fmtinkunaco.ar\/index.php?rest_route=\/wp\/v2\/types\/post"}],"author":[{"embeddable":true,"href":"https:\/\/fmtinkunaco.ar\/index.php?rest_route=\/wp\/v2\/users\/1"}],"replies":[{"embeddable":true,"href":"https:\/\/fmtinkunaco.ar\/index.php?rest_route=%2Fwp%2Fv2%2Fcomments&post=3974"}],"version-history":[{"count":0,"href":"https:\/\/fmtinkunaco.ar\/index.php?rest_route=\/wp\/v2\/posts\/3974\/revisions"}],"wp:featuredmedia":[{"embeddable":true,"href":"https:\/\/fmtinkunaco.ar\/index.php?rest_route=\/"}],"wp:attachment":[{"href":"https:\/\/fmtinkunaco.ar\/index.php?rest_route=%2Fwp%2Fv2%2Fmedia&parent=3974"}],"wp:term":[{"taxonomy":"category","embeddable":true,"href":"https:\/\/fmtinkunaco.ar\/index.php?rest_route=%2Fwp%2Fv2%2Fcategories&post=3974"},{"taxonomy":"post_tag","embeddable":true,"href":"https:\/\/fmtinkunaco.ar\/index.php?rest_route=%2Fwp%2Fv2%2Ftags&post=3974"}],"curies":[{"name":"wp","href":"https:\/\/api.w.org\/{rel}","templated":true}]}}