{"id":3977,"date":"2021-09-22T09:59:17","date_gmt":"2021-09-22T12:59:17","guid":{"rendered":"http:\/\/fmtinkunaco.com.ar\/?p=3977"},"modified":"2021-09-22T09:59:17","modified_gmt":"2021-09-22T12:59:17","slug":"barrios-de-pie-se-movilizo-por-el-aumento-del-salario-minimo-vital-y-movil","status":"publish","type":"post","link":"https:\/\/fmtinkunaco.ar\/?p=3977","title":{"rendered":"Barrios de Pie se moviliz\u00f3 por el aumento del salario m\u00ednimo, vital y m\u00f3vil"},"content":{"rendered":"<p>En el d\u00eda de ayer, Barrios de Pie se moviliz\u00f3 en la Plaza de Mayo y en diferentes puntos del pa\u00eds exigiendo el aumento del salario m\u00ednimo, vital y m\u00f3vil.<\/p>\n<p>En di\u00e1logo con el programa radial \u201cEncuentro con las Noticias\u201d, Silvia Saravia, Coordinadora Nacional de Barrios de Pie, se refiri\u00f3 a la movilizaci\u00f3n del d\u00eda de ayer, <em>\u201cNos movilizamos en la Ciudad de Buenos Aires y en todo el pa\u00eds, y en muchas localidades del interior de la provincia de Buenos Aires en el marco de que se re\u00fane el Consejo del Salario y que va a determinar cu\u00e1l va a ser el aumento o el reajuste del salario m\u00ednimo, vital y m\u00f3vil. Para nosotros es una instancia muy importante porque de ese monto depende la referencia de los trabajadores formales, de los informales y tambi\u00e9n de quienes tienen como ingreso el potenciar trabajo\u201d.<\/em><\/p>\n<p>Saravia, adem\u00e1s, sostuvo <em>\u201cEn este \u00faltimo tiempo, el gobierno no ha hecho lo que hab\u00eda planteado en su campa\u00f1a, antes de asumir en la presidencia, que era que se iban a reajustar los ingresos siempre gan\u00e1ndole a la inflaci\u00f3n. Lamentablemente el \u00faltimo aumento fue del 35% en cuotas, en c\u00f3modas cuotas, a lo largo de varios meses y en el marco de que la inflaci\u00f3n acumulado hab\u00eda sido, pr\u00e1cticamente, del 50%\u201d.<\/em><\/p>\n<p>Finalmente, Saravia remarc\u00f3 la importancia de que el salario se acerque a la canasta b\u00e1sica, \u201cEs necesario que ese salario m\u00ednimo, vital y m\u00f3vil se acerque a la canasta b\u00e1sica que es lo que el propio INDEC plantea que necesita una familia de 4 integrantes para no caer en la l\u00ednea de pobreza. Y ese monto de $70 mil pesos es m\u00e1s que el doble de lo que hoy es el salario m\u00ednimo, as\u00ed que por eso es que creemos que el gobierno nacional debe tomar notas de lo que paso en las PASO\u201d.<\/p>\n<p>Compartimos el testimonio completo<\/p>\n<p><a href=\"https:\/\/archive.org\/details\/audio-silvia-saravia-22-09-2021\">Descargar<\/a><\/p>\n<p>&nbsp;<\/p>\n<audio class=\"wp-audio-shortcode\" id=\"audio-3977-2\" preload=\"none\" style=\"width: 100%;\" controls=\"controls\"><source type=\"audio\/mpeg\" src=\"https:\/\/archive.org\/download\/audio-silvia-saravia-22-09-2021\/AUDIO%20-%20SILVIA%20SARAVIA%2022%2009%202021.mp3?_=2\" \/><a href=\"https:\/\/archive.org\/download\/audio-silvia-saravia-22-09-2021\/AUDIO%20-%20SILVIA%20SARAVIA%2022%2009%202021.mp3\">https:\/\/archive.org\/download\/audio-silvia-saravia-22-09-2021\/AUDIO%20-%20SILVIA%20SARAVIA%2022%2009%202021.mp3<\/a><\/audio>\n<div class=\"powerpress_player\" id=\"powerpress_player_5937\"><audio class=\"wp-audio-shortcode\" id=\"audio-3977-1\" preload=\"none\" style=\"width: 100%;\" controls=\"controls\"><source type=\"audio\/mpeg\" src=\"https:\/\/archive.org\/download\/audio-silvia-saravia-22-09-2021\/AUDIO%20-%20SILVIA%20SARAVIA%2022%2009%202021.mp3?_=1\" \/><a href=\"https:\/\/archive.org\/download\/audio-silvia-saravia-22-09-2021\/AUDIO%20-%20SILVIA%20SARAVIA%2022%2009%202021.mp3\">https:\/\/archive.org\/download\/audio-silvia-saravia-22-09-2021\/AUDIO%20-%20SILVIA%20SARAVIA%2022%2009%202021.mp3<\/a><\/audio><\/div><p class=\"powerpress_links powerpress_links_mp3\" style=\"margin-bottom: 1px !important;\">Podcast: <a href=\"https:\/\/archive.org\/download\/audio-silvia-saravia-22-09-2021\/AUDIO%20-%20SILVIA%20SARAVIA%2022%2009%202021.mp3\" class=\"powerpress_link_pinw\" target=\"_blank\" title=\"Reproducir en una nueva ventana\" onclick=\"return powerpress_pinw('https:\/\/fmtinkunaco.ar\/?powerpress_pinw=3977-podcast');\" rel=\"nofollow\">Reproducir en una nueva ventana<\/a> | <a href=\"https:\/\/archive.org\/download\/audio-silvia-saravia-22-09-2021\/AUDIO%20-%20SILVIA%20SARAVIA%2022%2009%202021.mp3\" class=\"powerpress_link_d\" title=\"Descargar\" rel=\"nofollow\" download=\"AUDIO%20-%20SILVIA%20SARAVIA%2022%2009%202021.mp3\">Descargar<\/a><\/p>","protected":false},"excerpt":{"rendered":"<p>En el d\u00eda de ayer, Barrios de Pie se moviliz\u00f3 en la Plaza de Mayo y en diferentes puntos del pa\u00eds exigiendo el aumento del salario m\u00ednimo, vital y m\u00f3vil. En di\u00e1logo con el programa radial \u201cEncuentro con las Noticias\u201d, Silvia Saravia, Coordinadora Nacional de Barrios de Pie, se refiri\u00f3 a la movilizaci\u00f3n del d\u00eda [&hellip;]<\/p>\n","protected":false},"author":1,"featured_media":3978,"comment_status":"open","ping_status":"open","sticky":false,"template":"","format":"standard","meta":{"footnotes":""},"categories":[4,9],"tags":[62,438,462],"class_list":["post-3977","post","type-post","status-publish","format-standard","has-post-thumbnail","hentry","category-derechos-humanos","category-sociedad","tag-barrios-de-pie","tag-salario-minimo-vital-y-movil","tag-silvia-saravia"],"_links":{"self":[{"href":"https:\/\/fmtinkunaco.ar\/index.php?rest_route=\/wp\/v2\/posts\/3977","targetHints":{"allow":["GET"]}}],"collection":[{"href":"https:\/\/fmtinkunaco.ar\/index.php?rest_route=\/wp\/v2\/posts"}],"about":[{"href":"https:\/\/fmtinkunaco.ar\/index.php?rest_route=\/wp\/v2\/types\/post"}],"author":[{"embeddable":true,"href":"https:\/\/fmtinkunaco.ar\/index.php?rest_route=\/wp\/v2\/users\/1"}],"replies":[{"embeddable":true,"href":"https:\/\/fmtinkunaco.ar\/index.php?rest_route=%2Fwp%2Fv2%2Fcomments&post=3977"}],"version-history":[{"count":0,"href":"https:\/\/fmtinkunaco.ar\/index.php?rest_route=\/wp\/v2\/posts\/3977\/revisions"}],"wp:featuredmedia":[{"embeddable":true,"href":"https:\/\/fmtinkunaco.ar\/index.php?rest_route=\/"}],"wp:attachment":[{"href":"https:\/\/fmtinkunaco.ar\/index.php?rest_route=%2Fwp%2Fv2%2Fmedia&parent=3977"}],"wp:term":[{"taxonomy":"category","embeddable":true,"href":"https:\/\/fmtinkunaco.ar\/index.php?rest_route=%2Fwp%2Fv2%2Fcategories&post=3977"},{"taxonomy":"post_tag","embeddable":true,"href":"https:\/\/fmtinkunaco.ar\/index.php?rest_route=%2Fwp%2Fv2%2Ftags&post=3977"}],"curies":[{"name":"wp","href":"https:\/\/api.w.org\/{rel}","templated":true}]}}