{"id":3983,"date":"2021-09-23T09:11:00","date_gmt":"2021-09-23T12:11:00","guid":{"rendered":"http:\/\/fmtinkunaco.com.ar\/?p=3983"},"modified":"2021-09-23T09:11:00","modified_gmt":"2021-09-23T12:11:00","slug":"la-muestra-presencias-se-inauguro-en-el-multiespacio-de-la-ungs","status":"publish","type":"post","link":"https:\/\/fmtinkunaco.ar\/?p=3983","title":{"rendered":"La muestra \u201cPresencias\u201d se inaugur\u00f3 en el Multiespacio de la UNGS"},"content":{"rendered":"<p>La muestra <strong>\u201cPresencias\u201d<\/strong> qued\u00f3 inaugurada el d\u00eda martes en el Multiespacio Cultural de la Universidad Nacional de General Sarmiento.<\/p>\n<p>La muestra es una instalaci\u00f3n visual y sonora que nos traslada de manera ineludible a lo ocurrido en la \u00faltima dictadura c\u00edvico-militar y eclesi\u00e1stica, desde la mirada de su autor Nicol\u00e1s Arr\u00fae; quien es Arquitecto, Artista e hijo de un desaparecido durante la dictadura militar.<\/p>\n<p>En di\u00e1logo con la Radio FM Tinkunaco, Nicol\u00e1s Arr\u00fae, se refiri\u00f3 a la muestra, <em>\u201cPresencias es una instalaci\u00f3n art\u00edstica que consta de unos paneles estelados, donde en los paneles se va proyectando en secuencia sombras de distintas personas y a cada sombra le corresponde, tambi\u00e9n, un sonido entonces se va armando como una secuencia, un relato entre la sombra y los sonidos que se van alternando y que tiene que ver con lo que es caer en la presencias de nuestros desaparecidos\u201d.<\/em><\/p>\n<p>Esta muestra fue creada en el a\u00f1o 2012 y, desde ese momento, recorre diferentes puntos del pa\u00eds. As\u00ed lo explic\u00f3 Arr\u00fae, <em>\u201cEs una obra que yo hice en el a\u00f1o 2012, la inauguramos en el edificio cuatro columnas en la Ex Esma y que fue una parte para mi importante de mi propia b\u00fasqueda como hijo de mi papa desaparecido Horacio Arr\u00fae pero desde una comprensi\u00f3n de que esto es algo que nos incumbe a todas y todos y me parece que el recurso de las sombras tiene esa capacidad de que cada uno se la puede apropiar de forma distinta, no es un relato cerrado\u201d.<\/em><\/p>\n<p><strong>\u201cPresencias\u201d<\/strong> es una muestra que se pensaba inaugurar el 24 de marzo del 2020, pero a ra\u00edz de la situaci\u00f3n pandemica\u00a0 y el aislamiento obligatorio se inaugur\u00f3 antes de ayer, el martes 21 de septiembre en el marco de las actividades de la UNGS por el d\u00eda de la primavera.<\/p>\n<p>En principio, la muestra puede ser visitada hasta el d\u00eda de hoy; se prev\u00e9 que durante el mes de octubre, en un marco de actividades universitarias normales, la muestra pueda volver a ser visitada.<\/p>\n<p>Compartimos la entrevista completa<\/p>\n<p><a href=\"https:\/\/archive.org\/details\/audio-nicolas-arrue-23-09-2021\">Descargar<\/a><\/p>\n<p>&nbsp;<\/p>\n<audio class=\"wp-audio-shortcode\" id=\"audio-3983-2\" preload=\"none\" style=\"width: 100%;\" controls=\"controls\"><source type=\"audio\/mpeg\" src=\"https:\/\/archive.org\/download\/audio-nicolas-arrue-23-09-2021\/AUDIO%20-%20NICOLAS%20ARRUE%2023%2009%202021.mp3?_=2\" \/><a href=\"https:\/\/archive.org\/download\/audio-nicolas-arrue-23-09-2021\/AUDIO%20-%20NICOLAS%20ARRUE%2023%2009%202021.mp3\">https:\/\/archive.org\/download\/audio-nicolas-arrue-23-09-2021\/AUDIO%20-%20NICOLAS%20ARRUE%2023%2009%202021.mp3<\/a><\/audio>\n<div class=\"powerpress_player\" id=\"powerpress_player_4167\"><audio class=\"wp-audio-shortcode\" id=\"audio-3983-1\" preload=\"none\" style=\"width: 100%;\" controls=\"controls\"><source type=\"audio\/mpeg\" src=\"https:\/\/archive.org\/download\/audio-nicolas-arrue-23-09-2021\/AUDIO%20-%20NICOLAS%20ARRUE%2023%2009%202021.mp3?_=1\" \/><a href=\"https:\/\/archive.org\/download\/audio-nicolas-arrue-23-09-2021\/AUDIO%20-%20NICOLAS%20ARRUE%2023%2009%202021.mp3\">https:\/\/archive.org\/download\/audio-nicolas-arrue-23-09-2021\/AUDIO%20-%20NICOLAS%20ARRUE%2023%2009%202021.mp3<\/a><\/audio><\/div><p class=\"powerpress_links powerpress_links_mp3\" style=\"margin-bottom: 1px !important;\">Podcast: <a href=\"https:\/\/archive.org\/download\/audio-nicolas-arrue-23-09-2021\/AUDIO%20-%20NICOLAS%20ARRUE%2023%2009%202021.mp3\" class=\"powerpress_link_pinw\" target=\"_blank\" title=\"Reproducir en una nueva ventana\" onclick=\"return powerpress_pinw('https:\/\/fmtinkunaco.ar\/?powerpress_pinw=3983-podcast');\" rel=\"nofollow\">Reproducir en una nueva ventana<\/a> | <a href=\"https:\/\/archive.org\/download\/audio-nicolas-arrue-23-09-2021\/AUDIO%20-%20NICOLAS%20ARRUE%2023%2009%202021.mp3\" class=\"powerpress_link_d\" title=\"Descargar\" rel=\"nofollow\" download=\"AUDIO%20-%20NICOLAS%20ARRUE%2023%2009%202021.mp3\">Descargar<\/a><\/p>","protected":false},"excerpt":{"rendered":"<p>La muestra \u201cPresencias\u201d qued\u00f3 inaugurada el d\u00eda martes en el Multiespacio Cultural de la Universidad Nacional de General Sarmiento. La muestra es una instalaci\u00f3n visual y sonora que nos traslada de manera ineludible a lo ocurrido en la \u00faltima dictadura c\u00edvico-militar y eclesi\u00e1stica, desde la mirada de su autor Nicol\u00e1s Arr\u00fae; quien es Arquitecto, Artista [&hellip;]<\/p>\n","protected":false},"author":1,"featured_media":3984,"comment_status":"open","ping_status":"open","sticky":false,"template":"","format":"standard","meta":{"footnotes":""},"categories":[3],"tags":[334,351,413],"class_list":["post-3983","post","type-post","status-publish","format-standard","has-post-thumbnail","hentry","category-cultura","tag-multiespacio-ungs","tag-nicolas-arrue","tag-presencias"],"_links":{"self":[{"href":"https:\/\/fmtinkunaco.ar\/index.php?rest_route=\/wp\/v2\/posts\/3983","targetHints":{"allow":["GET"]}}],"collection":[{"href":"https:\/\/fmtinkunaco.ar\/index.php?rest_route=\/wp\/v2\/posts"}],"about":[{"href":"https:\/\/fmtinkunaco.ar\/index.php?rest_route=\/wp\/v2\/types\/post"}],"author":[{"embeddable":true,"href":"https:\/\/fmtinkunaco.ar\/index.php?rest_route=\/wp\/v2\/users\/1"}],"replies":[{"embeddable":true,"href":"https:\/\/fmtinkunaco.ar\/index.php?rest_route=%2Fwp%2Fv2%2Fcomments&post=3983"}],"version-history":[{"count":0,"href":"https:\/\/fmtinkunaco.ar\/index.php?rest_route=\/wp\/v2\/posts\/3983\/revisions"}],"wp:featuredmedia":[{"embeddable":true,"href":"https:\/\/fmtinkunaco.ar\/index.php?rest_route=\/"}],"wp:attachment":[{"href":"https:\/\/fmtinkunaco.ar\/index.php?rest_route=%2Fwp%2Fv2%2Fmedia&parent=3983"}],"wp:term":[{"taxonomy":"category","embeddable":true,"href":"https:\/\/fmtinkunaco.ar\/index.php?rest_route=%2Fwp%2Fv2%2Fcategories&post=3983"},{"taxonomy":"post_tag","embeddable":true,"href":"https:\/\/fmtinkunaco.ar\/index.php?rest_route=%2Fwp%2Fv2%2Ftags&post=3983"}],"curies":[{"name":"wp","href":"https:\/\/api.w.org\/{rel}","templated":true}]}}