{"id":3991,"date":"2021-09-23T14:12:10","date_gmt":"2021-09-23T17:12:10","guid":{"rendered":"http:\/\/fmtinkunaco.com.ar\/?p=3991"},"modified":"2021-09-23T14:12:10","modified_gmt":"2021-09-23T17:12:10","slug":"se-inauguro-la-muestra-rebelion-de-roxana-cohen-falah-y-jorge-araldi","status":"publish","type":"post","link":"https:\/\/fmtinkunaco.ar\/?p=3991","title":{"rendered":"Se inaugur\u00f3 la muestra \u201cRebeli\u00f3n\u201d de Roxana Cohen Falah y Jorge Araldi"},"content":{"rendered":"<p>El martes, 22 se septiembre, en el marco de las actividad por el d\u00eda de la primavera organizadas en la Universidad Nacional de General Sarmiento (UNGS), qued\u00f3 inaugurada la muestra \u201cRebeli\u00f3n\u201d de Roxana Cohen Falah y Jorge Araldi.<\/p>\n<p>En di\u00e1logo con el programa radial \u201cEncuentro con las Noticias\u201d, Roxana Cohen Falah, Ceramista y Escultora, se refiri\u00f3 a esta muestra, <em>\u201cRebeli\u00f3n tiene la parte de las pinturas y una instalaci\u00f3n cer\u00e1mica, las pinturas se rebelan contra la naturalizaci\u00f3n de la vida urbana. Hay toda una suerte de pregunta por el ser urbano, esta cosa de que nos ponen las cebras de la calle para caminar para decirnos por d\u00f3nde caminar, los paraguas que no nos protegen de la lluvia. El vacio, hay como seres cayendo a un vacio de cebras en la calle. Ah\u00ed la pintura se rebela contra eso. Y luego, en la instalaci\u00f3n es contra las voces desaparecidas, lo que intenta la instalaci\u00f3n es que vos entras y es como un clima muy sobrecogedor, todo cerrados con telas negras y apenas unas luces al nivel del piso y unas placas de cer\u00e1mica que tienen inscripciones esgrafiada, como si fueran talladas, que cuentan c\u00f3mo eran los desaparecidos\u201d.<\/em><\/p>\n<p>La muestra puede ser visitada hasta el mes de noviembre, as\u00ed lo remarc\u00f3 Cohen, <em>\u201cLa muestra se puede recorrer hasta fin de noviembre, hay que avisar de todos modos. Tenemos un instagram que es @rebelion_9; ah\u00ed nos pueden avisar porque todav\u00eda no se defini\u00f3 si va a ser quincenal o si vamos a armar grupos y vamos a ir yendo.\u00a0 Porque hoy y ma\u00f1ana, todav\u00eda la universidad est\u00e1 abierta porque est\u00e1n haciendo festejos del d\u00eda de la primavera, entonces el espacio est\u00e1 abierto pero luego hay que avisar para que nos abran el espacio\u201d.<\/em><\/p>\n<p>Hoy y ma\u00f1ana, la muestra est\u00e1 disponible de 14 a 19 hs en el multiespacio cultural de la Universidad Nacional de General Sarmiento.<\/p>\n<p>Compartimos la entrevista completa<\/p>\n<p><a href=\"https:\/\/archive.org\/details\/audio-roxana-cohen-falah-23-09-2021\">Descargar<\/a><\/p>\n<p>&nbsp;<\/p>\n<audio class=\"wp-audio-shortcode\" id=\"audio-3991-2\" preload=\"none\" style=\"width: 100%;\" controls=\"controls\"><source type=\"audio\/mpeg\" src=\"https:\/\/archive.org\/download\/audio-roxana-cohen-falah-23-09-2021\/AUDIO%20-%20ROXANA%20COHEN%20FALAH%2023%2009%202021.mp3?_=2\" \/><a href=\"https:\/\/archive.org\/download\/audio-roxana-cohen-falah-23-09-2021\/AUDIO%20-%20ROXANA%20COHEN%20FALAH%2023%2009%202021.mp3\">https:\/\/archive.org\/download\/audio-roxana-cohen-falah-23-09-2021\/AUDIO%20-%20ROXANA%20COHEN%20FALAH%2023%2009%202021.mp3<\/a><\/audio>\n<div class=\"powerpress_player\" id=\"powerpress_player_3805\"><audio class=\"wp-audio-shortcode\" id=\"audio-3991-1\" preload=\"none\" style=\"width: 100%;\" controls=\"controls\"><source type=\"audio\/mpeg\" src=\"https:\/\/archive.org\/download\/audio-roxana-cohen-falah-23-09-2021\/AUDIO%20-%20ROXANA%20COHEN%20FALAH%2023%2009%202021.mp3?_=1\" \/><a href=\"https:\/\/archive.org\/download\/audio-roxana-cohen-falah-23-09-2021\/AUDIO%20-%20ROXANA%20COHEN%20FALAH%2023%2009%202021.mp3\">https:\/\/archive.org\/download\/audio-roxana-cohen-falah-23-09-2021\/AUDIO%20-%20ROXANA%20COHEN%20FALAH%2023%2009%202021.mp3<\/a><\/audio><\/div><p class=\"powerpress_links powerpress_links_mp3\" style=\"margin-bottom: 1px !important;\">Podcast: <a href=\"https:\/\/archive.org\/download\/audio-roxana-cohen-falah-23-09-2021\/AUDIO%20-%20ROXANA%20COHEN%20FALAH%2023%2009%202021.mp3\" class=\"powerpress_link_pinw\" target=\"_blank\" title=\"Reproducir en una nueva ventana\" onclick=\"return powerpress_pinw('https:\/\/fmtinkunaco.ar\/?powerpress_pinw=3991-podcast');\" rel=\"nofollow\">Reproducir en una nueva ventana<\/a> | <a href=\"https:\/\/archive.org\/download\/audio-roxana-cohen-falah-23-09-2021\/AUDIO%20-%20ROXANA%20COHEN%20FALAH%2023%2009%202021.mp3\" class=\"powerpress_link_d\" title=\"Descargar\" rel=\"nofollow\" download=\"AUDIO%20-%20ROXANA%20COHEN%20FALAH%2023%2009%202021.mp3\">Descargar<\/a><\/p>","protected":false},"excerpt":{"rendered":"<p>El martes, 22 se septiembre, en el marco de las actividad por el d\u00eda de la primavera organizadas en la Universidad Nacional de General Sarmiento (UNGS), qued\u00f3 inaugurada la muestra \u201cRebeli\u00f3n\u201d de Roxana Cohen Falah y Jorge Araldi. En di\u00e1logo con el programa radial \u201cEncuentro con las Noticias\u201d, Roxana Cohen Falah, Ceramista y Escultora, se [&hellip;]<\/p>\n","protected":false},"author":1,"featured_media":3992,"comment_status":"open","ping_status":"open","sticky":false,"template":"","format":"standard","meta":{"footnotes":""},"categories":[3],"tags":[],"class_list":["post-3991","post","type-post","status-publish","format-standard","has-post-thumbnail","hentry","category-cultura"],"_links":{"self":[{"href":"https:\/\/fmtinkunaco.ar\/index.php?rest_route=\/wp\/v2\/posts\/3991","targetHints":{"allow":["GET"]}}],"collection":[{"href":"https:\/\/fmtinkunaco.ar\/index.php?rest_route=\/wp\/v2\/posts"}],"about":[{"href":"https:\/\/fmtinkunaco.ar\/index.php?rest_route=\/wp\/v2\/types\/post"}],"author":[{"embeddable":true,"href":"https:\/\/fmtinkunaco.ar\/index.php?rest_route=\/wp\/v2\/users\/1"}],"replies":[{"embeddable":true,"href":"https:\/\/fmtinkunaco.ar\/index.php?rest_route=%2Fwp%2Fv2%2Fcomments&post=3991"}],"version-history":[{"count":0,"href":"https:\/\/fmtinkunaco.ar\/index.php?rest_route=\/wp\/v2\/posts\/3991\/revisions"}],"wp:featuredmedia":[{"embeddable":true,"href":"https:\/\/fmtinkunaco.ar\/index.php?rest_route=\/"}],"wp:attachment":[{"href":"https:\/\/fmtinkunaco.ar\/index.php?rest_route=%2Fwp%2Fv2%2Fmedia&parent=3991"}],"wp:term":[{"taxonomy":"category","embeddable":true,"href":"https:\/\/fmtinkunaco.ar\/index.php?rest_route=%2Fwp%2Fv2%2Fcategories&post=3991"},{"taxonomy":"post_tag","embeddable":true,"href":"https:\/\/fmtinkunaco.ar\/index.php?rest_route=%2Fwp%2Fv2%2Ftags&post=3991"}],"curies":[{"name":"wp","href":"https:\/\/api.w.org\/{rel}","templated":true}]}}