{"id":4033,"date":"2021-10-06T14:41:51","date_gmt":"2021-10-06T17:41:51","guid":{"rendered":"http:\/\/fmtinkunaco.com.ar\/?p=4033"},"modified":"2021-10-06T14:41:51","modified_gmt":"2021-10-06T17:41:51","slug":"el-espacio-torrente-teatral-con-nuevos-proyectos","status":"publish","type":"post","link":"https:\/\/fmtinkunaco.ar\/?p=4033","title":{"rendered":"El Espacio Torrente Teatral y la Comedia del Pilar con nuevos proyectos"},"content":{"rendered":"<p>El Espacio Torrente Teatral y la Comedia del Pilar retomaron la presencialidad, tanto en lo que a los talleres en el espacio refiere como a las presentaciones de la Comedia del Pilar con p\u00fablico y, en este marco, adelanta que tienen nuevos proyectos y una agenda de octubre ya definida.<\/p>\n<p>En di\u00e1logo con el programa radial \u201cEncuentro con las Noticias\u201d, Mart\u00edn Simeoni, referente de Torrente Espacio Teatral y Director de la Comedia del Pilar, se refiri\u00f3 a la emoci\u00f3n por el encuentro con el publico luego de las nuevas reaperturas, <em>\u201cCuando se empezaron a haber las nuevas reaperturas nos embalamos de vuelta y empezamos, de a poquito, en septiembre con las clases presenciales y empezar con la Comedia del Pilar a girar con la obra. De a poquito se va aumentando el aforo, est\u00e1bamos en un 30, ahora en un 50 y tambi\u00e9n notamos que la gente se va animando m\u00e1s, a medida que se vacunando, se va sintiendo segura, se anima mas a tomar talleres, a verse una obra de teatro. De a poquito se va animando, la vida social se va recuperando\u201d.<\/em><\/p>\n<p>En esta l\u00ednea, Simeoni, remarc\u00f3 <em>\u201cFue muy emocionante cuando volvimos en septiembre, los primeros d\u00edas de septiembre, que volvimos con una obra que se llama la Espera Tr\u00e1gica y fue muy emocionante haber escuchado los aplausos en el sal\u00f3n de torrente despu\u00e9s de m\u00e1s de un a\u00f1o. (\u2026) los aplausos volvieron a tomar vida y la verdad que fue muy emocionante, por m\u00e1s que seamos poquitos por ahora pero era necesario ese reencuentro. Durante mucho tiempo la gente, los actores, las actrices, los alumnos le estuvieron poniendo mucha garra a la virtualidad, a conectarse desde la casa y realmente es para valorar y destacar todo este a\u00f1o y medio que hemos pasado\u201d.<\/em><\/p>\n<p>Finalmente, Mart\u00edn Simeoni, se refiri\u00f3 a las primeros proyectos de la Comedia del Pilar y en Torrente, <em>\u201cLa idea nuestra con la Comedia del Pilar es, primero, ir recuperando todas las obras que ten\u00edamos en cartelera. \u00a0(\u2026) Con la Comedia es ir a los colegios o que los colegios nos vengan a ver, ese contacto con el p\u00fablico joven, empezar a formar de a poquito espectadores.<\/em><br \/>\n<em> (\u2026) \u00a0En Torrente seguimos con los talleres para adultos, para ni\u00f1os, ni\u00f1as, adolescentes, vamos a meter este mes taller de t\u00edteres, talles de clowns. Y vamos a hacer la primer muestra presencial de los alumnos y alumnas de Torrente que la ven\u00edan haciendo por zoom\u201d.<\/em><\/p>\n<p>Compartimos la entrevista completa<\/p>\n<p><a href=\"https:\/\/archive.org\/details\/audio-martin-simeoni-06-10-2021\">Descargar<\/a><\/p>\n<audio class=\"wp-audio-shortcode\" id=\"audio-4033-2\" preload=\"none\" style=\"width: 100%;\" controls=\"controls\"><source type=\"audio\/mpeg\" src=\"https:\/\/archive.org\/download\/audio-martin-simeoni-06-10-2021\/AUDIO%20-%20MARTIN%20SIMEONI%2006%2010%202021.mp3?_=2\" \/><a href=\"https:\/\/archive.org\/download\/audio-martin-simeoni-06-10-2021\/AUDIO%20-%20MARTIN%20SIMEONI%2006%2010%202021.mp3\">https:\/\/archive.org\/download\/audio-martin-simeoni-06-10-2021\/AUDIO%20-%20MARTIN%20SIMEONI%2006%2010%202021.mp3<\/a><\/audio>\n<div class=\"powerpress_player\" id=\"powerpress_player_2183\"><audio class=\"wp-audio-shortcode\" id=\"audio-4033-1\" preload=\"none\" style=\"width: 100%;\" controls=\"controls\"><source type=\"audio\/mpeg\" src=\"https:\/\/archive.org\/download\/audio-martin-simeoni-06-10-2021\/AUDIO%20-%20MARTIN%20SIMEONI%2006%2010%202021.mp3?_=1\" \/><a href=\"https:\/\/archive.org\/download\/audio-martin-simeoni-06-10-2021\/AUDIO%20-%20MARTIN%20SIMEONI%2006%2010%202021.mp3\">https:\/\/archive.org\/download\/audio-martin-simeoni-06-10-2021\/AUDIO%20-%20MARTIN%20SIMEONI%2006%2010%202021.mp3<\/a><\/audio><\/div><p class=\"powerpress_links powerpress_links_mp3\" style=\"margin-bottom: 1px !important;\">Podcast: <a href=\"https:\/\/archive.org\/download\/audio-martin-simeoni-06-10-2021\/AUDIO%20-%20MARTIN%20SIMEONI%2006%2010%202021.mp3\" class=\"powerpress_link_pinw\" target=\"_blank\" title=\"Reproducir en una nueva ventana\" onclick=\"return powerpress_pinw('https:\/\/fmtinkunaco.ar\/?powerpress_pinw=4033-podcast');\" rel=\"nofollow\">Reproducir en una nueva ventana<\/a> | <a href=\"https:\/\/archive.org\/download\/audio-martin-simeoni-06-10-2021\/AUDIO%20-%20MARTIN%20SIMEONI%2006%2010%202021.mp3\" class=\"powerpress_link_d\" title=\"Descargar\" rel=\"nofollow\" download=\"AUDIO%20-%20MARTIN%20SIMEONI%2006%2010%202021.mp3\">Descargar<\/a><\/p>","protected":false},"excerpt":{"rendered":"<p>El Espacio Torrente Teatral y la Comedia del Pilar retomaron la presencialidad, tanto en lo que a los talleres en el espacio refiere como a las presentaciones de la Comedia del Pilar con p\u00fablico y, en este marco, adelanta que tienen nuevos proyectos y una agenda de octubre ya definida. En di\u00e1logo con el programa [&hellip;]<\/p>\n","protected":false},"author":1,"featured_media":4034,"comment_status":"open","ping_status":"open","sticky":false,"template":"","format":"standard","meta":{"footnotes":""},"categories":[3],"tags":[],"class_list":["post-4033","post","type-post","status-publish","format-standard","has-post-thumbnail","hentry","category-cultura"],"_links":{"self":[{"href":"https:\/\/fmtinkunaco.ar\/index.php?rest_route=\/wp\/v2\/posts\/4033","targetHints":{"allow":["GET"]}}],"collection":[{"href":"https:\/\/fmtinkunaco.ar\/index.php?rest_route=\/wp\/v2\/posts"}],"about":[{"href":"https:\/\/fmtinkunaco.ar\/index.php?rest_route=\/wp\/v2\/types\/post"}],"author":[{"embeddable":true,"href":"https:\/\/fmtinkunaco.ar\/index.php?rest_route=\/wp\/v2\/users\/1"}],"replies":[{"embeddable":true,"href":"https:\/\/fmtinkunaco.ar\/index.php?rest_route=%2Fwp%2Fv2%2Fcomments&post=4033"}],"version-history":[{"count":0,"href":"https:\/\/fmtinkunaco.ar\/index.php?rest_route=\/wp\/v2\/posts\/4033\/revisions"}],"wp:featuredmedia":[{"embeddable":true,"href":"https:\/\/fmtinkunaco.ar\/index.php?rest_route=\/"}],"wp:attachment":[{"href":"https:\/\/fmtinkunaco.ar\/index.php?rest_route=%2Fwp%2Fv2%2Fmedia&parent=4033"}],"wp:term":[{"taxonomy":"category","embeddable":true,"href":"https:\/\/fmtinkunaco.ar\/index.php?rest_route=%2Fwp%2Fv2%2Fcategories&post=4033"},{"taxonomy":"post_tag","embeddable":true,"href":"https:\/\/fmtinkunaco.ar\/index.php?rest_route=%2Fwp%2Fv2%2Ftags&post=4033"}],"curies":[{"name":"wp","href":"https:\/\/api.w.org\/{rel}","templated":true}]}}