{"id":4054,"date":"2021-10-14T13:25:25","date_gmt":"2021-10-14T16:25:25","guid":{"rendered":"http:\/\/fmtinkunaco.com.ar\/?p=4054"},"modified":"2021-10-14T13:25:25","modified_gmt":"2021-10-14T16:25:25","slug":"mujeres-en-accion-somos-200-mujeres-emprendedoras","status":"publish","type":"post","link":"https:\/\/fmtinkunaco.ar\/?p=4054","title":{"rendered":"Mujeres en Acci\u00f3n: \u201cSomos 200 mujeres emprendedoras\u201d"},"content":{"rendered":"<p>\u201cMujeres en Acci\u00f3n\u201d es una asociaci\u00f3n civil conformada en 2018, en Presidente Derqui, con el objetivo de visibilizar y fomentar el trabajo de la mujer emprendedora en el partido de Pilar y remarcando la importancia de la independencia econ\u00f3mica de la mujer.<\/p>\n<p>El espacio, adem\u00e1s, de llevar adelante ferias colectivas tienen fines solidarios y organizan eventos culturales.<\/p>\n<p>En di\u00e1logo con el programa radial \u201cEncuentro con las Noticias\u201d, Marianela, referente de Mujeres en Acci\u00f3n, se refiri\u00f3 a los comienzos de este proyecto, <em>\u201cEn el 2018 arrancamos siendo 20, hoy somos socia vitalicias 130 pero hay dentro del grupo 200 emprendedoras. Hay muchas que est\u00e1n dentro de la organizaci\u00f3n y por ah\u00ed no est\u00e1n pagando la cuota social pero son parte del proyecto tambi\u00e9n. \u00a0Tenemos una cuota social, hace poco nos hicimos la asociaci\u00f3n civil y vamos por la personer\u00eda jur\u00eddica ahora, as\u00ed que est\u00e1n todas incluidas. Maso menos somos 200 mujeres de distintas partes del distrito\u201d<\/em>.<\/p>\n<p>Marianela, tambi\u00e9n, describi\u00f3 el modo de trabajo, <em>\u201cNos distribuimos por las distintas ferias locales que hay, tanto las que se organizan de parte del municipio como en las ferias privadas. Y las distintas emprendedoras difundimos y apoyamos todo nuestro trabajo. Cada una tiene su emprendimiento pero el grupo sostiene y da mayor difusi\u00f3n la pagina y la organizaci\u00f3n a que se pueda promover todo lo que cada emprendedora hace\u201d<\/em>.<\/p>\n<p>En el marco del D\u00eda de la Madre, el pr\u00f3ximo s\u00e1bado de 13 a 19hs realizar\u00e1n la feria en la Plaza Antonio Toro\u00a0 &#8211; Presidente Derqui.<\/p>\n<p>Fotograf\u00eda: Bruno G\u00f3mez.<\/p>\n<p>Compartimos la entrevista completa<\/p>\n<p><a href=\"https:\/\/archive.org\/details\/audio-marianela-mujeres-en-acccion-14-10\">Descargar<\/a><\/p>\n<audio class=\"wp-audio-shortcode\" id=\"audio-4054-2\" preload=\"none\" style=\"width: 100%;\" controls=\"controls\"><source type=\"audio\/mpeg\" src=\"https:\/\/archive.org\/download\/audio-marianela-mujeres-en-acccion-14-10\/AUDIO%20-%20MARIANELA%20%28MUJERES%20EN%20ACCCION%29%2014%2010.mp3?_=2\" \/><a href=\"https:\/\/archive.org\/download\/audio-marianela-mujeres-en-acccion-14-10\/AUDIO%20-%20MARIANELA%20%28MUJERES%20EN%20ACCCION%29%2014%2010.mp3\">https:\/\/archive.org\/download\/audio-marianela-mujeres-en-acccion-14-10\/AUDIO%20-%20MARIANELA%20%28MUJERES%20EN%20ACCCION%29%2014%2010.mp3<\/a><\/audio>\n<div class=\"powerpress_player\" id=\"powerpress_player_4172\"><audio class=\"wp-audio-shortcode\" id=\"audio-4054-1\" preload=\"none\" style=\"width: 100%;\" controls=\"controls\"><source type=\"audio\/mpeg\" src=\"https:\/\/archive.org\/download\/audio-marianela-mujeres-en-acccion-14-10\/AUDIO%20-%20MARIANELA%20%28MUJERES%20EN%20ACCCION%29%2014%2010.mp3?_=1\" \/><a href=\"https:\/\/archive.org\/download\/audio-marianela-mujeres-en-acccion-14-10\/AUDIO%20-%20MARIANELA%20%28MUJERES%20EN%20ACCCION%29%2014%2010.mp3\">https:\/\/archive.org\/download\/audio-marianela-mujeres-en-acccion-14-10\/AUDIO%20-%20MARIANELA%20%28MUJERES%20EN%20ACCCION%29%2014%2010.mp3<\/a><\/audio><\/div><p class=\"powerpress_links powerpress_links_mp3\" style=\"margin-bottom: 1px !important;\">Podcast: <a href=\"https:\/\/archive.org\/download\/audio-marianela-mujeres-en-acccion-14-10\/AUDIO%20-%20MARIANELA%20%28MUJERES%20EN%20ACCCION%29%2014%2010.mp3\" class=\"powerpress_link_pinw\" target=\"_blank\" title=\"Reproducir en una nueva ventana\" onclick=\"return powerpress_pinw('https:\/\/fmtinkunaco.ar\/?powerpress_pinw=4054-podcast');\" rel=\"nofollow\">Reproducir en una nueva ventana<\/a> | <a href=\"https:\/\/archive.org\/download\/audio-marianela-mujeres-en-acccion-14-10\/AUDIO%20-%20MARIANELA%20%28MUJERES%20EN%20ACCCION%29%2014%2010.mp3\" class=\"powerpress_link_d\" title=\"Descargar\" rel=\"nofollow\" download=\"AUDIO%20-%20MARIANELA%20%28MUJERES%20EN%20ACCCION%29%2014%2010.mp3\">Descargar<\/a><\/p>","protected":false},"excerpt":{"rendered":"<p>\u201cMujeres en Acci\u00f3n\u201d es una asociaci\u00f3n civil conformada en 2018, en Presidente Derqui, con el objetivo de visibilizar y fomentar el trabajo de la mujer emprendedora en el partido de Pilar y remarcando la importancia de la independencia econ\u00f3mica de la mujer. El espacio, adem\u00e1s, de llevar adelante ferias colectivas tienen fines solidarios y organizan [&hellip;]<\/p>\n","protected":false},"author":1,"featured_media":4055,"comment_status":"open","ping_status":"open","sticky":false,"template":"","format":"standard","meta":{"footnotes":""},"categories":[3],"tags":[333,340],"class_list":["post-4054","post","type-post","status-publish","format-standard","has-post-thumbnail","hentry","category-cultura","tag-mujeres-en-accion","tag-municipio-de-pilar"],"_links":{"self":[{"href":"https:\/\/fmtinkunaco.ar\/index.php?rest_route=\/wp\/v2\/posts\/4054","targetHints":{"allow":["GET"]}}],"collection":[{"href":"https:\/\/fmtinkunaco.ar\/index.php?rest_route=\/wp\/v2\/posts"}],"about":[{"href":"https:\/\/fmtinkunaco.ar\/index.php?rest_route=\/wp\/v2\/types\/post"}],"author":[{"embeddable":true,"href":"https:\/\/fmtinkunaco.ar\/index.php?rest_route=\/wp\/v2\/users\/1"}],"replies":[{"embeddable":true,"href":"https:\/\/fmtinkunaco.ar\/index.php?rest_route=%2Fwp%2Fv2%2Fcomments&post=4054"}],"version-history":[{"count":0,"href":"https:\/\/fmtinkunaco.ar\/index.php?rest_route=\/wp\/v2\/posts\/4054\/revisions"}],"wp:featuredmedia":[{"embeddable":true,"href":"https:\/\/fmtinkunaco.ar\/index.php?rest_route=\/"}],"wp:attachment":[{"href":"https:\/\/fmtinkunaco.ar\/index.php?rest_route=%2Fwp%2Fv2%2Fmedia&parent=4054"}],"wp:term":[{"taxonomy":"category","embeddable":true,"href":"https:\/\/fmtinkunaco.ar\/index.php?rest_route=%2Fwp%2Fv2%2Fcategories&post=4054"},{"taxonomy":"post_tag","embeddable":true,"href":"https:\/\/fmtinkunaco.ar\/index.php?rest_route=%2Fwp%2Fv2%2Ftags&post=4054"}],"curies":[{"name":"wp","href":"https:\/\/api.w.org\/{rel}","templated":true}]}}