{"id":4058,"date":"2021-10-14T14:14:10","date_gmt":"2021-10-14T17:14:10","guid":{"rendered":"http:\/\/fmtinkunaco.com.ar\/?p=4058"},"modified":"2021-10-14T14:14:10","modified_gmt":"2021-10-14T17:14:10","slug":"moreno-festival-pluricultural-en-qataq-para-celebrar-la-diversidad","status":"publish","type":"post","link":"https:\/\/fmtinkunaco.ar\/?p=4058","title":{"rendered":"Moreno: Festival Pluricultural en Qataq para celebrar la diversidad"},"content":{"rendered":"<p>El Espacio Pluricultural Qataq, ubicado en Cuartel V, invita a participar del Festival Pluricultural del pr\u00f3ximo s\u00e1bado 16 de octubre, a partir de las 16 hs, con el objetivo de celebrar la diversidad cultural.<\/p>\n<p>El festival contar\u00e1 con m\u00fasica en vivo, feria y buffet popular.<\/p>\n<p>En di\u00e1logo con el programa radial \u201cEncuentro con las Noticias\u201d, Silvia Ebis, referente del Espacio Pluricultural Qataq, se refiri\u00f3 al evento, <em>\u201cComo siempre, nosotros, una de las cosas que queremos manifestar cada vez que hacemos un evento es un mirada pluricultural. Nos referimos a que puedan estar presentes expresiones culturales diversas, durante el d\u00eda, as\u00ed puede toda la familia y toda la comunidad participar y tambi\u00e9n conocer otras formas de exterior que por ah\u00ed no se juntan o no est\u00e1n presentes en un mismo espacio\u201d.<\/em><\/p>\n<p>Ebis, adem\u00e1s, remarc\u00f3 <em>\u201cNosotros no estamos celebrando esto, por eso muchas veces hemos puesto en nuestro facebook que no hay nada que celebrar; lo que celebramos ac\u00e1 es que somos diversos, no celebramos el 12 de octubre, de ninguna manera. Nos parece que no hay que celebrar esto, sino que hay que visibilizar, hay que hacer memoria y una vez que tenemos esa memoria siempre como pueblo que somos, la fiesta es una gran espacio poderoso para transformarnos y compartir\u201d.<\/em><\/p>\n<p>La invitaci\u00f3n es el s\u00e1bado 16 de octubre, a partir de las 16hs, en Acevedo 10966 \u2013 Cuartel V \u2013 Moreno.<\/p>\n<p>Compartimos la entrevista completa<\/p>\n<p><a href=\"https:\/\/archive.org\/details\/audio-silvia-ebis-14-10-2021\">Descargar<\/a><\/p>\n<p>&nbsp;<\/p>\n<audio class=\"wp-audio-shortcode\" id=\"audio-4058-2\" preload=\"none\" style=\"width: 100%;\" controls=\"controls\"><source type=\"audio\/mpeg\" src=\"https:\/\/archive.org\/download\/audio-silvia-ebis-14-10-2021\/AUDIO%20-%20SILVIA%20EBIS%2014%2010%202021.mp3?_=2\" \/><a href=\"https:\/\/archive.org\/download\/audio-silvia-ebis-14-10-2021\/AUDIO%20-%20SILVIA%20EBIS%2014%2010%202021.mp3\">https:\/\/archive.org\/download\/audio-silvia-ebis-14-10-2021\/AUDIO%20-%20SILVIA%20EBIS%2014%2010%202021.mp3<\/a><\/audio>\n<p>&nbsp;<\/p>\n<div class=\"powerpress_player\" id=\"powerpress_player_3737\"><audio class=\"wp-audio-shortcode\" id=\"audio-4058-1\" preload=\"none\" style=\"width: 100%;\" controls=\"controls\"><source type=\"audio\/mpeg\" src=\"https:\/\/archive.org\/download\/audio-silvia-ebis-14-10-2021\/AUDIO%20-%20SILVIA%20EBIS%2014%2010%202021.mp3?_=1\" \/><a href=\"https:\/\/archive.org\/download\/audio-silvia-ebis-14-10-2021\/AUDIO%20-%20SILVIA%20EBIS%2014%2010%202021.mp3\">https:\/\/archive.org\/download\/audio-silvia-ebis-14-10-2021\/AUDIO%20-%20SILVIA%20EBIS%2014%2010%202021.mp3<\/a><\/audio><\/div><p class=\"powerpress_links powerpress_links_mp3\" style=\"margin-bottom: 1px !important;\">Podcast: <a href=\"https:\/\/archive.org\/download\/audio-silvia-ebis-14-10-2021\/AUDIO%20-%20SILVIA%20EBIS%2014%2010%202021.mp3\" class=\"powerpress_link_pinw\" target=\"_blank\" title=\"Reproducir en una nueva ventana\" onclick=\"return powerpress_pinw('https:\/\/fmtinkunaco.ar\/?powerpress_pinw=4058-podcast');\" rel=\"nofollow\">Reproducir en una nueva ventana<\/a> | <a href=\"https:\/\/archive.org\/download\/audio-silvia-ebis-14-10-2021\/AUDIO%20-%20SILVIA%20EBIS%2014%2010%202021.mp3\" class=\"powerpress_link_d\" title=\"Descargar\" rel=\"nofollow\" download=\"AUDIO%20-%20SILVIA%20EBIS%2014%2010%202021.mp3\">Descargar<\/a><\/p>","protected":false},"excerpt":{"rendered":"<p>El Espacio Pluricultural Qataq, ubicado en Cuartel V, invita a participar del Festival Pluricultural del pr\u00f3ximo s\u00e1bado 16 de octubre, a partir de las 16 hs, con el objetivo de celebrar la diversidad cultural. El festival contar\u00e1 con m\u00fasica en vivo, feria y buffet popular. En di\u00e1logo con el programa radial \u201cEncuentro con las Noticias\u201d, [&hellip;]<\/p>\n","protected":false},"author":1,"featured_media":4059,"comment_status":"open","ping_status":"open","sticky":false,"template":"","format":"standard","meta":{"footnotes":""},"categories":[3,4],"tags":[],"class_list":["post-4058","post","type-post","status-publish","format-standard","has-post-thumbnail","hentry","category-cultura","category-derechos-humanos"],"_links":{"self":[{"href":"https:\/\/fmtinkunaco.ar\/index.php?rest_route=\/wp\/v2\/posts\/4058","targetHints":{"allow":["GET"]}}],"collection":[{"href":"https:\/\/fmtinkunaco.ar\/index.php?rest_route=\/wp\/v2\/posts"}],"about":[{"href":"https:\/\/fmtinkunaco.ar\/index.php?rest_route=\/wp\/v2\/types\/post"}],"author":[{"embeddable":true,"href":"https:\/\/fmtinkunaco.ar\/index.php?rest_route=\/wp\/v2\/users\/1"}],"replies":[{"embeddable":true,"href":"https:\/\/fmtinkunaco.ar\/index.php?rest_route=%2Fwp%2Fv2%2Fcomments&post=4058"}],"version-history":[{"count":0,"href":"https:\/\/fmtinkunaco.ar\/index.php?rest_route=\/wp\/v2\/posts\/4058\/revisions"}],"wp:featuredmedia":[{"embeddable":true,"href":"https:\/\/fmtinkunaco.ar\/index.php?rest_route=\/"}],"wp:attachment":[{"href":"https:\/\/fmtinkunaco.ar\/index.php?rest_route=%2Fwp%2Fv2%2Fmedia&parent=4058"}],"wp:term":[{"taxonomy":"category","embeddable":true,"href":"https:\/\/fmtinkunaco.ar\/index.php?rest_route=%2Fwp%2Fv2%2Fcategories&post=4058"},{"taxonomy":"post_tag","embeddable":true,"href":"https:\/\/fmtinkunaco.ar\/index.php?rest_route=%2Fwp%2Fv2%2Ftags&post=4058"}],"curies":[{"name":"wp","href":"https:\/\/api.w.org\/{rel}","templated":true}]}}