{"id":4061,"date":"2021-10-15T13:41:29","date_gmt":"2021-10-15T16:41:29","guid":{"rendered":"http:\/\/fmtinkunaco.com.ar\/?p=4061"},"modified":"2021-10-15T13:41:29","modified_gmt":"2021-10-15T16:41:29","slug":"la-orquesta-municipal-de-jose-c-paz-participara-en-el-festejo-del-70aniversario-de-la-tv-publica","status":"publish","type":"post","link":"https:\/\/fmtinkunaco.ar\/?p=4061","title":{"rendered":"La Orquesta Municipal de Jos\u00e9 C Paz participar\u00e1 en el festejo del 70\u00b0aniversario de la TV PUBLICA"},"content":{"rendered":"<p>Hoy, viernes 15 de octubre, a las 20hs se llevar\u00e1 a cabo en el Teatro Coliseo de la ciudad de Buenos Aires, la gala \u201cRenacer Sinf\u00f3nico\u201d con motivo de la celebraci\u00f3n del 70\u00b0 aniversario de la Televisi\u00f3n P\u00fablica.<\/p>\n<p>La gala es realizada por Radio Nacional Cl\u00e1sica, con producci\u00f3n y direcci\u00f3n general de su directora Andrea Merenzon junto a RTA y el Ministerio de Cultura de la Naci\u00f3n.<\/p>\n<p>En la regi\u00f3n, la Orquesta Municipal\u00a0 de Jos\u00e9. C. Paz, fue invitada a participar de esta celebraci\u00f3n.<\/p>\n<p>En di\u00e1logo con el programa radial \u201cEncuentro con las Noticias\u201d, Clara Parodi, Directora de la Orquesta Municipal\u00a0 de Jos\u00e9. C. Paz, describi\u00f3 la emoci\u00f3n por participar de esta celebraci\u00f3n, <em>\u201cLa verdad contentos con ser invitados y participes de tan importante festejo, as\u00ed que honrados tambi\u00e9n de poder llevar el nombre de nuestra dos ciudades a esta movida tan grande\u201d<\/em>.<\/p>\n<p>Adem\u00e1s, se conformar\u00e1 una orquesta sinf\u00f3nica integrada por un m\u00fasico representante de cada orquesta o provincia, conformando la Selecci\u00f3n Argentina de Orquestas Sinf\u00f3nicas, que tocar\u00e1 bajo la direcci\u00f3n musical de los Mtros. Andrea Merenzon, Sergio Jurado, Carlos Vieu y Gerardo Gardelin.<\/p>\n<p>En esta l\u00ednea, Parodi, se refiri\u00f3 a los n\u00fameros art\u00edsticos, <em>\u201cLa actividad es doble, hay una parte donde todas las orquestas grabamos desde nuestros teatros una m\u00fasica que ellos nos pasaron y todas las orquestas grabaron lo mismo y esto se est\u00e1 editando para que hoy a la tarde se puedan ver todas las orquestas en sus teatros. Porque lo que quer\u00eda canal 7 era que se pueda ver de manera federal los teatros nacionales, provinciales y municipales tambi\u00e9n as\u00ed que en nombre de la municipalidad de Jos\u00e9. C. Paz va a estar el teatro municipal. Y a su vez un m\u00fasico de la orquesta va a conformar la selecci\u00f3n nacional de cada una de estas orquestas que van a estar tocando en vivo en el Coliseo\u201d.<\/em><\/p>\n<p>Podes seguir la transmisi\u00f3n en simult\u00e1neo por AM 870, FM Radio Nacional Cl\u00e1sica FM 96.7 y todas las emisoras de Radio Nacional del pa\u00eds y la TV P\u00fablica.<\/p>\n<p>Compartimos la entrevista completa<\/p>\n<p><a href=\"https:\/\/archive.org\/details\/audio-clara-parodi-15-10-2021\">Descargar<\/a><\/p>\n<audio class=\"wp-audio-shortcode\" id=\"audio-4061-2\" preload=\"none\" style=\"width: 100%;\" controls=\"controls\"><source type=\"audio\/mpeg\" src=\"https:\/\/archive.org\/download\/audio-clara-parodi-15-10-2021\/AUDIO%20-%20CLARA%20PARODI%2015%2010%202021.mp3?_=2\" \/><a href=\"https:\/\/archive.org\/download\/audio-clara-parodi-15-10-2021\/AUDIO%20-%20CLARA%20PARODI%2015%2010%202021.mp3\">https:\/\/archive.org\/download\/audio-clara-parodi-15-10-2021\/AUDIO%20-%20CLARA%20PARODI%2015%2010%202021.mp3<\/a><\/audio>\n<div class=\"powerpress_player\" id=\"powerpress_player_8325\"><audio class=\"wp-audio-shortcode\" id=\"audio-4061-1\" preload=\"none\" style=\"width: 100%;\" controls=\"controls\"><source type=\"audio\/mpeg\" src=\"https:\/\/archive.org\/download\/audio-clara-parodi-15-10-2021\/AUDIO%20-%20CLARA%20PARODI%2015%2010%202021.mp3?_=1\" \/><a href=\"https:\/\/archive.org\/download\/audio-clara-parodi-15-10-2021\/AUDIO%20-%20CLARA%20PARODI%2015%2010%202021.mp3\">https:\/\/archive.org\/download\/audio-clara-parodi-15-10-2021\/AUDIO%20-%20CLARA%20PARODI%2015%2010%202021.mp3<\/a><\/audio><\/div><p class=\"powerpress_links powerpress_links_mp3\" style=\"margin-bottom: 1px !important;\">Podcast: <a href=\"https:\/\/archive.org\/download\/audio-clara-parodi-15-10-2021\/AUDIO%20-%20CLARA%20PARODI%2015%2010%202021.mp3\" class=\"powerpress_link_pinw\" target=\"_blank\" title=\"Reproducir en una nueva ventana\" onclick=\"return powerpress_pinw('https:\/\/fmtinkunaco.ar\/?powerpress_pinw=4061-podcast');\" rel=\"nofollow\">Reproducir en una nueva ventana<\/a> | <a href=\"https:\/\/archive.org\/download\/audio-clara-parodi-15-10-2021\/AUDIO%20-%20CLARA%20PARODI%2015%2010%202021.mp3\" class=\"powerpress_link_d\" title=\"Descargar\" rel=\"nofollow\" download=\"AUDIO%20-%20CLARA%20PARODI%2015%2010%202021.mp3\">Descargar<\/a><\/p>","protected":false},"excerpt":{"rendered":"<p>Hoy, viernes 15 de octubre, a las 20hs se llevar\u00e1 a cabo en el Teatro Coliseo de la ciudad de Buenos Aires, la gala \u201cRenacer Sinf\u00f3nico\u201d con motivo de la celebraci\u00f3n del 70\u00b0 aniversario de la Televisi\u00f3n P\u00fablica. La gala es realizada por Radio Nacional Cl\u00e1sica, con producci\u00f3n y direcci\u00f3n general de su directora Andrea [&hellip;]<\/p>\n","protected":false},"author":1,"featured_media":4062,"comment_status":"open","ping_status":"open","sticky":false,"template":"","format":"standard","meta":{"footnotes":""},"categories":[3],"tags":[337,366,368],"class_list":["post-4061","post","type-post","status-publish","format-standard","has-post-thumbnail","hentry","category-cultura","tag-municipio-de-jose-c-paz","tag-orquesta","tag-orquesta-municipal-jose-c-paz"],"_links":{"self":[{"href":"https:\/\/fmtinkunaco.ar\/index.php?rest_route=\/wp\/v2\/posts\/4061","targetHints":{"allow":["GET"]}}],"collection":[{"href":"https:\/\/fmtinkunaco.ar\/index.php?rest_route=\/wp\/v2\/posts"}],"about":[{"href":"https:\/\/fmtinkunaco.ar\/index.php?rest_route=\/wp\/v2\/types\/post"}],"author":[{"embeddable":true,"href":"https:\/\/fmtinkunaco.ar\/index.php?rest_route=\/wp\/v2\/users\/1"}],"replies":[{"embeddable":true,"href":"https:\/\/fmtinkunaco.ar\/index.php?rest_route=%2Fwp%2Fv2%2Fcomments&post=4061"}],"version-history":[{"count":0,"href":"https:\/\/fmtinkunaco.ar\/index.php?rest_route=\/wp\/v2\/posts\/4061\/revisions"}],"wp:featuredmedia":[{"embeddable":true,"href":"https:\/\/fmtinkunaco.ar\/index.php?rest_route=\/"}],"wp:attachment":[{"href":"https:\/\/fmtinkunaco.ar\/index.php?rest_route=%2Fwp%2Fv2%2Fmedia&parent=4061"}],"wp:term":[{"taxonomy":"category","embeddable":true,"href":"https:\/\/fmtinkunaco.ar\/index.php?rest_route=%2Fwp%2Fv2%2Fcategories&post=4061"},{"taxonomy":"post_tag","embeddable":true,"href":"https:\/\/fmtinkunaco.ar\/index.php?rest_route=%2Fwp%2Fv2%2Ftags&post=4061"}],"curies":[{"name":"wp","href":"https:\/\/api.w.org\/{rel}","templated":true}]}}