{"id":4073,"date":"2021-10-19T14:01:19","date_gmt":"2021-10-19T17:01:19","guid":{"rendered":"http:\/\/fmtinkunaco.com.ar\/?p=4073"},"modified":"2021-10-19T14:01:19","modified_gmt":"2021-10-19T17:01:19","slug":"derechos-humanos-comienza-el-juicio-por-la-masacre-de-la-quinta-la-pastoril","status":"publish","type":"post","link":"https:\/\/fmtinkunaco.ar\/?p=4073","title":{"rendered":"Derechos Humanos: Comienza el Juicio por la Masacre de la Quinta la Pastoril"},"content":{"rendered":"<p>El 29 de marzo de 1976, la Quinta La Pastoril, ubicada en La Reja &#8211; Moreno, fue atacada por militares en el marco de la dictadura militar que hab\u00eda comenzado 5 d\u00edas antes.<\/p>\n<p>All\u00ed, militantes del PRT ERP realizaban un congreso que contaba con la asistencia de al menos, se estima, unas setenta personas, entre ellas militantes de organizaciones amigas y otras latinoamericanas invitadas.<br \/>\nEn este marco, el Ej\u00e9rcito junto a la polic\u00eda irrumpen en el lugar; algunos militantes pudieron huir, otros fueron asesinados en el lugar y otro n\u00famero de militantes fueron detenidos y luego desaparecidos.<\/p>\n<p>En di\u00e1logo con el programa radial \u201cEncuentro con las Noticias\u201d, Martha Ibarra, integrante de Moreno por la Memoria, se refiri\u00f3 al inicio del Juicio, <em>\u201cEn este juicio son 8 los imputados por el caso de 15 v\u00edctimas de las cuales 11 fueron asesinadas o siguen estando desaparecidas. Los imputados son 5 militares y 3 polic\u00edas. (\u2026) En este juicio solamente hay una querella, que es la querella de 4 familiares y el abogado es Pablo Llonto. No hay querella de la Secretar\u00eda de Derechos Humanos de la Naci\u00f3n, ni de la Subsecretar\u00eda de Derechos Humanos de provincia, solamente es la querella de Pablo Llonto. No s\u00e9 cu\u00e1l es el motivo por el que en este caso no est\u00e1 la querella de ellos\u201d.<\/em><\/p>\n<p>En cuanto a los tiempos estipulados de duraci\u00f3n del juicio, Ibarra, sostuvo, <em>\u201cA nosotros nos dijeron, aproximadamente, seis meses porque este juicio tomo el lugar del juicio que tambi\u00e9n iba a ser de Moreno, el Ser\u00e9 4, Moreno como parte del circuito represivo de la sub zona 16, que es a partir de junio del 76. Por ese este juicio no es sub zona 16 si no que es el primer cuerpo del ej\u00e9rcito\u201d.<\/em><\/p>\n<p>El juicio que arranca el pr\u00f3ximo jueves 21 de octubre a partir de las 9.30hs, tendr\u00e1 como tribunal a las y los jueces federales: Mar\u00eda Morgese Mart\u00edn, Esteban Rodr\u00edguez Eggers y Mat\u00edas Mancini.<\/p>\n<p>Y los ocho imputados son, 5 militares retirados: Juan Carlos Jocker, Juan Manuel Giraud, Carlos Alberto Guardiola, Eduardo Sakamoto y H\u00e9ctor Alberto Raffo. Y 3 policias bonaerenses retirados: Julio Salvett\u00ed, Julio Alejandro P\u00e9rez y Juan Jos\u00e9 Ru\u00edz.<\/p>\n<p>Compartimos la entrevista completa<\/p>\n<p><a href=\"https:\/\/archive.org\/details\/audio-martha-ibarra-mxm-19-10-2021\">Descargar<\/a><\/p>\n<audio class=\"wp-audio-shortcode\" id=\"audio-4073-2\" preload=\"none\" style=\"width: 100%;\" controls=\"controls\"><source type=\"audio\/mpeg\" src=\"https:\/\/archive.org\/download\/audio-martha-ibarra-mxm-19-10-2021\/AUDIO%20-%20MARTHA%20IBARRA%20%28MXM%29%2019%2010%202021.mp3?_=2\" \/><a href=\"https:\/\/archive.org\/download\/audio-martha-ibarra-mxm-19-10-2021\/AUDIO%20-%20MARTHA%20IBARRA%20%28MXM%29%2019%2010%202021.mp3\">https:\/\/archive.org\/download\/audio-martha-ibarra-mxm-19-10-2021\/AUDIO%20-%20MARTHA%20IBARRA%20%28MXM%29%2019%2010%202021.mp3<\/a><\/audio>\n<div class=\"powerpress_player\" id=\"powerpress_player_3381\"><audio class=\"wp-audio-shortcode\" id=\"audio-4073-1\" preload=\"none\" style=\"width: 100%;\" controls=\"controls\"><source type=\"audio\/mpeg\" src=\"https:\/\/archive.org\/download\/audio-martha-ibarra-mxm-19-10-2021\/AUDIO%20-%20MARTHA%20IBARRA%20%28MXM%29%2019%2010%202021.mp3?_=1\" \/><a href=\"https:\/\/archive.org\/download\/audio-martha-ibarra-mxm-19-10-2021\/AUDIO%20-%20MARTHA%20IBARRA%20%28MXM%29%2019%2010%202021.mp3\">https:\/\/archive.org\/download\/audio-martha-ibarra-mxm-19-10-2021\/AUDIO%20-%20MARTHA%20IBARRA%20%28MXM%29%2019%2010%202021.mp3<\/a><\/audio><\/div><p class=\"powerpress_links powerpress_links_mp3\" style=\"margin-bottom: 1px !important;\">Podcast: <a href=\"https:\/\/archive.org\/download\/audio-martha-ibarra-mxm-19-10-2021\/AUDIO%20-%20MARTHA%20IBARRA%20%28MXM%29%2019%2010%202021.mp3\" class=\"powerpress_link_pinw\" target=\"_blank\" title=\"Reproducir en una nueva ventana\" onclick=\"return powerpress_pinw('https:\/\/fmtinkunaco.ar\/?powerpress_pinw=4073-podcast');\" rel=\"nofollow\">Reproducir en una nueva ventana<\/a> | <a href=\"https:\/\/archive.org\/download\/audio-martha-ibarra-mxm-19-10-2021\/AUDIO%20-%20MARTHA%20IBARRA%20%28MXM%29%2019%2010%202021.mp3\" class=\"powerpress_link_d\" title=\"Descargar\" rel=\"nofollow\" download=\"AUDIO%20-%20MARTHA%20IBARRA%20%28MXM%29%2019%2010%202021.mp3\">Descargar<\/a><\/p>","protected":false},"excerpt":{"rendered":"<p>El 29 de marzo de 1976, la Quinta La Pastoril, ubicada en La Reja &#8211; Moreno, fue atacada por militares en el marco de la dictadura militar que hab\u00eda comenzado 5 d\u00edas antes. All\u00ed, militantes del PRT ERP realizaban un congreso que contaba con la asistencia de al menos, se estima, unas setenta personas, entre [&hellip;]<\/p>\n","protected":false},"author":1,"featured_media":4075,"comment_status":"open","ping_status":"open","sticky":false,"template":"","format":"standard","meta":{"footnotes":""},"categories":[4],"tags":[148,325,326],"class_list":["post-4073","post","type-post","status-publish","format-standard","has-post-thumbnail","hentry","category-derechos-humanos","tag-derechos-humanos","tag-moreno","tag-moreno-por-la-memoria"],"_links":{"self":[{"href":"https:\/\/fmtinkunaco.ar\/index.php?rest_route=\/wp\/v2\/posts\/4073","targetHints":{"allow":["GET"]}}],"collection":[{"href":"https:\/\/fmtinkunaco.ar\/index.php?rest_route=\/wp\/v2\/posts"}],"about":[{"href":"https:\/\/fmtinkunaco.ar\/index.php?rest_route=\/wp\/v2\/types\/post"}],"author":[{"embeddable":true,"href":"https:\/\/fmtinkunaco.ar\/index.php?rest_route=\/wp\/v2\/users\/1"}],"replies":[{"embeddable":true,"href":"https:\/\/fmtinkunaco.ar\/index.php?rest_route=%2Fwp%2Fv2%2Fcomments&post=4073"}],"version-history":[{"count":0,"href":"https:\/\/fmtinkunaco.ar\/index.php?rest_route=\/wp\/v2\/posts\/4073\/revisions"}],"wp:featuredmedia":[{"embeddable":true,"href":"https:\/\/fmtinkunaco.ar\/index.php?rest_route=\/"}],"wp:attachment":[{"href":"https:\/\/fmtinkunaco.ar\/index.php?rest_route=%2Fwp%2Fv2%2Fmedia&parent=4073"}],"wp:term":[{"taxonomy":"category","embeddable":true,"href":"https:\/\/fmtinkunaco.ar\/index.php?rest_route=%2Fwp%2Fv2%2Fcategories&post=4073"},{"taxonomy":"post_tag","embeddable":true,"href":"https:\/\/fmtinkunaco.ar\/index.php?rest_route=%2Fwp%2Fv2%2Ftags&post=4073"}],"curies":[{"name":"wp","href":"https:\/\/api.w.org\/{rel}","templated":true}]}}