{"id":4077,"date":"2021-10-20T13:40:41","date_gmt":"2021-10-20T16:40:41","guid":{"rendered":"http:\/\/fmtinkunaco.com.ar\/?p=4077"},"modified":"2021-10-20T13:40:41","modified_gmt":"2021-10-20T16:40:41","slug":"plataformas-de-empleo-trayectorias-laborales-de-las-y-los-jovenes-en-el-amba","status":"publish","type":"post","link":"https:\/\/fmtinkunaco.ar\/?p=4077","title":{"rendered":"Plataformas de empleo: Trayectorias laborales de las y los j\u00f3venes en el AMBA"},"content":{"rendered":"<p>El Observatorio del Conurbano Bonaerense de la Universidad Nacional de General Sarmiento public\u00f3, en los \u00faltimos d\u00edas, un art\u00edculo escrito por B\u00e1rbara Couto, Rodrigo Carmona, Osvaldo Battistini y Leandro Rodr\u00edguez; que analiza las trayectorias laborales de las y los j\u00f3venes en el AMBA y el rol de las aplicaciones y plataformas de empleo.<\/p>\n<p>En di\u00e1logo con el programa radial \u201cEncuentro con las Noticias\u201d, B\u00e1rbara Couto, Docente, investigadora, integrante del Observatorio del Conurbano y autora del art\u00edculo, se refiri\u00f3 a la elecci\u00f3n del tema, <em>\u201cEsto surge en 2019, porque nosotros ven\u00edamos trabajando diferentes l\u00edneas sobre el desarrollo productivo en la regi\u00f3n y bueno, nos llam\u00f3 la atenci\u00f3n que este fen\u00f3meno de las apps empezaba a verse en los centros comerciales de San Miguel, en las zonas de Tigre, y nos pareci\u00f3 que era interesante desde el Instituto del Conurbano entender qu\u00e9 caracter\u00edsticas especificas ten\u00eda el empleo de plataformas en el conurbano, si era lo mismo que en CABA, s\u00ed hab\u00eda alguna particularidad sobre todo desde el punto tambi\u00e9n de la movilidad porque sabemos que entre conurbano y CABA hay flujos constantes de gente que va y viene a estudiar a trabajar. Y nos pareci\u00f3 que era interesante\u201d.<\/em><\/p>\n<p>Entre otras cosas, el art\u00edculo refleja que <strong><em>\u201cCon la pandemia, las Apps en tanto innovaci\u00f3n tecnol\u00f3gica, se expandieron significativamente potenciando los flujos comerciales. Sin embargo, los procesos de fragmentaci\u00f3n y flexibilizaci\u00f3n del mercado de trabajo contin\u00faan reproduci\u00e9ndose en este sector: relaciones asalariadas encubiertas, alta rotaci\u00f3n y sobre calificaci\u00f3n de trabajadores de reparto\u201d.<\/em><\/strong><\/p>\n<p>Frente a las principales conclusiones, Couto, remarc\u00f3 <em>\u201cHay una brecha significativa respecto a las calificaciones hay una brecha, pero la brecha m\u00e1s importante es la de ingresos y ah\u00ed, nosotros lo que identificamos es que tambi\u00e9n en t\u00e9rminos de calificaciones la mitad de los trabajadores de delivery tienen secundario completo o incompleto, tienen calificaciones bajas, pero tambi\u00e9n encontramos en la movilidad de los trabajadores de Uber tenemos un 24% con universitario completo o universitario incompleto y eso es lo que com\u00fanmente se llama sobrecalificaci\u00f3n en los trabajadores o tambi\u00e9n uno podr\u00eda decir, no hay empleo para un estrato medio de trabajadores calificados o semicalificados entonces estas plataformas se convierten en un refugio para todes los que les cuesta ubicarse en el mercado laboral de manera m\u00e1s adecuada\u201d.<\/em><\/p>\n<p>Para acceder al art\u00edculo, podes hacer click <a href=\"http:\/\/observatorioconurbano.ungs.edu.ar\/wp-content\/uploads\/Plataformas-de-empleo.-Trayectorias-laborales-y-de-movilidad_final-1.pdf\">aqu\u00ed<\/a>.<\/p>\n<p>Compartimos la entrevista completa<\/p>\n<p><a href=\"https:\/\/archive.org\/details\/audio-barbara-couto-observatorio-20-10-2021\">Descargar<\/a><\/p>\n<audio class=\"wp-audio-shortcode\" id=\"audio-4077-2\" preload=\"none\" style=\"width: 100%;\" controls=\"controls\"><source type=\"audio\/mpeg\" src=\"https:\/\/archive.org\/download\/audio-barbara-couto-observatorio-20-10-2021\/AUDIO%20-%20BARBARA%20COUTO%20%28OBSERVATORIO%29%2020%2010%202021.mp3?_=2\" \/><a href=\"https:\/\/archive.org\/download\/audio-barbara-couto-observatorio-20-10-2021\/AUDIO%20-%20BARBARA%20COUTO%20%28OBSERVATORIO%29%2020%2010%202021.mp3\">https:\/\/archive.org\/download\/audio-barbara-couto-observatorio-20-10-2021\/AUDIO%20-%20BARBARA%20COUTO%20%28OBSERVATORIO%29%2020%2010%202021.mp3<\/a><\/audio>\n<div class=\"powerpress_player\" id=\"powerpress_player_884\"><audio class=\"wp-audio-shortcode\" id=\"audio-4077-1\" preload=\"none\" style=\"width: 100%;\" controls=\"controls\"><source type=\"audio\/mpeg\" src=\"https:\/\/archive.org\/download\/audio-barbara-couto-observatorio-20-10-2021\/AUDIO%20-%20BARBARA%20COUTO%20%28OBSERVATORIO%29%2020%2010%202021.mp3?_=1\" \/><a href=\"https:\/\/archive.org\/download\/audio-barbara-couto-observatorio-20-10-2021\/AUDIO%20-%20BARBARA%20COUTO%20%28OBSERVATORIO%29%2020%2010%202021.mp3\">https:\/\/archive.org\/download\/audio-barbara-couto-observatorio-20-10-2021\/AUDIO%20-%20BARBARA%20COUTO%20%28OBSERVATORIO%29%2020%2010%202021.mp3<\/a><\/audio><\/div><p class=\"powerpress_links powerpress_links_mp3\" style=\"margin-bottom: 1px !important;\">Podcast: <a href=\"https:\/\/archive.org\/download\/audio-barbara-couto-observatorio-20-10-2021\/AUDIO%20-%20BARBARA%20COUTO%20%28OBSERVATORIO%29%2020%2010%202021.mp3\" class=\"powerpress_link_pinw\" target=\"_blank\" title=\"Reproducir en una nueva ventana\" onclick=\"return powerpress_pinw('https:\/\/fmtinkunaco.ar\/?powerpress_pinw=4077-podcast');\" rel=\"nofollow\">Reproducir en una nueva ventana<\/a> | <a href=\"https:\/\/archive.org\/download\/audio-barbara-couto-observatorio-20-10-2021\/AUDIO%20-%20BARBARA%20COUTO%20%28OBSERVATORIO%29%2020%2010%202021.mp3\" class=\"powerpress_link_d\" title=\"Descargar\" rel=\"nofollow\" download=\"AUDIO%20-%20BARBARA%20COUTO%20%28OBSERVATORIO%29%2020%2010%202021.mp3\">Descargar<\/a><\/p>","protected":false},"excerpt":{"rendered":"<p>El Observatorio del Conurbano Bonaerense de la Universidad Nacional de General Sarmiento public\u00f3, en los \u00faltimos d\u00edas, un art\u00edculo escrito por B\u00e1rbara Couto, Rodrigo Carmona, Osvaldo Battistini y Leandro Rodr\u00edguez; que analiza las trayectorias laborales de las y los j\u00f3venes en el AMBA y el rol de las aplicaciones y plataformas de empleo. En di\u00e1logo [&hellip;]<\/p>\n","protected":false},"author":1,"featured_media":4078,"comment_status":"open","ping_status":"open","sticky":false,"template":"","format":"standard","meta":{"footnotes":""},"categories":[9],"tags":[],"class_list":["post-4077","post","type-post","status-publish","format-standard","has-post-thumbnail","hentry","category-sociedad"],"_links":{"self":[{"href":"https:\/\/fmtinkunaco.ar\/index.php?rest_route=\/wp\/v2\/posts\/4077","targetHints":{"allow":["GET"]}}],"collection":[{"href":"https:\/\/fmtinkunaco.ar\/index.php?rest_route=\/wp\/v2\/posts"}],"about":[{"href":"https:\/\/fmtinkunaco.ar\/index.php?rest_route=\/wp\/v2\/types\/post"}],"author":[{"embeddable":true,"href":"https:\/\/fmtinkunaco.ar\/index.php?rest_route=\/wp\/v2\/users\/1"}],"replies":[{"embeddable":true,"href":"https:\/\/fmtinkunaco.ar\/index.php?rest_route=%2Fwp%2Fv2%2Fcomments&post=4077"}],"version-history":[{"count":0,"href":"https:\/\/fmtinkunaco.ar\/index.php?rest_route=\/wp\/v2\/posts\/4077\/revisions"}],"wp:featuredmedia":[{"embeddable":true,"href":"https:\/\/fmtinkunaco.ar\/index.php?rest_route=\/"}],"wp:attachment":[{"href":"https:\/\/fmtinkunaco.ar\/index.php?rest_route=%2Fwp%2Fv2%2Fmedia&parent=4077"}],"wp:term":[{"taxonomy":"category","embeddable":true,"href":"https:\/\/fmtinkunaco.ar\/index.php?rest_route=%2Fwp%2Fv2%2Fcategories&post=4077"},{"taxonomy":"post_tag","embeddable":true,"href":"https:\/\/fmtinkunaco.ar\/index.php?rest_route=%2Fwp%2Fv2%2Ftags&post=4077"}],"curies":[{"name":"wp","href":"https:\/\/api.w.org\/{rel}","templated":true}]}}