{"id":4080,"date":"2021-10-21T10:31:07","date_gmt":"2021-10-21T13:31:07","guid":{"rendered":"http:\/\/fmtinkunaco.com.ar\/?p=4080"},"modified":"2021-10-21T10:31:07","modified_gmt":"2021-10-21T13:31:07","slug":"octubre-marron-educacion-superior-y-racismo","status":"publish","type":"post","link":"https:\/\/fmtinkunaco.ar\/?p=4080","title":{"rendered":"Octubre Marr\u00f3n: Educaci\u00f3n Superior y Racismo"},"content":{"rendered":"<p>El Octubre marr\u00f3n pretende resignificar el D\u00eda del Respeto a la Diversidad Cultural, poniendo \u00e9nfasis en las vulneraciones de derechos que a\u00fan hoy afrontan los pueblos originarios y sus descendientes<\/p>\n<p>En este marco, el pr\u00f3ximo jueves 28 de octubre, a partir de las 18.30hs, el Colectivo Identidad Marr\u00f3n, Espacio de Graduades Perif\u00e9riques UNGS y el Ciclo Reencuentros convocan a \u201cOctubre marr\u00f3n: educaci\u00f3n superior y racismo\u201d que ser\u00e1 transmitido por el canal del Centro Cultural de la Universidad Nacional de General Sarmiento.<\/p>\n<p>De la actividad participar\u00e1n: Nayra Eva Cachambi Patzi, Docente e investigadora UNJu, Becaria Doctoral CONICET CISEN\/UNSa e Integrante de Identidad Marr\u00f3n Jujuy.<br \/>\nJiovanny Samanamud. Soci\u00f3logo y Epistem\u00f3logo. Ha sido director del Instituto de Investigaciones Pedag\u00f3gicas Plurinacionales y Viceministro de Educaci\u00f3n del Estado Plurinacional de Bolivia. Beatriz Alor Rojas. Lic. en Comunicaci\u00f3n. Responsable del espacio de Pueblos Originarios \u201cCiclo Reencuentros\u201d de la UNGS. Integrante del Colectivo de Comunicaci\u00f3n Audiovisual \u201cArandu\u201d.<\/p>\n<p>En di\u00e1logo con el programa radial \u201cEncuentro con las Noticias\u201d, Sandra Hoyos, Militante Feminista e integrante de la colectiva \u201cIdentidad Marr\u00f3n\u201d, se refiri\u00f3 al prop\u00f3sito del octubre marr\u00f3n, <em>\u201cEn principio surge a partir de pensar reivindicaciones distintas acerca de lo que sucedi\u00f3 hace 529 a\u00f1os que es el llamado descubrimiento de Am\u00e9rica y pensarlo desde lugares reivindicativos y esto tiene que ver con esta identidad ancestral, con la identidad marr\u00f3n que en el colectivo en el que soy parte nos encontramos pero refieren a estas identidades ancestrales y originarias que al parecer fueron descubiertas pero que sin embargo exist\u00edan, ten\u00edan sus propios territorios, modos de organizaci\u00f3n, v\u00ednculos con la naturaleza y creo que esa importante poder pensar no solo en t\u00e9rminos de genocidio y desaparici\u00f3n si no tambi\u00e9n poder pensar lugares de reivindicaci\u00f3n de las identidades. Y en ese marco, surge este octubre marr\u00f3n\u201d<\/em>.<\/p>\n<p>Hoyos, adem\u00e1s, sostuvo la importancia de realizar estas acciones en universidades p\u00fablicas, <em>\u201cNos estamos empezando a encontrar, poder habitar espacios como la universidad, apropiarnos, poder generar acciones propias desde nuestras propias voces, desde nuestras propias iniciativas porque quiz\u00e1s hay algunas iniciativas que tienen que ver con poder pensar el racismo, el impacto de la colonialidad, lo que sucede en torno a la discriminaci\u00f3n. Pero el hecho de que en el \u00e1mbito digamos acad\u00e9mico y en particular, nuestra universidad, la universidad nacional de general sarmiento que tiene estrategias y v\u00ednculos con la comunidad pero tambi\u00e9n que esos v\u00ednculos con la comunidad tambi\u00e9n los podamos hacer quienes habitamos la universidad, quienes nos graduamos y que somos del propio territorio en torno a estas problem\u00e1ticas que nos suceden\u201d.<br \/>\n<\/em><br \/>\nLa invitaci\u00f3n es el pr\u00f3ximo jueves 28 de octubre, a partir de las 18.30hs, a trav\u00e9s del canal del Centro Cultural de la Universidad Nacional de General Sarmiento.<br \/>\nCompartimos la entrevista completa<\/p>\n<p><a href=\"https:\/\/archive.org\/details\/audio-sandra-hoyos-21-10-2021\">Descargar<\/a><\/p>\n<audio class=\"wp-audio-shortcode\" id=\"audio-4080-2\" preload=\"none\" style=\"width: 100%;\" controls=\"controls\"><source type=\"audio\/mpeg\" src=\"https:\/\/archive.org\/download\/audio-sandra-hoyos-21-10-2021\/AUDIO%20-%20SANDRA%20HOYOS%2021%2010%202021.mp3?_=2\" \/><a href=\"https:\/\/archive.org\/download\/audio-sandra-hoyos-21-10-2021\/AUDIO%20-%20SANDRA%20HOYOS%2021%2010%202021.mp3\">https:\/\/archive.org\/download\/audio-sandra-hoyos-21-10-2021\/AUDIO%20-%20SANDRA%20HOYOS%2021%2010%202021.mp3<\/a><\/audio>\n<div class=\"powerpress_player\" id=\"powerpress_player_6459\"><audio class=\"wp-audio-shortcode\" id=\"audio-4080-1\" preload=\"none\" style=\"width: 100%;\" controls=\"controls\"><source type=\"audio\/mpeg\" src=\"https:\/\/archive.org\/download\/audio-sandra-hoyos-21-10-2021\/AUDIO%20-%20SANDRA%20HOYOS%2021%2010%202021.mp3?_=1\" \/><a href=\"https:\/\/archive.org\/download\/audio-sandra-hoyos-21-10-2021\/AUDIO%20-%20SANDRA%20HOYOS%2021%2010%202021.mp3\">https:\/\/archive.org\/download\/audio-sandra-hoyos-21-10-2021\/AUDIO%20-%20SANDRA%20HOYOS%2021%2010%202021.mp3<\/a><\/audio><\/div><p class=\"powerpress_links powerpress_links_mp3\" style=\"margin-bottom: 1px !important;\">Podcast: <a href=\"https:\/\/archive.org\/download\/audio-sandra-hoyos-21-10-2021\/AUDIO%20-%20SANDRA%20HOYOS%2021%2010%202021.mp3\" class=\"powerpress_link_pinw\" target=\"_blank\" title=\"Reproducir en una nueva ventana\" onclick=\"return powerpress_pinw('https:\/\/fmtinkunaco.ar\/?powerpress_pinw=4080-podcast');\" rel=\"nofollow\">Reproducir en una nueva ventana<\/a> | <a href=\"https:\/\/archive.org\/download\/audio-sandra-hoyos-21-10-2021\/AUDIO%20-%20SANDRA%20HOYOS%2021%2010%202021.mp3\" class=\"powerpress_link_d\" title=\"Descargar\" rel=\"nofollow\" download=\"AUDIO%20-%20SANDRA%20HOYOS%2021%2010%202021.mp3\">Descargar<\/a><\/p>","protected":false},"excerpt":{"rendered":"<p>El Octubre marr\u00f3n pretende resignificar el D\u00eda del Respeto a la Diversidad Cultural, poniendo \u00e9nfasis en las vulneraciones de derechos que a\u00fan hoy afrontan los pueblos originarios y sus descendientes En este marco, el pr\u00f3ximo jueves 28 de octubre, a partir de las 18.30hs, el Colectivo Identidad Marr\u00f3n, Espacio de Graduades Perif\u00e9riques UNGS y el [&hellip;]<\/p>\n","protected":false},"author":1,"featured_media":4081,"comment_status":"open","ping_status":"open","sticky":false,"template":"","format":"standard","meta":{"footnotes":""},"categories":[4],"tags":[],"class_list":["post-4080","post","type-post","status-publish","format-standard","has-post-thumbnail","hentry","category-derechos-humanos"],"_links":{"self":[{"href":"https:\/\/fmtinkunaco.ar\/index.php?rest_route=\/wp\/v2\/posts\/4080","targetHints":{"allow":["GET"]}}],"collection":[{"href":"https:\/\/fmtinkunaco.ar\/index.php?rest_route=\/wp\/v2\/posts"}],"about":[{"href":"https:\/\/fmtinkunaco.ar\/index.php?rest_route=\/wp\/v2\/types\/post"}],"author":[{"embeddable":true,"href":"https:\/\/fmtinkunaco.ar\/index.php?rest_route=\/wp\/v2\/users\/1"}],"replies":[{"embeddable":true,"href":"https:\/\/fmtinkunaco.ar\/index.php?rest_route=%2Fwp%2Fv2%2Fcomments&post=4080"}],"version-history":[{"count":0,"href":"https:\/\/fmtinkunaco.ar\/index.php?rest_route=\/wp\/v2\/posts\/4080\/revisions"}],"wp:featuredmedia":[{"embeddable":true,"href":"https:\/\/fmtinkunaco.ar\/index.php?rest_route=\/"}],"wp:attachment":[{"href":"https:\/\/fmtinkunaco.ar\/index.php?rest_route=%2Fwp%2Fv2%2Fmedia&parent=4080"}],"wp:term":[{"taxonomy":"category","embeddable":true,"href":"https:\/\/fmtinkunaco.ar\/index.php?rest_route=%2Fwp%2Fv2%2Fcategories&post=4080"},{"taxonomy":"post_tag","embeddable":true,"href":"https:\/\/fmtinkunaco.ar\/index.php?rest_route=%2Fwp%2Fv2%2Ftags&post=4080"}],"curies":[{"name":"wp","href":"https:\/\/api.w.org\/{rel}","templated":true}]}}