{"id":4107,"date":"2021-10-28T10:41:31","date_gmt":"2021-10-28T13:41:31","guid":{"rendered":"http:\/\/fmtinkunaco.com.ar\/?p=4107"},"modified":"2021-10-28T10:41:31","modified_gmt":"2021-10-28T13:41:31","slug":"18-anos-del-centro-cultural-de-la-universidad-nacional-de-general-sarmiento","status":"publish","type":"post","link":"https:\/\/fmtinkunaco.ar\/?p=4107","title":{"rendered":"18 a\u00f1os del Centro Cultural de la Universidad Nacional de General Sarmiento"},"content":{"rendered":"<p>El Centro Cultural de la Universidad Nacional de General Sarmiento cumpli\u00f3, en este octubre, 18 a\u00f1os de trabajo en el territorio.<\/p>\n<p>El proyecto sostiene talleres, formaci\u00f3n, actividades culturales, recitales en vivo y muchas actividades m\u00e1s que responden a las l\u00edneas de trabajo que hace tantos a\u00f1os el Centro Cultural viene construyendo.<\/p>\n<p>En di\u00e1logo con el programa radial \u201cEncuentro con las Noticias\u201d, Fernando Armani, Dramaturgo, Actor y Coordinador del Centro Cultural UNGS, remarc\u00f3 lo duro que fue ver el CCUNGS silenciado en medio de la pandemia, <em>\u201cFue muy duro ver el centro cultural silenciado, callado. Yo iba una vez por semana para ver c\u00f3mo estaba todo, y fue muy duro verlo. Y a pesar de todo, fue muy emocionante ver que se arme un vacunatorio all\u00ed. Y fue muy emocionante y raro ver que se llenara de alguna manera de gente, de otro modo, y que volvi\u00e9ramos a ponernos en dialogo con la comunidad de modo inesperado y sorprendente pero muy necesario\u201d.<\/em><\/p>\n<p>Frente a las nuevas aperturas, Armani, remarc\u00f3 que ya piensan en una vuelta m\u00e1s activa, <em>\u201cAdaptarnos a estas medidas que la gente que sabe del tema de protocolos y cuidado, nos indiquen, y respetarlas rigurosamente pero si abrir las puertas para poder hacer algunas actividades. Tenemos producciones del elenco de danzas y del elenco de teatro, vamos a estrenar nuestras nuevas producciones porque algunos seguimos ensayando, somos cabezones, a pesar de las restricciones nosotros como pudimos, distanciados y luego con barbijo y cerca, y ahora no tanto con barbijo; Gast\u00f3n Guerra y yo seguimos trabajando con el prop\u00f3sito de tener nuevos materiales justamente para abrir las puertas\u201d.<\/em><\/p>\n<p>Finalmente, Armani, describi\u00f3 uno de los principales proyectos que tienen para este fin de a\u00f1o y que continuar\u00e1 en 2022, <em>\u201cTenemos una alegr\u00eda enorme, ahora, de poder empezar a hacer algunos eventos; y uno en particular que hacemos a fines de noviembre que se va a llamar El Regocijo que es el primero de todos los que podamos hacer, que ser\u00e1 una acci\u00f3n que haremos en los barrios, a partir del a\u00f1o que viene a trav\u00e9s de las organizaciones sociales que son parte del Consejo Social de la Universidad donde vamos a ir con unos gacebos a las plazas, a los barrios a que los vecinos muestren y vendan sus productos y muestren sus habilidades, y sus bandas, y sus grupos de teatro para darle tambi\u00e9n un alivio po\u00e9tico a tanto dolor\u201d.<\/em><\/p>\n<p>En el marco de la pandemia, el CCUNGS brind\u00f3 el espacio para ser un Centro de vacunaci\u00f3n. Actualmente el vacunatorio continua pero las y los trabajadores del Centro Cultural ya comenzaron a incorporarse y proyectan un regreso m\u00e1s activo si las condiciones epidemiol\u00f3gicas lo permiten.<\/p>\n<p>Compartimos la entrevista completa<\/p>\n<p><a href=\"https:\/\/archive.org\/details\/audio-fernando-armani-28-10-2021\">Descargar<\/a><\/p>\n<p>&nbsp;<\/p>\n<audio class=\"wp-audio-shortcode\" id=\"audio-4107-2\" preload=\"none\" style=\"width: 100%;\" controls=\"controls\"><source type=\"audio\/mpeg\" src=\"https:\/\/archive.org\/download\/audio-fernando-armani-28-10-2021\/AUDIO%20-%20FERNANDO%20ARMANI%2028%2010%202021.mp3?_=2\" \/><a href=\"https:\/\/archive.org\/download\/audio-fernando-armani-28-10-2021\/AUDIO%20-%20FERNANDO%20ARMANI%2028%2010%202021.mp3\">https:\/\/archive.org\/download\/audio-fernando-armani-28-10-2021\/AUDIO%20-%20FERNANDO%20ARMANI%2028%2010%202021.mp3<\/a><\/audio>\n<div class=\"powerpress_player\" id=\"powerpress_player_1289\"><audio class=\"wp-audio-shortcode\" id=\"audio-4107-1\" preload=\"none\" style=\"width: 100%;\" controls=\"controls\"><source type=\"audio\/mpeg\" src=\"https:\/\/archive.org\/download\/audio-fernando-armani-28-10-2021\/AUDIO%20-%20FERNANDO%20ARMANI%2028%2010%202021.mp3?_=1\" \/><a href=\"https:\/\/archive.org\/download\/audio-fernando-armani-28-10-2021\/AUDIO%20-%20FERNANDO%20ARMANI%2028%2010%202021.mp3\">https:\/\/archive.org\/download\/audio-fernando-armani-28-10-2021\/AUDIO%20-%20FERNANDO%20ARMANI%2028%2010%202021.mp3<\/a><\/audio><\/div><p class=\"powerpress_links powerpress_links_mp3\" style=\"margin-bottom: 1px !important;\">Podcast: <a href=\"https:\/\/archive.org\/download\/audio-fernando-armani-28-10-2021\/AUDIO%20-%20FERNANDO%20ARMANI%2028%2010%202021.mp3\" class=\"powerpress_link_pinw\" target=\"_blank\" title=\"Reproducir en una nueva ventana\" onclick=\"return powerpress_pinw('https:\/\/fmtinkunaco.ar\/?powerpress_pinw=4107-podcast');\" rel=\"nofollow\">Reproducir en una nueva ventana<\/a> | <a href=\"https:\/\/archive.org\/download\/audio-fernando-armani-28-10-2021\/AUDIO%20-%20FERNANDO%20ARMANI%2028%2010%202021.mp3\" class=\"powerpress_link_d\" title=\"Descargar\" rel=\"nofollow\" download=\"AUDIO%20-%20FERNANDO%20ARMANI%2028%2010%202021.mp3\">Descargar<\/a><\/p>","protected":false},"excerpt":{"rendered":"<p>El Centro Cultural de la Universidad Nacional de General Sarmiento cumpli\u00f3, en este octubre, 18 a\u00f1os de trabajo en el territorio. El proyecto sostiene talleres, formaci\u00f3n, actividades culturales, recitales en vivo y muchas actividades m\u00e1s que responden a las l\u00edneas de trabajo que hace tantos a\u00f1os el Centro Cultural viene construyendo. En di\u00e1logo con el [&hellip;]<\/p>\n","protected":false},"author":1,"featured_media":4108,"comment_status":"open","ping_status":"open","sticky":false,"template":"","format":"standard","meta":{"footnotes":""},"categories":[3],"tags":[90,143],"class_list":["post-4107","post","type-post","status-publish","format-standard","has-post-thumbnail","hentry","category-cultura","tag-ccungs","tag-cultura"],"_links":{"self":[{"href":"https:\/\/fmtinkunaco.ar\/index.php?rest_route=\/wp\/v2\/posts\/4107","targetHints":{"allow":["GET"]}}],"collection":[{"href":"https:\/\/fmtinkunaco.ar\/index.php?rest_route=\/wp\/v2\/posts"}],"about":[{"href":"https:\/\/fmtinkunaco.ar\/index.php?rest_route=\/wp\/v2\/types\/post"}],"author":[{"embeddable":true,"href":"https:\/\/fmtinkunaco.ar\/index.php?rest_route=\/wp\/v2\/users\/1"}],"replies":[{"embeddable":true,"href":"https:\/\/fmtinkunaco.ar\/index.php?rest_route=%2Fwp%2Fv2%2Fcomments&post=4107"}],"version-history":[{"count":0,"href":"https:\/\/fmtinkunaco.ar\/index.php?rest_route=\/wp\/v2\/posts\/4107\/revisions"}],"wp:featuredmedia":[{"embeddable":true,"href":"https:\/\/fmtinkunaco.ar\/index.php?rest_route=\/"}],"wp:attachment":[{"href":"https:\/\/fmtinkunaco.ar\/index.php?rest_route=%2Fwp%2Fv2%2Fmedia&parent=4107"}],"wp:term":[{"taxonomy":"category","embeddable":true,"href":"https:\/\/fmtinkunaco.ar\/index.php?rest_route=%2Fwp%2Fv2%2Fcategories&post=4107"},{"taxonomy":"post_tag","embeddable":true,"href":"https:\/\/fmtinkunaco.ar\/index.php?rest_route=%2Fwp%2Fv2%2Ftags&post=4107"}],"curies":[{"name":"wp","href":"https:\/\/api.w.org\/{rel}","templated":true}]}}