{"id":4123,"date":"2021-11-02T14:29:08","date_gmt":"2021-11-02T17:29:08","guid":{"rendered":"http:\/\/fmtinkunaco.com.ar\/?p=4123"},"modified":"2021-11-02T14:29:08","modified_gmt":"2021-11-02T17:29:08","slug":"el-4to-aniversario-de-la-reinauguracion-de-encuentro-cumelen","status":"publish","type":"post","link":"https:\/\/fmtinkunaco.ar\/?p=4123","title":{"rendered":"El 4to Aniversario de la Reinauguraci\u00f3n de Encuentro Cumelen"},"content":{"rendered":"<p>El pr\u00f3ximo s\u00e1bado 6 de noviembre, el Centro Cultural Encuentro Cumel\u00e9n invita a celebra su 4to aniversario de reinauguraci\u00f3n a partir de las 17 hs en Jos\u00e9 Uriburu 5032 entre Perdriel y Herrera, km 30.<\/p>\n<p>La celebraci\u00f3n contar\u00e1 con feria de artesanos y artesanas, micr\u00f3fono abierto, muestra de canto, percusi\u00f3n, danza y mucho m\u00e1s.<\/p>\n<p>En dialogo con el programa radial \u201cEncuentro con las Noticias\u201d, Adela, referente de Encuentro Cumelen, se refiri\u00f3 al proyecto cultural, <em>\u201cCumelen surge en el a\u00f1o 2005, como un proyecto personal cuando en esa \u00e9poca en Sourdeaux no hab\u00eda expresiones culturales cercanas, si quer\u00edas expresiones culturales hab\u00eda que irse. Entonces yo tuve un encuentro con el arte y la cultura en un taller de cer\u00e1mica en San Miguel y ah\u00ed sent\u00ed que el arte era una herramienta poderosa de transformaci\u00f3n y que la cultura era el medio para relacionarse\u201d.<\/em><\/p>\n<p>El Centro Cultural Cumelen cerr\u00f3 sus puertas, reinaugur\u00e1ndose hace 4 a\u00f1os por lo que lo que se celebra este fin de semana es el aniversario de su reinauguraci\u00f3n.<\/p>\n<p>Adela, adem\u00e1s, se refiri\u00f3 a la importancia del espacio para la comunidad, <em>\u201cLogramos instalar el cumple\u00f1os de Cumelen como el evento, es el evento del barrio y algo que me reconforta mucho a mi porque soy como la precursora es que los vecinos me dicen: no vemos la hora de que llegue el 6. Y vienen y comparten y esperan esta fecha\u201d.<\/em><\/p>\n<p>El cornograma del festival comeizna a las 17 hs:<\/p>\n<p>&#8211; 17hs Apertura con Feria de Artesanes \/ Musica por Sonia Aban y Soul d\u00fao<\/p>\n<p>&#8211; 17.30hs Recorrido por la Huerta.<\/p>\n<p>&#8211; 18hs Micr\u00f3fono Abierto.<\/p>\n<p>&#8211; 19hs Muestra de canto.<\/p>\n<p>&#8211; 20HS Percusi\u00f3n y Danza Afro &#8211; Maluko Malinke.<\/p>\n<p>&#8211; 21.30HS VARIETE: Yamile (cuerda), Pato (clown), Diego (malabar), Lucas (aereo)<\/p>\n<p>&#8211; 22:30hs Sortea Rifa a Beneficio del Centro Cultural.<\/p>\n<p>&#8211; 22:45 toca Piedra Preta &#8211; cierre del evento<\/p>\n<p>La invitaci\u00f3n es para el s\u00e1bado 6 de noviembre, en el Centro Cultural Encuentro Cumel\u00e9n a partir de las 17 hs en Jos\u00e9 Uriburu 5032 entre Perdriel y Herrera.<\/p>\n<p>Compartimos la entrevista completa<\/p>\n<p><a href=\"https:\/\/archive.org\/details\/audio-adela-cc-cumelen-02-11-2021\">Descargar<\/a><\/p>\n<p>&nbsp;<\/p>\n<audio class=\"wp-audio-shortcode\" id=\"audio-4123-2\" preload=\"none\" style=\"width: 100%;\" controls=\"controls\"><source type=\"audio\/mpeg\" src=\"https:\/\/archive.org\/download\/audio-adela-cc-cumelen-02-11-2021\/AUDIO%20-%20ADELA%20%28CC%20CUMELEN%29%2002%2011%202021.mp3?_=2\" \/><a href=\"https:\/\/archive.org\/download\/audio-adela-cc-cumelen-02-11-2021\/AUDIO%20-%20ADELA%20%28CC%20CUMELEN%29%2002%2011%202021.mp3\">https:\/\/archive.org\/download\/audio-adela-cc-cumelen-02-11-2021\/AUDIO%20-%20ADELA%20%28CC%20CUMELEN%29%2002%2011%202021.mp3<\/a><\/audio>\n<div class=\"powerpress_player\" id=\"powerpress_player_9552\"><audio class=\"wp-audio-shortcode\" id=\"audio-4123-1\" preload=\"none\" style=\"width: 100%;\" controls=\"controls\"><source type=\"audio\/mpeg\" src=\"https:\/\/archive.org\/download\/audio-adela-cc-cumelen-02-11-2021\/AUDIO%20-%20ADELA%20%28CC%20CUMELEN%29%2002%2011%202021.mp3?_=1\" \/><a href=\"https:\/\/archive.org\/download\/audio-adela-cc-cumelen-02-11-2021\/AUDIO%20-%20ADELA%20%28CC%20CUMELEN%29%2002%2011%202021.mp3\">https:\/\/archive.org\/download\/audio-adela-cc-cumelen-02-11-2021\/AUDIO%20-%20ADELA%20%28CC%20CUMELEN%29%2002%2011%202021.mp3<\/a><\/audio><\/div><p class=\"powerpress_links powerpress_links_mp3\" style=\"margin-bottom: 1px !important;\">Podcast: <a href=\"https:\/\/archive.org\/download\/audio-adela-cc-cumelen-02-11-2021\/AUDIO%20-%20ADELA%20%28CC%20CUMELEN%29%2002%2011%202021.mp3\" class=\"powerpress_link_pinw\" target=\"_blank\" title=\"Reproducir en una nueva ventana\" onclick=\"return powerpress_pinw('https:\/\/fmtinkunaco.ar\/?powerpress_pinw=4123-podcast');\" rel=\"nofollow\">Reproducir en una nueva ventana<\/a> | <a href=\"https:\/\/archive.org\/download\/audio-adela-cc-cumelen-02-11-2021\/AUDIO%20-%20ADELA%20%28CC%20CUMELEN%29%2002%2011%202021.mp3\" class=\"powerpress_link_d\" title=\"Descargar\" rel=\"nofollow\" download=\"AUDIO%20-%20ADELA%20%28CC%20CUMELEN%29%2002%2011%202021.mp3\">Descargar<\/a><\/p>","protected":false},"excerpt":{"rendered":"<p>El pr\u00f3ximo s\u00e1bado 6 de noviembre, el Centro Cultural Encuentro Cumel\u00e9n invita a celebra su 4to aniversario de reinauguraci\u00f3n a partir de las 17 hs en Jos\u00e9 Uriburu 5032 entre Perdriel y Herrera, km 30. La celebraci\u00f3n contar\u00e1 con feria de artesanos y artesanas, micr\u00f3fono abierto, muestra de canto, percusi\u00f3n, danza y mucho m\u00e1s. En [&hellip;]<\/p>\n","protected":false},"author":1,"featured_media":4124,"comment_status":"open","ping_status":"open","sticky":false,"template":"","format":"standard","meta":{"footnotes":""},"categories":[3],"tags":[],"class_list":["post-4123","post","type-post","status-publish","format-standard","has-post-thumbnail","hentry","category-cultura"],"_links":{"self":[{"href":"https:\/\/fmtinkunaco.ar\/index.php?rest_route=\/wp\/v2\/posts\/4123","targetHints":{"allow":["GET"]}}],"collection":[{"href":"https:\/\/fmtinkunaco.ar\/index.php?rest_route=\/wp\/v2\/posts"}],"about":[{"href":"https:\/\/fmtinkunaco.ar\/index.php?rest_route=\/wp\/v2\/types\/post"}],"author":[{"embeddable":true,"href":"https:\/\/fmtinkunaco.ar\/index.php?rest_route=\/wp\/v2\/users\/1"}],"replies":[{"embeddable":true,"href":"https:\/\/fmtinkunaco.ar\/index.php?rest_route=%2Fwp%2Fv2%2Fcomments&post=4123"}],"version-history":[{"count":0,"href":"https:\/\/fmtinkunaco.ar\/index.php?rest_route=\/wp\/v2\/posts\/4123\/revisions"}],"wp:featuredmedia":[{"embeddable":true,"href":"https:\/\/fmtinkunaco.ar\/index.php?rest_route=\/"}],"wp:attachment":[{"href":"https:\/\/fmtinkunaco.ar\/index.php?rest_route=%2Fwp%2Fv2%2Fmedia&parent=4123"}],"wp:term":[{"taxonomy":"category","embeddable":true,"href":"https:\/\/fmtinkunaco.ar\/index.php?rest_route=%2Fwp%2Fv2%2Fcategories&post=4123"},{"taxonomy":"post_tag","embeddable":true,"href":"https:\/\/fmtinkunaco.ar\/index.php?rest_route=%2Fwp%2Fv2%2Ftags&post=4123"}],"curies":[{"name":"wp","href":"https:\/\/api.w.org\/{rel}","templated":true}]}}