{"id":4361,"date":"2021-11-11T09:52:04","date_gmt":"2021-11-11T12:52:04","guid":{"rendered":"http:\/\/fmtinkunaco.com.ar\/?p=4165"},"modified":"2021-11-11T09:52:04","modified_gmt":"2021-11-11T12:52:04","slug":"la-utt-convoca-a-un-feriazo-en-las-puertas-del-indec","status":"publish","type":"post","link":"https:\/\/fmtinkunaco.ar\/?p=4361","title":{"rendered":"La UTT convoca a un feriazo en las puertas del INDEC"},"content":{"rendered":"<p>La Uni\u00f3n de Trabajadores y Trabajadoras de la Tierra junto a la Red de Comedores por una Alimentaci\u00f3n Soberana convoca, hoy a las 12.30hs, a un feriazo y radio abierta en las puertas del INDEC, como respuesta a al anuncio de la inflaci\u00f3n.<\/p>\n<p>Bajo el lema \u201c\u00a1No hay alimentos accesibles si no hay tierra para producir!\u201d, contar\u00e1n con\u00a0 bolsones de frutas y hortalizas a precios populares, a partir de $250 pesos, \u00a0y una radio abierta para narrar sus experiencias organizativas.<\/p>\n<p>En di\u00e1logo con el programa radial \u201cEncuentro con las Noticias\u201d, Lucas Tedesco, Integrante y Vocero de la UTT, se refiri\u00f3 a la convocatoria, <em>\u201cEstamos realizando un nuevo feriazo junto con la Red de comedores por una alimentaci\u00f3n soberana, en conjunto con los trabajadores y las trabajadoras del INDEC en esta situaci\u00f3n en donde se present\u00f3 un informe interanual sobre la inflaci\u00f3n en nuestro pa\u00eds que viene acumulando m\u00e1s del 40% de la inflaci\u00f3n. Obviamente \u00a0que esto golpea muy fuerte en el precio de los alimentos\u201d.<\/em><\/p>\n<p>Tedesco, adem\u00e1s, sostuvo <em>\u201cEsto tiene que ver para nosotros, claramente, con el modelo que est\u00e1 viviendo la Argentina, un modelo de concentraci\u00f3n de tierras, un modelo de monopolios, un modelo de carterizaci\u00f3n de los\u00a0 alimentos. Son tres, cuatro empresas que hoy se sientan con el gobierno para poder tratar de congelar, como propuesta del gobierno, 160 productos alimenticios de la canasta b\u00e1sica familiar\u201d.<\/em><\/p>\n<p>Frente al lema elegido para este feriazo, Lucas Tedesco remarc\u00f3 la lucha por la Ley de acceso a la tierra, <em>\u201cVenimos desde el a\u00f1o 2016 reclamando que se apruebe la ley de acceso a la tierra. Venimos de 4 d\u00edas de acampe frente al Congreso, hace dos semanas, si no hay tierra para producir alimentos est\u00e1 claro que quienes van a regular los alimentos de la Argentina van a ser las empresas y no solo empresas nacionales, si no multinacionales que son las due\u00f1as de m\u00e1s del 40% del territorio nacional y en esta situaci\u00f3n, claramente, que se pone en riesgo la soberan\u00eda alimentaria de nuestro pa\u00eds\u201d.<\/em><\/p>\n<p>La convocatoria es hoy, a partir de las 12.30hs, en las puertas del INDEC \u2013 Julio. A. Roca 609 (CABA).<\/p>\n<p>Compartimos el testimonio completo<\/p>\n<p><a href=\"https:\/\/archive.org\/details\/audio-lucas-tedesco-utt-11-11\">Descargar<\/a><\/p>\n<audio class=\"wp-audio-shortcode\" id=\"audio-4361-2\" preload=\"none\" style=\"width: 100%;\" controls=\"controls\"><source type=\"audio\/mpeg\" src=\"https:\/\/archive.org\/download\/audio-lucas-tedesco-utt-11-11\/AUDIO%20-%20LUCAS%20TEDESCO%20%28UTT%29%2011%2011%20.mp3?_=2\" \/><a href=\"https:\/\/archive.org\/download\/audio-lucas-tedesco-utt-11-11\/AUDIO%20-%20LUCAS%20TEDESCO%20%28UTT%29%2011%2011%20.mp3\">https:\/\/archive.org\/download\/audio-lucas-tedesco-utt-11-11\/AUDIO%20-%20LUCAS%20TEDESCO%20%28UTT%29%2011%2011%20.mp3<\/a><\/audio>\n<div class=\"powerpress_player\" id=\"powerpress_player_2580\"><audio class=\"wp-audio-shortcode\" id=\"audio-4361-1\" preload=\"none\" style=\"width: 100%;\" controls=\"controls\"><source type=\"audio\/mpeg\" src=\"https:\/\/archive.org\/download\/audio-lucas-tedesco-utt-11-11\/AUDIO%20-%20LUCAS%20TEDESCO%20%28UTT%29%2011%2011%20.mp3?_=1\" \/><a href=\"https:\/\/archive.org\/download\/audio-lucas-tedesco-utt-11-11\/AUDIO%20-%20LUCAS%20TEDESCO%20%28UTT%29%2011%2011%20.mp3\">https:\/\/archive.org\/download\/audio-lucas-tedesco-utt-11-11\/AUDIO%20-%20LUCAS%20TEDESCO%20%28UTT%29%2011%2011%20.mp3<\/a><\/audio><\/div><p class=\"powerpress_links powerpress_links_mp3\" style=\"margin-bottom: 1px !important;\">Podcast: <a href=\"https:\/\/archive.org\/download\/audio-lucas-tedesco-utt-11-11\/AUDIO%20-%20LUCAS%20TEDESCO%20%28UTT%29%2011%2011%20.mp3\" class=\"powerpress_link_pinw\" target=\"_blank\" title=\"Reproducir en una nueva ventana\" onclick=\"return powerpress_pinw('https:\/\/fmtinkunaco.ar\/?powerpress_pinw=4361-podcast');\" rel=\"nofollow\">Reproducir en una nueva ventana<\/a> | <a href=\"https:\/\/archive.org\/download\/audio-lucas-tedesco-utt-11-11\/AUDIO%20-%20LUCAS%20TEDESCO%20%28UTT%29%2011%2011%20.mp3\" class=\"powerpress_link_d\" title=\"Descargar\" rel=\"nofollow\" download=\"AUDIO%20-%20LUCAS%20TEDESCO%20%28UTT%29%2011%2011%20.mp3\">Descargar<\/a><\/p>","protected":false},"excerpt":{"rendered":"<p>La Uni\u00f3n de Trabajadores y Trabajadoras de la Tierra junto a la Red de Comedores por una Alimentaci\u00f3n Soberana convoca, hoy a las 12.30hs, a un feriazo y radio abierta en las puertas del INDEC, como respuesta a al anuncio de la inflaci\u00f3n. Bajo el lema \u201c\u00a1No hay alimentos accesibles si no hay tierra para [&hellip;]<\/p>\n","protected":false},"author":1,"featured_media":4167,"comment_status":"open","ping_status":"open","sticky":false,"template":"","format":"standard","meta":{"footnotes":""},"categories":[4,9],"tags":[507],"class_list":["post-4361","post","type-post","status-publish","format-standard","has-post-thumbnail","hentry","category-derechos-humanos","category-sociedad","tag-utt"],"_links":{"self":[{"href":"https:\/\/fmtinkunaco.ar\/index.php?rest_route=\/wp\/v2\/posts\/4361","targetHints":{"allow":["GET"]}}],"collection":[{"href":"https:\/\/fmtinkunaco.ar\/index.php?rest_route=\/wp\/v2\/posts"}],"about":[{"href":"https:\/\/fmtinkunaco.ar\/index.php?rest_route=\/wp\/v2\/types\/post"}],"author":[{"embeddable":true,"href":"https:\/\/fmtinkunaco.ar\/index.php?rest_route=\/wp\/v2\/users\/1"}],"replies":[{"embeddable":true,"href":"https:\/\/fmtinkunaco.ar\/index.php?rest_route=%2Fwp%2Fv2%2Fcomments&post=4361"}],"version-history":[{"count":0,"href":"https:\/\/fmtinkunaco.ar\/index.php?rest_route=\/wp\/v2\/posts\/4361\/revisions"}],"wp:featuredmedia":[{"embeddable":true,"href":"https:\/\/fmtinkunaco.ar\/index.php?rest_route=\/"}],"wp:attachment":[{"href":"https:\/\/fmtinkunaco.ar\/index.php?rest_route=%2Fwp%2Fv2%2Fmedia&parent=4361"}],"wp:term":[{"taxonomy":"category","embeddable":true,"href":"https:\/\/fmtinkunaco.ar\/index.php?rest_route=%2Fwp%2Fv2%2Fcategories&post=4361"},{"taxonomy":"post_tag","embeddable":true,"href":"https:\/\/fmtinkunaco.ar\/index.php?rest_route=%2Fwp%2Fv2%2Ftags&post=4361"}],"curies":[{"name":"wp","href":"https:\/\/api.w.org\/{rel}","templated":true}]}}