{"id":4362,"date":"2021-11-11T14:45:27","date_gmt":"2021-11-11T17:45:27","guid":{"rendered":"http:\/\/fmtinkunaco.com.ar\/?p=4169"},"modified":"2021-11-11T14:45:27","modified_gmt":"2021-11-11T17:45:27","slug":"la-biblioteca-palabras-del-alma-proyecta-un-nuevo-viaje-a-misiones","status":"publish","type":"post","link":"https:\/\/fmtinkunaco.ar\/?p=4362","title":{"rendered":"La Biblioteca Palabras del Alma proyecta un nuevo viaje a Misiones"},"content":{"rendered":"<p>La Biblioteca Palabras del Alma, ubicada en Barrio Peruzzotti (Pilar) se encuentra organizando un nuevo viaje a la provincia de Misiones para enero del a\u00f1o 2022. Adem\u00e1s, convocan a la comunidad a participar de reuniones informativas y viajar junto a ellos.<\/p>\n<p>Las reuniones informativas comenzaron esta semana y la \u00faltima ser\u00e1 el pr\u00f3ximo 13 de noviembre.<\/p>\n<p>Este viaje forma parte del proyecto institucional de la Biblioteca y de su constante trabajo junto a las comunidades guaran\u00edes de la selva misionera, colonias agrarias y barrios populares.<\/p>\n<p>En di\u00e1logo con el programa radial \u201cEncuentro con las Noticias\u201d, Hern\u00e1n Nem\u00ed, integrante de la Biblioteca Palabras del Alma, se refiri\u00f3 al inicio del proyecto, <em>\u201cDesde que naci\u00f3 la biblioteca nosotros hacemos viajes, estoy hablando del 2008, en su momento los llam\u00e1bamos viajes solidarios, viajes solidarios sonde nosotros visit\u00e1bamos colonias agrarias, una comunidad guaran\u00ed. Eran viajes de encuentro donde hac\u00edamos lo que se hacen en estos viajes, llevar donaciones, encontrarnos con la gente, jugar un partido de f\u00fatbol, cantar juntos, dibujar con los pibes, y de repente hubo dos colonias agrarias que quisieron tener bibliotecas tambi\u00e9n, replicar con todas las diferencias obvias de dos contextos distintos y en 2013 una comunidad Guaran\u00ed tambi\u00e9n dijo que ellos quer\u00edan tener un espacio con libros, con computadoras. (\u2026) Y a partir de esa experiencia empezaron a salir de la selva otros caciques que nos vinieron a pedir que reproduj\u00e9ramos esas experiencias, que visit\u00e1ramos sus comunidades y que los ayud\u00e1ramos a construir bibliotecas\u201d.<\/em><\/p>\n<p>Actualmente, la biblioteca trabaja con m\u00e1s de 30 comunidades guaran\u00edes en la provincia de Misiones.<\/p>\n<p>El viaje es abierto a la comunidad y el valor del mismo ser\u00e1 de $13.700 pesos m\u00e1s la comida (que ser\u00e1 comunitaria y muy accesible). Y el alojamiento ser\u00e1 en la Escuela de la Familia Agr\u00edcola de San Pedro (donde hay cocina, comedor y duchas y habitaciones con camas).<\/p>\n<p>Nem\u00ed, dio m\u00e1s detalles sobre el viaje,<em> \u201cLos que m\u00e1s ganamos somos siempre los que vamos de ac\u00e1. Nosotros nos vamos a alojar en una escuela agraria en San Pedro, o sea se van a encontrar con comodidades de alojamiento m\u00ednimas pero que est\u00e1n; dormimos en camas porque es una escuela secundaria donde los chicos viven durante el a\u00f1o. (\u2026) y despu\u00e9s lo que nosotros hacemos durante el d\u00eda es visitar comunidades guaran\u00edes, es visitar colonias agrarias y ah\u00ed lo que vamos a hacer es fiesta, es decir, una obra de teatro, cantar, hacer juegos, entregar regalos, tambi\u00e9n por supuesto dialogo, encuentro, conversaci\u00f3n y al mismo tiempo en la misma escuela en donde estamos alojados nosotros es una de nuestras capacitaciones con los guaran\u00edes\u201d.<\/em><\/p>\n<p>Para participar del viaje es esencial que te acerques a alguna de las reuniones informativas.<\/p>\n<p>La pr\u00f3xima reuni\u00f3n es el s\u00e1bado 13\/11, a las 18.30hs, en la Biblioteca Palabras del Alma (Corbeta Cefiro 2071, Barrio Peruzzotti, Pilar).<\/p>\n<p>Compartimos la entrevista completa<\/p>\n<p><a href=\"https:\/\/archive.org\/details\/audio-hernan-nemi-palabras-del-alma-11-11-2021\">Descargar<\/a><\/p>\n<audio class=\"wp-audio-shortcode\" id=\"audio-4362-2\" preload=\"none\" style=\"width: 100%;\" controls=\"controls\"><source type=\"audio\/mpeg\" src=\"https:\/\/archive.org\/download\/audio-hernan-nemi-palabras-del-alma-11-11-2021\/AUDIO%20-%20HERNAN%20NEMI%20%28PALABRAS%20DEL%20ALMA%29%2011%2011%202021.mp3?_=2\" \/><a href=\"https:\/\/archive.org\/download\/audio-hernan-nemi-palabras-del-alma-11-11-2021\/AUDIO%20-%20HERNAN%20NEMI%20%28PALABRAS%20DEL%20ALMA%29%2011%2011%202021.mp3\">https:\/\/archive.org\/download\/audio-hernan-nemi-palabras-del-alma-11-11-2021\/AUDIO%20-%20HERNAN%20NEMI%20%28PALABRAS%20DEL%20ALMA%29%2011%2011%202021.mp3<\/a><\/audio>\n<div class=\"powerpress_player\" id=\"powerpress_player_5479\"><audio class=\"wp-audio-shortcode\" id=\"audio-4362-1\" preload=\"none\" style=\"width: 100%;\" controls=\"controls\"><source type=\"audio\/mpeg\" src=\"https:\/\/archive.org\/download\/audio-hernan-nemi-palabras-del-alma-11-11-2021\/AUDIO%20-%20HERNAN%20NEMI%20%28PALABRAS%20DEL%20ALMA%29%2011%2011%202021.mp3?_=1\" \/><a href=\"https:\/\/archive.org\/download\/audio-hernan-nemi-palabras-del-alma-11-11-2021\/AUDIO%20-%20HERNAN%20NEMI%20%28PALABRAS%20DEL%20ALMA%29%2011%2011%202021.mp3\">https:\/\/archive.org\/download\/audio-hernan-nemi-palabras-del-alma-11-11-2021\/AUDIO%20-%20HERNAN%20NEMI%20%28PALABRAS%20DEL%20ALMA%29%2011%2011%202021.mp3<\/a><\/audio><\/div><p class=\"powerpress_links powerpress_links_mp3\" style=\"margin-bottom: 1px !important;\">Podcast: <a href=\"https:\/\/archive.org\/download\/audio-hernan-nemi-palabras-del-alma-11-11-2021\/AUDIO%20-%20HERNAN%20NEMI%20%28PALABRAS%20DEL%20ALMA%29%2011%2011%202021.mp3\" class=\"powerpress_link_pinw\" target=\"_blank\" title=\"Reproducir en una nueva ventana\" onclick=\"return powerpress_pinw('https:\/\/fmtinkunaco.ar\/?powerpress_pinw=4362-podcast');\" rel=\"nofollow\">Reproducir en una nueva ventana<\/a> | <a href=\"https:\/\/archive.org\/download\/audio-hernan-nemi-palabras-del-alma-11-11-2021\/AUDIO%20-%20HERNAN%20NEMI%20%28PALABRAS%20DEL%20ALMA%29%2011%2011%202021.mp3\" class=\"powerpress_link_d\" title=\"Descargar\" rel=\"nofollow\" download=\"AUDIO%20-%20HERNAN%20NEMI%20%28PALABRAS%20DEL%20ALMA%29%2011%2011%202021.mp3\">Descargar<\/a><\/p>","protected":false},"excerpt":{"rendered":"<p>La Biblioteca Palabras del Alma, ubicada en Barrio Peruzzotti (Pilar) se encuentra organizando un nuevo viaje a la provincia de Misiones para enero del a\u00f1o 2022. Adem\u00e1s, convocan a la comunidad a participar de reuniones informativas y viajar junto a ellos. Las reuniones informativas comenzaron esta semana y la \u00faltima ser\u00e1 el pr\u00f3ximo 13 de [&hellip;]<\/p>\n","protected":false},"author":1,"featured_media":4170,"comment_status":"open","ping_status":"open","sticky":false,"template":"","format":"standard","meta":{"footnotes":""},"categories":[3],"tags":[],"class_list":["post-4362","post","type-post","status-publish","format-standard","has-post-thumbnail","hentry","category-cultura"],"_links":{"self":[{"href":"https:\/\/fmtinkunaco.ar\/index.php?rest_route=\/wp\/v2\/posts\/4362","targetHints":{"allow":["GET"]}}],"collection":[{"href":"https:\/\/fmtinkunaco.ar\/index.php?rest_route=\/wp\/v2\/posts"}],"about":[{"href":"https:\/\/fmtinkunaco.ar\/index.php?rest_route=\/wp\/v2\/types\/post"}],"author":[{"embeddable":true,"href":"https:\/\/fmtinkunaco.ar\/index.php?rest_route=\/wp\/v2\/users\/1"}],"replies":[{"embeddable":true,"href":"https:\/\/fmtinkunaco.ar\/index.php?rest_route=%2Fwp%2Fv2%2Fcomments&post=4362"}],"version-history":[{"count":0,"href":"https:\/\/fmtinkunaco.ar\/index.php?rest_route=\/wp\/v2\/posts\/4362\/revisions"}],"wp:featuredmedia":[{"embeddable":true,"href":"https:\/\/fmtinkunaco.ar\/index.php?rest_route=\/"}],"wp:attachment":[{"href":"https:\/\/fmtinkunaco.ar\/index.php?rest_route=%2Fwp%2Fv2%2Fmedia&parent=4362"}],"wp:term":[{"taxonomy":"category","embeddable":true,"href":"https:\/\/fmtinkunaco.ar\/index.php?rest_route=%2Fwp%2Fv2%2Fcategories&post=4362"},{"taxonomy":"post_tag","embeddable":true,"href":"https:\/\/fmtinkunaco.ar\/index.php?rest_route=%2Fwp%2Fv2%2Ftags&post=4362"}],"curies":[{"name":"wp","href":"https:\/\/api.w.org\/{rel}","templated":true}]}}