{"id":4364,"date":"2021-11-12T13:45:53","date_gmt":"2021-11-12T16:45:53","guid":{"rendered":"http:\/\/fmtinkunaco.com.ar\/?p=4174"},"modified":"2021-11-12T13:45:53","modified_gmt":"2021-11-12T16:45:53","slug":"lesa-humanidad-avanza-el-juicio-quinta-la-pastoril","status":"publish","type":"post","link":"https:\/\/fmtinkunaco.ar\/?p=4364","title":{"rendered":"Lesa Humanidad: Avanza el Juicio Quinta La Pastoril"},"content":{"rendered":"<p>Ayer, jueves 11 de noviembre, se llev\u00f3 adelante la 5ta audiencia del Juicio de Lesa Humanidad \u201cQuinta La Pastoril\u201d que juzga a 5 militares y 3 polic\u00edas por la Masacre sucedida en un Congreso de militantes del PRT ERP, el 29 de marzo de 1976 en la Quinta La Pastoril, ubicada en La Reja \u2013 Moreno.<\/p>\n<p>En di\u00e1logo con el programa radial \u201cEncuentro con las Noticias\u201d, Andrea Herrera, integrante de Moreno por la Memoria, se refiri\u00f3 al desarrollo del juicio, <em>\u201cPor ahora estamos con la etapa de las testimoniales, en la primera audiencia se ley\u00f3 la elevaci\u00f3n un resumen y la semana pasada dieron sus testimonios las hermanas Agorio y ayer Viviana Losada, era compa\u00f1era de Ortiz y las chicas Ch\u00e1vez, Valeria y Soledad que son hijas de Ch\u00e1vez.<\/em><br \/>\n<em> Siempre las testimoniales que est\u00e1n relacionadas con los familiares y los sobrevivientes son muy emocionantes\u201d.<\/em><\/p>\n<p>Adem\u00e1s, Herrera, se refiri\u00f3 a la duraci\u00f3n del Juicio, <em>\u201cAyer estuvieron dando las fechas y por lo que escuche hay fecha hasta el 30 de diciembre. (\u2026) los tres jueces forman parte de dos tribunales el N\u00b04 y el N\u00b05 y est\u00e1n as\u00ed como complicados con unas y otras audiencias; entonces ayer estuvieron haciendo como una agenda y por lo pronto lo que escuche es que es hasta el 30. Generalmente en enero no hay porque la feria abarca todo enero y se retoma en febrero la primera instancia que corresponda al d\u00eda h\u00e1bil de la semana que se ha tomado, que en este caso es el jueves\u201d.<\/em><\/p>\n<p>Hist\u00f3ricamente, para el municipio de Moreno es el primer juicio de Lesa Humanidad que se lleva adelante.<\/p>\n<p>Fotograf\u00eda: La Retaguardia<\/p>\n<p>Compartimos la entrevista completa<\/p>\n<p><a href=\"https:\/\/archive.org\/details\/audio-andrea-herrera-mxm-12-11-2021\">Descargar<\/a><\/p>\n<audio class=\"wp-audio-shortcode\" id=\"audio-4364-2\" preload=\"none\" style=\"width: 100%;\" controls=\"controls\"><source type=\"audio\/mpeg\" src=\"https:\/\/archive.org\/download\/audio-andrea-herrera-mxm-12-11-2021\/AUDIO%20-%20ANDREA%20HERRERA%20%28MXM%29%2012%2011%202021.mp3?_=2\" \/><a href=\"https:\/\/archive.org\/download\/audio-andrea-herrera-mxm-12-11-2021\/AUDIO%20-%20ANDREA%20HERRERA%20%28MXM%29%2012%2011%202021.mp3\">https:\/\/archive.org\/download\/audio-andrea-herrera-mxm-12-11-2021\/AUDIO%20-%20ANDREA%20HERRERA%20%28MXM%29%2012%2011%202021.mp3<\/a><\/audio>\n<div class=\"powerpress_player\" id=\"powerpress_player_7111\"><audio class=\"wp-audio-shortcode\" id=\"audio-4364-1\" preload=\"none\" style=\"width: 100%;\" controls=\"controls\"><source type=\"audio\/mpeg\" src=\"https:\/\/archive.org\/download\/audio-andrea-herrera-mxm-12-11-2021\/AUDIO%20-%20ANDREA%20HERRERA%20%28MXM%29%2012%2011%202021.mp3?_=1\" \/><a href=\"https:\/\/archive.org\/download\/audio-andrea-herrera-mxm-12-11-2021\/AUDIO%20-%20ANDREA%20HERRERA%20%28MXM%29%2012%2011%202021.mp3\">https:\/\/archive.org\/download\/audio-andrea-herrera-mxm-12-11-2021\/AUDIO%20-%20ANDREA%20HERRERA%20%28MXM%29%2012%2011%202021.mp3<\/a><\/audio><\/div><p class=\"powerpress_links powerpress_links_mp3\" style=\"margin-bottom: 1px !important;\">Podcast: <a href=\"https:\/\/archive.org\/download\/audio-andrea-herrera-mxm-12-11-2021\/AUDIO%20-%20ANDREA%20HERRERA%20%28MXM%29%2012%2011%202021.mp3\" class=\"powerpress_link_pinw\" target=\"_blank\" title=\"Reproducir en una nueva ventana\" onclick=\"return powerpress_pinw('https:\/\/fmtinkunaco.ar\/?powerpress_pinw=4364-podcast');\" rel=\"nofollow\">Reproducir en una nueva ventana<\/a> | <a href=\"https:\/\/archive.org\/download\/audio-andrea-herrera-mxm-12-11-2021\/AUDIO%20-%20ANDREA%20HERRERA%20%28MXM%29%2012%2011%202021.mp3\" class=\"powerpress_link_d\" title=\"Descargar\" rel=\"nofollow\" download=\"AUDIO%20-%20ANDREA%20HERRERA%20%28MXM%29%2012%2011%202021.mp3\">Descargar<\/a><\/p>","protected":false},"excerpt":{"rendered":"<p>Ayer, jueves 11 de noviembre, se llev\u00f3 adelante la 5ta audiencia del Juicio de Lesa Humanidad \u201cQuinta La Pastoril\u201d que juzga a 5 militares y 3 polic\u00edas por la Masacre sucedida en un Congreso de militantes del PRT ERP, el 29 de marzo de 1976 en la Quinta La Pastoril, ubicada en La Reja \u2013 [&hellip;]<\/p>\n","protected":false},"author":1,"featured_media":4175,"comment_status":"open","ping_status":"open","sticky":false,"template":"","format":"standard","meta":{"footnotes":""},"categories":[4],"tags":[],"class_list":["post-4364","post","type-post","status-publish","format-standard","has-post-thumbnail","hentry","category-derechos-humanos"],"_links":{"self":[{"href":"https:\/\/fmtinkunaco.ar\/index.php?rest_route=\/wp\/v2\/posts\/4364","targetHints":{"allow":["GET"]}}],"collection":[{"href":"https:\/\/fmtinkunaco.ar\/index.php?rest_route=\/wp\/v2\/posts"}],"about":[{"href":"https:\/\/fmtinkunaco.ar\/index.php?rest_route=\/wp\/v2\/types\/post"}],"author":[{"embeddable":true,"href":"https:\/\/fmtinkunaco.ar\/index.php?rest_route=\/wp\/v2\/users\/1"}],"replies":[{"embeddable":true,"href":"https:\/\/fmtinkunaco.ar\/index.php?rest_route=%2Fwp%2Fv2%2Fcomments&post=4364"}],"version-history":[{"count":0,"href":"https:\/\/fmtinkunaco.ar\/index.php?rest_route=\/wp\/v2\/posts\/4364\/revisions"}],"wp:featuredmedia":[{"embeddable":true,"href":"https:\/\/fmtinkunaco.ar\/index.php?rest_route=\/"}],"wp:attachment":[{"href":"https:\/\/fmtinkunaco.ar\/index.php?rest_route=%2Fwp%2Fv2%2Fmedia&parent=4364"}],"wp:term":[{"taxonomy":"category","embeddable":true,"href":"https:\/\/fmtinkunaco.ar\/index.php?rest_route=%2Fwp%2Fv2%2Fcategories&post=4364"},{"taxonomy":"post_tag","embeddable":true,"href":"https:\/\/fmtinkunaco.ar\/index.php?rest_route=%2Fwp%2Fv2%2Ftags&post=4364"}],"curies":[{"name":"wp","href":"https:\/\/api.w.org\/{rel}","templated":true}]}}