{"id":4365,"date":"2021-11-15T10:29:10","date_gmt":"2021-11-15T13:29:10","guid":{"rendered":"http:\/\/fmtinkunaco.com.ar\/?p=4179"},"modified":"2021-11-15T10:29:10","modified_gmt":"2021-11-15T13:29:10","slug":"acto-de-desagravio-el-negrito-vive","status":"publish","type":"post","link":"https:\/\/fmtinkunaco.ar\/?p=4365","title":{"rendered":"Acto de Desagravio: \u201cEl Negrito Vive\u201d"},"content":{"rendered":"<p>El viernes 12 de noviembre, la Asociaci\u00f3n de Sobrevivientes, Familiares, Compa\u00f1eros y Compa\u00f1eras de Campo de Mayo realiz\u00f3 el acto de desagravio en Memoria de Floreal \u201cEl Negrito\u201d Avellaneda y como respuesta a la vandalizaci\u00f3n de su placa.<\/p>\n<p>En di\u00e1logo con la FM Tinkunaco, Iris Avellaneda, Sobreviviente de Campo de Mayo, mam\u00e1 del Negrito y Presidenta de la Asociaci\u00f3n se refiri\u00f3 a la importancia de responder a la violencia con este acto, <em>\u201cEstamos ac\u00e1 en este repudio, repudiando a estos milicos que teniendo c\u00e1maras como tienen, hemos hecho la denuncia en todos lados y no nos han respondido. Ah\u00ed se dan cuenta el odio que tienen los milicos sobre los desaparecidos.<\/em><br \/>\n<em> (\u2026) S\u00ed cien veces lo saca, cien veces lo vamos a poner, as\u00ed que compa\u00f1eros gracias por acompa\u00f1arme en esto\u201d.<\/em><\/p>\n<p>Compartimos el testimonio<\/p>\n<p><a href=\"https:\/\/archive.org\/details\/audio-04-iriis-avellaneda\">Descargar<\/a><\/p>\n<audio class=\"wp-audio-shortcode\" id=\"audio-4365-2\" preload=\"none\" style=\"width: 100%;\" controls=\"controls\"><source type=\"audio\/mpeg\" src=\"https:\/\/archive.org\/download\/audio-04-iriis-avellaneda\/AUDIO%2004%20-%20IRIIS%20AVELLANEDA%20.mp3?_=2\" \/><a href=\"https:\/\/archive.org\/download\/audio-04-iriis-avellaneda\/AUDIO%2004%20-%20IRIIS%20AVELLANEDA%20.mp3\">https:\/\/archive.org\/download\/audio-04-iriis-avellaneda\/AUDIO%2004%20-%20IRIIS%20AVELLANEDA%20.mp3<\/a><\/audio>\n<p>&nbsp;<\/p>\n<p>Durante el acto de desagravio se volvi\u00f3 a colocar la imagen del Negrito Avellaneda y se denunciaron los ataques que est\u00e1n sufriendo murales, sitios de memoria y recordatorios de las y los desaparecidos en distintos puntos de nuestra regi\u00f3n. Juan Quintana, integrante de la Asamblea de Tortuguitas e integrante de la Asociaci\u00f3n de Sobrevivientes, Familiares, Compa\u00f1eras y Compa\u00f1eros de Campo de Mayo entrevist\u00f3 a algunos de los asistentes al acto.<\/p>\n<p>Rodrigo, integrante de la Federaci\u00f3n Juvenil Comunista, remarc\u00f3 los sentimientos encontrados <em>\u201cPrimero que nada, una bronca inmensa con respecto a todo el laburo que venimos haciendo, es como si nos hubieran escupido por todo el laburo que venimos haciendo hace dos a\u00f1os desde la se\u00f1alizaci\u00f3n hasta el plantemos memoria que lo hicimos en marzo y la placa en septiembre. Esto la verdad nos parece una falta de respeto y estamos tratando y ojal\u00e1 se pueda hacer justicia y ver realmente quienes fueron, y restaurarla y que no nos la vuelvan a sacar\u201d.<\/em><\/p>\n<p>La Asociaci\u00f3n denuncia que las fuerzas militares, que funcionan en Campo de Mayo, no quieren brindarles las c\u00e1maras para dar con quienes son responsables del acto.<\/p>\n<p>Compartimos el testimonio<\/p>\n<p><a href=\"https:\/\/archive.org\/details\/audio-01-rodrigo-federacion-juvenil-comunista\">Descargar<\/a><\/p>\n<audio class=\"wp-audio-shortcode\" id=\"audio-4365-3\" preload=\"none\" style=\"width: 100%;\" controls=\"controls\"><source type=\"audio\/mpeg\" src=\"https:\/\/archive.org\/download\/audio-01-rodrigo-federacion-juvenil-comunista\/AUDIO%2001%20-%20Rodrigo%20%28Federaci%C3%B3n%20Juvenil%20Comunista%29.mp3?_=3\" \/><a href=\"https:\/\/archive.org\/download\/audio-01-rodrigo-federacion-juvenil-comunista\/AUDIO%2001%20-%20Rodrigo%20%28Federaci%C3%B3n%20Juvenil%20Comunista%29.mp3\">https:\/\/archive.org\/download\/audio-01-rodrigo-federacion-juvenil-comunista\/AUDIO%2001%20-%20Rodrigo%20%28Federaci%C3%B3n%20Juvenil%20Comunista%29.mp3<\/a><\/audio>\n<p>&nbsp;<\/p>\n<div class=\"powerpress_player\" id=\"powerpress_player_2047\"><audio class=\"wp-audio-shortcode\" id=\"audio-4365-1\" preload=\"none\" style=\"width: 100%;\" controls=\"controls\"><source type=\"audio\/mpeg\" src=\"https:\/\/archive.org\/download\/audio-04-iriis-avellaneda\/AUDIO%2004%20-%20IRIIS%20AVELLANEDA%20.mp3?_=1\" \/><a href=\"https:\/\/archive.org\/download\/audio-04-iriis-avellaneda\/AUDIO%2004%20-%20IRIIS%20AVELLANEDA%20.mp3\">https:\/\/archive.org\/download\/audio-04-iriis-avellaneda\/AUDIO%2004%20-%20IRIIS%20AVELLANEDA%20.mp3<\/a><\/audio><\/div><p class=\"powerpress_links powerpress_links_mp3\" style=\"margin-bottom: 1px !important;\">Podcast: <a href=\"https:\/\/archive.org\/download\/audio-04-iriis-avellaneda\/AUDIO%2004%20-%20IRIIS%20AVELLANEDA%20.mp3\" class=\"powerpress_link_pinw\" target=\"_blank\" title=\"Reproducir en una nueva ventana\" onclick=\"return powerpress_pinw('https:\/\/fmtinkunaco.ar\/?powerpress_pinw=4365-podcast');\" rel=\"nofollow\">Reproducir en una nueva ventana<\/a> | <a href=\"https:\/\/archive.org\/download\/audio-04-iriis-avellaneda\/AUDIO%2004%20-%20IRIIS%20AVELLANEDA%20.mp3\" class=\"powerpress_link_d\" title=\"Descargar\" rel=\"nofollow\" download=\"AUDIO%2004%20-%20IRIIS%20AVELLANEDA%20.mp3\">Descargar<\/a><\/p>","protected":false},"excerpt":{"rendered":"<p>El viernes 12 de noviembre, la Asociaci\u00f3n de Sobrevivientes, Familiares, Compa\u00f1eros y Compa\u00f1eras de Campo de Mayo realiz\u00f3 el acto de desagravio en Memoria de Floreal \u201cEl Negrito\u201d Avellaneda y como respuesta a la vandalizaci\u00f3n de su placa. En di\u00e1logo con la FM Tinkunaco, Iris Avellaneda, Sobreviviente de Campo de Mayo, mam\u00e1 del Negrito y [&hellip;]<\/p>\n","protected":false},"author":1,"featured_media":4181,"comment_status":"open","ping_status":"open","sticky":false,"template":"","format":"standard","meta":{"footnotes":""},"categories":[4],"tags":[],"class_list":["post-4365","post","type-post","status-publish","format-standard","has-post-thumbnail","hentry","category-derechos-humanos"],"_links":{"self":[{"href":"https:\/\/fmtinkunaco.ar\/index.php?rest_route=\/wp\/v2\/posts\/4365","targetHints":{"allow":["GET"]}}],"collection":[{"href":"https:\/\/fmtinkunaco.ar\/index.php?rest_route=\/wp\/v2\/posts"}],"about":[{"href":"https:\/\/fmtinkunaco.ar\/index.php?rest_route=\/wp\/v2\/types\/post"}],"author":[{"embeddable":true,"href":"https:\/\/fmtinkunaco.ar\/index.php?rest_route=\/wp\/v2\/users\/1"}],"replies":[{"embeddable":true,"href":"https:\/\/fmtinkunaco.ar\/index.php?rest_route=%2Fwp%2Fv2%2Fcomments&post=4365"}],"version-history":[{"count":0,"href":"https:\/\/fmtinkunaco.ar\/index.php?rest_route=\/wp\/v2\/posts\/4365\/revisions"}],"wp:featuredmedia":[{"embeddable":true,"href":"https:\/\/fmtinkunaco.ar\/index.php?rest_route=\/"}],"wp:attachment":[{"href":"https:\/\/fmtinkunaco.ar\/index.php?rest_route=%2Fwp%2Fv2%2Fmedia&parent=4365"}],"wp:term":[{"taxonomy":"category","embeddable":true,"href":"https:\/\/fmtinkunaco.ar\/index.php?rest_route=%2Fwp%2Fv2%2Fcategories&post=4365"},{"taxonomy":"post_tag","embeddable":true,"href":"https:\/\/fmtinkunaco.ar\/index.php?rest_route=%2Fwp%2Fv2%2Ftags&post=4365"}],"curies":[{"name":"wp","href":"https:\/\/api.w.org\/{rel}","templated":true}]}}