{"id":4366,"date":"2021-11-15T14:40:14","date_gmt":"2021-11-15T17:40:14","guid":{"rendered":"http:\/\/fmtinkunaco.com.ar\/?p=4183"},"modified":"2021-11-15T14:40:14","modified_gmt":"2021-11-15T17:40:14","slug":"el-frente-de-izquierda-unidad-avanza-en-el-territorio","status":"publish","type":"post","link":"https:\/\/fmtinkunaco.ar\/?p=4366","title":{"rendered":"El Frente de Izquierda Unidad avanza en el territorio"},"content":{"rendered":"<p>El Frente de Izquierda Unidad, avanz\u00f3 en el territorio, en las elecciones legislativas del d\u00eda de ayer, domingo 14 de noviembre.<\/p>\n<p>Adem\u00e1s, a nivel nacional, desde el FIT sostienen que han logrado una elecci\u00f3n hist\u00f3rica con 1.300.000 votos hasta el momento.<\/p>\n<p>En Jos\u00e9. C. Paz, la Izquierda logr\u00f3 m\u00e1s de 13 mil votos y con el 98% de mesas escrutadas, Sandra Becerra, militante social e integrante del Polo Obrero ya ha ingresado al Concejo Deliberante pace\u00f1o.<br \/>\nAs\u00ed lo explic\u00f3 Iv\u00e1n Ponce, militante de Izquierda Socialista, se refiri\u00f3 a este logro <em>\u201cTras la elecci\u00f3n de ayer estar\u00eda entrando, por primera vez en la historia, un concejal de izquierda por primera vez al Concejo Deliberante de Jos\u00e9. C. Paz. Los compa\u00f1eros tambi\u00e9n dicen que hay posibilidad de pelear un segundo concejal, as\u00ed que estamos muy contentos. Tenemos por delante un gran compromiso y vamos a tratar de estar a la altura de las circunstancias\u201d.<\/em><\/p>\n<p>Compartimos el testimonio completo<\/p>\n<p><a href=\"https:\/\/archive.org\/details\/audio-ivan-ponce-candidato-en-jcp\">Descargar<\/a><\/p>\n<audio class=\"wp-audio-shortcode\" id=\"audio-4366-2\" preload=\"none\" style=\"width: 100%;\" controls=\"controls\"><source type=\"audio\/mpeg\" src=\"https:\/\/archive.org\/download\/audio-ivan-ponce-candidato-en-jcp\/AUDIO%20-%20IVAN%20PONCE%20%28CANDIDATO%20EN%20JCP%29.mp3?_=2\" \/><a href=\"https:\/\/archive.org\/download\/audio-ivan-ponce-candidato-en-jcp\/AUDIO%20-%20IVAN%20PONCE%20%28CANDIDATO%20EN%20JCP%29.mp3\">https:\/\/archive.org\/download\/audio-ivan-ponce-candidato-en-jcp\/AUDIO%20-%20IVAN%20PONCE%20%28CANDIDATO%20EN%20JCP%29.mp3<\/a><\/audio>\n<p>&nbsp;<\/p>\n<p>En Moreno, con el 9,3% se da el ingreso de Lorena Pereira al Concejo Deliberante de Moreno. As\u00ed remarc\u00f3 Pereira la emoci\u00f3n, <em>\u201cLa verdad que estamos muy contentos, estoy muy contenta de los resultados de ayer; la verdad que fue una cuesti\u00f3n hist\u00f3rica en Moreno y estamos muy contentos. (\u2026) Es algo hist\u00f3rico ac\u00e1 en Moreno, porque nunca paso, y tambi\u00e9n est\u00e1 pasando en otros distritos La Matanza, Merlo. (\u2026) Yo creo que es un momento, justamente, hist\u00f3rico donde se va a escuchar la voz de la izquierda y se va a escuchar la voz de los trabajadores, de los vecinos, de las mujeres de Moreno que est\u00e1n cansadas de que el Frente de Todos y Cambiemos \u00a0hayan estado gobernando siempre y no han resuelto los problemas de Moreno\u201d.<\/em><\/p>\n<p>Compartimos el testimonio completo<\/p>\n<p><a href=\"https:\/\/archive.org\/details\/audio-lorena-pereira-fit-moreno-15-11\">Descargar<\/a><\/p>\n<audio class=\"wp-audio-shortcode\" id=\"audio-4366-3\" preload=\"none\" style=\"width: 100%;\" controls=\"controls\"><source type=\"audio\/mpeg\" src=\"https:\/\/archive.org\/download\/audio-lorena-pereira-fit-moreno-15-11\/AUDIO%20-%20LORENA%20PEREIRA%20%28FIT%20MORENO%29%2015%2011%20.mp3?_=3\" \/><a href=\"https:\/\/archive.org\/download\/audio-lorena-pereira-fit-moreno-15-11\/AUDIO%20-%20LORENA%20PEREIRA%20%28FIT%20MORENO%29%2015%2011%20.mp3\">https:\/\/archive.org\/download\/audio-lorena-pereira-fit-moreno-15-11\/AUDIO%20-%20LORENA%20PEREIRA%20%28FIT%20MORENO%29%2015%2011%20.mp3<\/a><\/audio>\n<p>&nbsp;<\/p>\n<p>En Pilar, el FIT conquist\u00f3 un 5,99% de los votos, con el 97,23% de las mesas escrutadas. Superando los votos obtenidos en las PASO, se convirti\u00f3 en la cuarta fuerza a nivel local.<br \/>\nAs\u00ed lo remarc\u00f3 Natalia Espasa, referente del FIT Unidad de Pilar, <em>\u201cUna buena elecci\u00f3n, cuarta fuerza en Pilar, superando el porcentaje de votos que hemos sacado en las PASO. Y m\u00e1s fortalecidos porque el Frente de Izquierda Unidad se consolida como tercera fuerza nacional. (\u2026) Y eso es gracias a todo el esfuerzo militante, a la gente que acompa\u00f1\u00f3 con sus votos, a los fiscales que los hemos ido a cuidar en la elecci\u00f3n\u201d.<\/em><\/p>\n<p>Compartimos el testimonio completo<\/p>\n<p><a href=\"https:\/\/archive.org\/details\/audio-natalia-espasa-pilar-15-11-2021\">Descargar<\/a><\/p>\n<audio class=\"wp-audio-shortcode\" id=\"audio-4366-4\" preload=\"none\" style=\"width: 100%;\" controls=\"controls\"><source type=\"audio\/mpeg\" src=\"https:\/\/archive.org\/download\/audio-natalia-espasa-pilar-15-11-2021\/AUDIO%20-%20NATALIA%20ESPASA%20%28PILAR%29%2015%2011%202021.mp3?_=4\" \/><a href=\"https:\/\/archive.org\/download\/audio-natalia-espasa-pilar-15-11-2021\/AUDIO%20-%20NATALIA%20ESPASA%20%28PILAR%29%2015%2011%202021.mp3\">https:\/\/archive.org\/download\/audio-natalia-espasa-pilar-15-11-2021\/AUDIO%20-%20NATALIA%20ESPASA%20%28PILAR%29%2015%2011%202021.mp3<\/a><\/audio>\n<p>&nbsp;<\/p>\n<p>Adem\u00e1s, el FIT logr\u00f3 bancas de Diputados Nacionales como Alejandro Vilca desde Jujuy, Nicol\u00e1s del Ca\u00f1o, Romina Del Pl\u00e1 por la provincia de Buenos Aires y Myriam Bregman por C.A.B.A. Tambi\u00e9n estar\u00edan ingresando Concejales en La Matanza, Merlo, Moreno y Mor\u00f3n.<\/p>\n<div class=\"powerpress_player\" id=\"powerpress_player_7265\"><audio class=\"wp-audio-shortcode\" id=\"audio-4366-1\" preload=\"none\" style=\"width: 100%;\" controls=\"controls\"><source type=\"audio\/mpeg\" src=\"https:\/\/archive.org\/download\/audio-ivan-ponce-candidato-en-jcp\/AUDIO%20-%20IVAN%20PONCE%20%28CANDIDATO%20EN%20JCP%29.mp3?_=1\" \/><a href=\"https:\/\/archive.org\/download\/audio-ivan-ponce-candidato-en-jcp\/AUDIO%20-%20IVAN%20PONCE%20%28CANDIDATO%20EN%20JCP%29.mp3\">https:\/\/archive.org\/download\/audio-ivan-ponce-candidato-en-jcp\/AUDIO%20-%20IVAN%20PONCE%20%28CANDIDATO%20EN%20JCP%29.mp3<\/a><\/audio><\/div><p class=\"powerpress_links powerpress_links_mp3\" style=\"margin-bottom: 1px !important;\">Podcast: <a href=\"https:\/\/archive.org\/download\/audio-ivan-ponce-candidato-en-jcp\/AUDIO%20-%20IVAN%20PONCE%20%28CANDIDATO%20EN%20JCP%29.mp3\" class=\"powerpress_link_pinw\" target=\"_blank\" title=\"Reproducir en una nueva ventana\" onclick=\"return powerpress_pinw('https:\/\/fmtinkunaco.ar\/?powerpress_pinw=4366-podcast');\" rel=\"nofollow\">Reproducir en una nueva ventana<\/a> | <a href=\"https:\/\/archive.org\/download\/audio-ivan-ponce-candidato-en-jcp\/AUDIO%20-%20IVAN%20PONCE%20%28CANDIDATO%20EN%20JCP%29.mp3\" class=\"powerpress_link_d\" title=\"Descargar\" rel=\"nofollow\" download=\"AUDIO%20-%20IVAN%20PONCE%20%28CANDIDATO%20EN%20JCP%29.mp3\">Descargar<\/a><\/p>","protected":false},"excerpt":{"rendered":"<p>El Frente de Izquierda Unidad, avanz\u00f3 en el territorio, en las elecciones legislativas del d\u00eda de ayer, domingo 14 de noviembre. Adem\u00e1s, a nivel nacional, desde el FIT sostienen que han logrado una elecci\u00f3n hist\u00f3rica con 1.300.000 votos hasta el momento. En Jos\u00e9. C. Paz, la Izquierda logr\u00f3 m\u00e1s de 13 mil votos y con [&hellip;]<\/p>\n","protected":false},"author":1,"featured_media":4184,"comment_status":"open","ping_status":"open","sticky":false,"template":"","format":"standard","meta":{"footnotes":""},"categories":[9],"tags":[],"class_list":["post-4366","post","type-post","status-publish","format-standard","has-post-thumbnail","hentry","category-sociedad"],"_links":{"self":[{"href":"https:\/\/fmtinkunaco.ar\/index.php?rest_route=\/wp\/v2\/posts\/4366","targetHints":{"allow":["GET"]}}],"collection":[{"href":"https:\/\/fmtinkunaco.ar\/index.php?rest_route=\/wp\/v2\/posts"}],"about":[{"href":"https:\/\/fmtinkunaco.ar\/index.php?rest_route=\/wp\/v2\/types\/post"}],"author":[{"embeddable":true,"href":"https:\/\/fmtinkunaco.ar\/index.php?rest_route=\/wp\/v2\/users\/1"}],"replies":[{"embeddable":true,"href":"https:\/\/fmtinkunaco.ar\/index.php?rest_route=%2Fwp%2Fv2%2Fcomments&post=4366"}],"version-history":[{"count":0,"href":"https:\/\/fmtinkunaco.ar\/index.php?rest_route=\/wp\/v2\/posts\/4366\/revisions"}],"wp:featuredmedia":[{"embeddable":true,"href":"https:\/\/fmtinkunaco.ar\/index.php?rest_route=\/"}],"wp:attachment":[{"href":"https:\/\/fmtinkunaco.ar\/index.php?rest_route=%2Fwp%2Fv2%2Fmedia&parent=4366"}],"wp:term":[{"taxonomy":"category","embeddable":true,"href":"https:\/\/fmtinkunaco.ar\/index.php?rest_route=%2Fwp%2Fv2%2Fcategories&post=4366"},{"taxonomy":"post_tag","embeddable":true,"href":"https:\/\/fmtinkunaco.ar\/index.php?rest_route=%2Fwp%2Fv2%2Ftags&post=4366"}],"curies":[{"name":"wp","href":"https:\/\/api.w.org\/{rel}","templated":true}]}}