{"id":4373,"date":"2021-11-19T23:35:43","date_gmt":"2021-11-20T02:35:43","guid":{"rendered":"http:\/\/fmtinkunaco.com.ar\/?p=4211"},"modified":"2021-11-19T23:35:43","modified_gmt":"2021-11-20T02:35:43","slug":"ate-moreno-no-descarta-medidas-de-fuerza-si-no-hay-una-oferta-seria-de-incremento-salarial","status":"publish","type":"post","link":"https:\/\/fmtinkunaco.ar\/?p=4373","title":{"rendered":"ATE Moreno no descarta medidas de fuerza si no hay una oferta seria de incremento salarial"},"content":{"rendered":"<p style=\"text-align: justify\">La inflaci\u00f3n ya super\u00f3 ampliamente la estimaci\u00f3n de inicios de este 2021 y los sindicatos buscan validar la clausula de revisi\u00f3n para lograr un incremento que permita que el salario al menos pueda empardar la inflaci\u00f3n.<\/p>\n<p style=\"text-align: justify\">Los trabajadores Municipales nucleados en ATE Moreno llevaron como propuesta a la reuni\u00f3n paritaria el 15% de aumento para esta \u00faltima parte del a\u00f1o justamente para no volver\u00a0 a perder contra la inflaci\u00f3n como viene ocurriendo desde hace 6 a\u00f1os. Pero la respuesta que recibieron fue simplemente adelantar el 8% ya acordado.<\/p>\n<p style=\"text-align: justify\">Ra\u00fal Soria, delegado general de la junta interna de Municipales de ATE Moreno, repas\u00f3 en el programa \u00abEncuentro con las Noticias\u00bb la situaci\u00f3n de los trabajadores y las trabajadoras municipales de Moreno, la falta de una propuesta seria de incremento salarial del gobierno de Mariel Fern\u00e1ndez, la posibilidad de cerrar la paritaria por decreto, y las medidas de fuerza que iniciar\u00e1n de no conseguir un incremento que al menos permita empardar la inflaci\u00f3n.<\/p>\n<p style=\"text-align: justify\"><em>\u201cnosotros en agosto de este a\u00f1o hicimos una presentaci\u00f3n de reapertura o adelanto de la clausula de revisi\u00f3n dado que en varios \u00e1mbitos de naci\u00f3n y provincia se hab\u00eda dado esa posibilidad, el gobierno local nos planteo que estaba firmado en acta paritaria que dicha clausula de revisi\u00f3n serie reci\u00e9n el 4 de noviembre, llegamos al 4 de noviembre donde el ejecutivo encabezado por el secretario de gobierno plantea que quer\u00eda escuchar las propuestas de los gremios, esa propuesta la hicimos (\u2026) pedimos el 15%, se pas\u00f3 a una nueva reuni\u00f3n donde iban a dar una propuesta, pero suspendieron la reuni\u00f3n<\/em>\u201d<\/p>\n<p style=\"text-align: justify\">El delegado gremial expres\u00f3 que el gobierno local busc\u00f3 dilatar la reuni\u00f3n paritaria para despu\u00e9s de las elecciones legislativas y que finalmente se sali\u00f3 con la suya <em>\u201clograron el objetivo que fue pasar la reuni\u00f3n despu\u00e9s de las elecciones, el 16 de noviembre llegamos a esa mesa donde no solo no hubo propuesta, o la propuesta es insuficiente que es adelantar el 8% ya acordado como tercer tramo y donde nos plantean que esa es la \u00faltima palabra y no hay posibilidad de evaluar ning\u00fan tipo de aumento m\u00e1s que adelantar el 8% y sentarnos el a\u00f1o que viene a la paritaria del siguiente a\u00f1o\u201d <\/em><\/p>\n<p style=\"text-align: justify\">Adem\u00e1s, Soria record\u00f3 que a inicios de a\u00f1o ATE firm\u00f3 en disconformidad la paritaria del 32% anual y denunci\u00f3 que el Municipio expuso a trabajadores municipales vulnerando sus derechos sindicales.<\/p>\n<p style=\"text-align: justify\">En dos a\u00f1os de gesti\u00f3n de Mariel Fern\u00e1ndez la p\u00e9rdida de poder adquisitivo de los trabajadores municipales de Moreno fue mayor al 30%.<\/p>\n<p style=\"text-align: justify\"><em>\u201ctienen que entrar en raz\u00f3n y tienen que dar por lo menos un gesto. Los trabajadores dimos gestos durante toda la pandemia (\u2026) necesitamos que el ejecutivo se ponga la 10 y tenga un gesto para con los trabajadores. No pedimos locuras, un 15% no es una locura. Podr\u00edan haber hecho una propuesta inferior pero por lo menos llevar una propuesta y esto no ha sucedido hasta ahora. De hecho hay amagues de que van a hacer ese adelanto del 8% por decreto vulnerando la paritaria, vulnerando los \u00e1mbitos de discusi\u00f3n mixta. Ojala que no tomen esa decisi\u00f3n porque ser\u00eda causal de que hagamos las denuncias pertinentes (\u2026) no descartamos medidas de fuerza la pr\u00f3xima semana\u201d<\/em><\/p>\n<p>Escuch\u00e1 la entrevista completa: <a href=\"https:\/\/ar.radiocut.fm\/audiocut\/raul-soria-o-hay-algo-para-trabajadores-o-comenzaremos-lucha\/\" target=\"_blank\" rel=\"noopener noreferrer\">https:\/\/ar.radiocut.fm\/audiocut\/raul-soria-o-hay-algo-para-trabajadores-o-comenzaremos-lucha\/ <\/a><\/p>\n<p>&nbsp;<\/p>\n<p>&nbsp;<\/p>\n","protected":false},"excerpt":{"rendered":"<p>La inflaci\u00f3n ya super\u00f3 ampliamente la estimaci\u00f3n de inicios de este 2021 y los sindicatos buscan validar la clausula de revisi\u00f3n para lograr un incremento que permita que el salario al menos pueda empardar la inflaci\u00f3n. Los trabajadores Municipales nucleados en ATE Moreno llevaron como propuesta a la reuni\u00f3n paritaria el 15% de aumento para [&hellip;]<\/p>\n","protected":false},"author":1,"featured_media":4212,"comment_status":"open","ping_status":"open","sticky":false,"template":"","format":"standard","meta":{"footnotes":""},"categories":[9],"tags":[58,377],"class_list":["post-4373","post","type-post","status-publish","format-standard","has-post-thumbnail","hentry","category-sociedad","tag-ate-moreno","tag-paritaria-2021"],"_links":{"self":[{"href":"https:\/\/fmtinkunaco.ar\/index.php?rest_route=\/wp\/v2\/posts\/4373","targetHints":{"allow":["GET"]}}],"collection":[{"href":"https:\/\/fmtinkunaco.ar\/index.php?rest_route=\/wp\/v2\/posts"}],"about":[{"href":"https:\/\/fmtinkunaco.ar\/index.php?rest_route=\/wp\/v2\/types\/post"}],"author":[{"embeddable":true,"href":"https:\/\/fmtinkunaco.ar\/index.php?rest_route=\/wp\/v2\/users\/1"}],"replies":[{"embeddable":true,"href":"https:\/\/fmtinkunaco.ar\/index.php?rest_route=%2Fwp%2Fv2%2Fcomments&post=4373"}],"version-history":[{"count":0,"href":"https:\/\/fmtinkunaco.ar\/index.php?rest_route=\/wp\/v2\/posts\/4373\/revisions"}],"wp:featuredmedia":[{"embeddable":true,"href":"https:\/\/fmtinkunaco.ar\/index.php?rest_route=\/"}],"wp:attachment":[{"href":"https:\/\/fmtinkunaco.ar\/index.php?rest_route=%2Fwp%2Fv2%2Fmedia&parent=4373"}],"wp:term":[{"taxonomy":"category","embeddable":true,"href":"https:\/\/fmtinkunaco.ar\/index.php?rest_route=%2Fwp%2Fv2%2Fcategories&post=4373"},{"taxonomy":"post_tag","embeddable":true,"href":"https:\/\/fmtinkunaco.ar\/index.php?rest_route=%2Fwp%2Fv2%2Ftags&post=4373"}],"curies":[{"name":"wp","href":"https:\/\/api.w.org\/{rel}","templated":true}]}}