{"id":4374,"date":"2021-11-23T11:00:39","date_gmt":"2021-11-23T14:00:39","guid":{"rendered":"http:\/\/fmtinkunaco.com.ar\/?p=4216"},"modified":"2021-11-23T11:00:39","modified_gmt":"2021-11-23T14:00:39","slug":"la-biblioteca-popular-paulo-freire-celebra-sus-11-anos","status":"publish","type":"post","link":"https:\/\/fmtinkunaco.ar\/?p=4374","title":{"rendered":"La Biblioteca Popular Paulo Freire celebra sus 11 a\u00f1os"},"content":{"rendered":"<p>La Biblioteca Popular Paulo Freire, ubicada en barrio San Atilio (Jos\u00e9. C. Paz), celebrar\u00e1 el pr\u00f3ximo 26 de noviembre sus 11 a\u00f1os de trabajo con la comunidad, su cumplea\u00f1os n\u00famero 11.<br \/>\nEsta celebraci\u00f3n contar\u00e1 con exposiciones de los talleres, m\u00fasica en vivo y artistas.<\/p>\n<p>En di\u00e1logo con el programa radial \u201cEncuentro con las Noticias\u201d, Bel\u00e9n Ben\u00edtez, Coordinadora de la Biblioteca Popular Paulo Freire, se refiri\u00f3 a estos 11 a\u00f1os de trabajo, <em>\u201c11 a\u00f1os transitando diferentes momentos y siempre desde el lugar de la educaci\u00f3n popular y pensando qu\u00e9 es lo mejor para los j\u00f3venes, incluso para el a\u00f1o que viene. Ya estamos presentando por ah\u00ed diferentes actividades para los chicos que son m\u00e1s grandes y nos quedan por ah\u00ed boyando, son chicos m\u00e1s grandes y que por ah\u00ed todav\u00eda no encuentran un trabajo fijo, o un lugar, o que hacer, entonces por ah\u00ed ya pensar para el a\u00f1o que viene un proyecto que sea m\u00e1s especifico para esa edad y que abarque sus intereses\u201d.<\/em><\/p>\n<p>Adem\u00e1s, Ben\u00edtez, remarc\u00f3 lo que se espera en esta celebraci\u00f3n, <em>\u201cPensamos este cumple como un cierre de a\u00f1o pero tambi\u00e9n esto, el a\u00f1o pasado no pudimos celebrar, ni festejar, ni encontrarnos y la idea es poder festejar y cerrar el a\u00f1o con todos los compa\u00f1eros y con la comunidad. (\u2026) La idea es un poquito de fiesta, un poquito de celebraci\u00f3n, convocamos a una banda de cumbia, unas tamboreras que van a ir a darle sabor, un poco de color. La idea es hacer una intervenci\u00f3n en el mural, en vivo, tambi\u00e9n presentar lo que fue el taller verde en vivo, un poquito de las latas y de las cosas que vinimos haciendo en el taller verde y hacer un recorrido fotogr\u00e1fico de que fue lo que estuvimos haciendo en pandemia\u201d.<\/em><\/p>\n<p>La invitaci\u00f3n es el pr\u00f3ximo viernes 26 de noviembre, a partir de las 17 hs, en\u00a0 Managua esquina Carabobo \u2013 San Atilio \u2013 Jos\u00e9. C. Paz.<\/p>\n<p>Podes acercarte con tu equipo de mate y con algo para compartir!<\/p>\n<p>Compartimos la entrevista completa<\/p>\n<p><a href=\"https:\/\/archive.org\/details\/audio-belen-benitez-23-11-2021\">Descargar<\/a><\/p>\n<audio class=\"wp-audio-shortcode\" id=\"audio-4374-2\" preload=\"none\" style=\"width: 100%;\" controls=\"controls\"><source type=\"audio\/mpeg\" src=\"https:\/\/archive.org\/download\/audio-belen-benitez-23-11-2021\/AUDIO%20-%20BELEN%20BENITEZ%2023%2011%202021.mp3?_=2\" \/><a href=\"https:\/\/archive.org\/download\/audio-belen-benitez-23-11-2021\/AUDIO%20-%20BELEN%20BENITEZ%2023%2011%202021.mp3\">https:\/\/archive.org\/download\/audio-belen-benitez-23-11-2021\/AUDIO%20-%20BELEN%20BENITEZ%2023%2011%202021.mp3<\/a><\/audio>\n<div class=\"powerpress_player\" id=\"powerpress_player_7172\"><audio class=\"wp-audio-shortcode\" id=\"audio-4374-1\" preload=\"none\" style=\"width: 100%;\" controls=\"controls\"><source type=\"audio\/mpeg\" src=\"https:\/\/archive.org\/download\/audio-belen-benitez-23-11-2021\/AUDIO%20-%20BELEN%20BENITEZ%2023%2011%202021.mp3?_=1\" \/><a href=\"https:\/\/archive.org\/download\/audio-belen-benitez-23-11-2021\/AUDIO%20-%20BELEN%20BENITEZ%2023%2011%202021.mp3\">https:\/\/archive.org\/download\/audio-belen-benitez-23-11-2021\/AUDIO%20-%20BELEN%20BENITEZ%2023%2011%202021.mp3<\/a><\/audio><\/div><p class=\"powerpress_links powerpress_links_mp3\" style=\"margin-bottom: 1px !important;\">Podcast: <a href=\"https:\/\/archive.org\/download\/audio-belen-benitez-23-11-2021\/AUDIO%20-%20BELEN%20BENITEZ%2023%2011%202021.mp3\" class=\"powerpress_link_pinw\" target=\"_blank\" title=\"Reproducir en una nueva ventana\" onclick=\"return powerpress_pinw('https:\/\/fmtinkunaco.ar\/?powerpress_pinw=4374-podcast');\" rel=\"nofollow\">Reproducir en una nueva ventana<\/a> | <a href=\"https:\/\/archive.org\/download\/audio-belen-benitez-23-11-2021\/AUDIO%20-%20BELEN%20BENITEZ%2023%2011%202021.mp3\" class=\"powerpress_link_d\" title=\"Descargar\" rel=\"nofollow\" download=\"AUDIO%20-%20BELEN%20BENITEZ%2023%2011%202021.mp3\">Descargar<\/a><\/p>","protected":false},"excerpt":{"rendered":"<p>La Biblioteca Popular Paulo Freire, ubicada en barrio San Atilio (Jos\u00e9. C. Paz), celebrar\u00e1 el pr\u00f3ximo 26 de noviembre sus 11 a\u00f1os de trabajo con la comunidad, su cumplea\u00f1os n\u00famero 11. Esta celebraci\u00f3n contar\u00e1 con exposiciones de los talleres, m\u00fasica en vivo y artistas. En di\u00e1logo con el programa radial \u201cEncuentro con las Noticias\u201d, Bel\u00e9n [&hellip;]<\/p>\n","protected":false},"author":1,"featured_media":4217,"comment_status":"open","ping_status":"open","sticky":false,"template":"","format":"standard","meta":{"footnotes":""},"categories":[3,5],"tags":[],"class_list":["post-4374","post","type-post","status-publish","format-standard","has-post-thumbnail","hentry","category-cultura","category-educacion"],"_links":{"self":[{"href":"https:\/\/fmtinkunaco.ar\/index.php?rest_route=\/wp\/v2\/posts\/4374","targetHints":{"allow":["GET"]}}],"collection":[{"href":"https:\/\/fmtinkunaco.ar\/index.php?rest_route=\/wp\/v2\/posts"}],"about":[{"href":"https:\/\/fmtinkunaco.ar\/index.php?rest_route=\/wp\/v2\/types\/post"}],"author":[{"embeddable":true,"href":"https:\/\/fmtinkunaco.ar\/index.php?rest_route=\/wp\/v2\/users\/1"}],"replies":[{"embeddable":true,"href":"https:\/\/fmtinkunaco.ar\/index.php?rest_route=%2Fwp%2Fv2%2Fcomments&post=4374"}],"version-history":[{"count":0,"href":"https:\/\/fmtinkunaco.ar\/index.php?rest_route=\/wp\/v2\/posts\/4374\/revisions"}],"wp:featuredmedia":[{"embeddable":true,"href":"https:\/\/fmtinkunaco.ar\/index.php?rest_route=\/"}],"wp:attachment":[{"href":"https:\/\/fmtinkunaco.ar\/index.php?rest_route=%2Fwp%2Fv2%2Fmedia&parent=4374"}],"wp:term":[{"taxonomy":"category","embeddable":true,"href":"https:\/\/fmtinkunaco.ar\/index.php?rest_route=%2Fwp%2Fv2%2Fcategories&post=4374"},{"taxonomy":"post_tag","embeddable":true,"href":"https:\/\/fmtinkunaco.ar\/index.php?rest_route=%2Fwp%2Fv2%2Ftags&post=4374"}],"curies":[{"name":"wp","href":"https:\/\/api.w.org\/{rel}","templated":true}]}}