{"id":4376,"date":"2021-11-24T14:09:50","date_gmt":"2021-11-24T17:09:50","guid":{"rendered":"http:\/\/fmtinkunaco.com.ar\/?p=4226"},"modified":"2021-11-24T14:09:50","modified_gmt":"2021-11-24T17:09:50","slug":"correpi-presentara-su-informe-anual-de-la-situacion-represiva-nacional","status":"publish","type":"post","link":"https:\/\/fmtinkunaco.ar\/?p=4376","title":{"rendered":"CORREPI presentar\u00e1 su informe anual de la Situaci\u00f3n Represiva Nacional"},"content":{"rendered":"<p>La Coordinadora contra la Represi\u00f3n Policial e Institucional presentar\u00e1, el pr\u00f3ximo 17 de diciembre en Plaza de Mayo, su Informe Anual sobre la Situaci\u00f3n Represiva Nacional.<\/p>\n<p>En este momento la Coordinadora se encuentra en la etapa final de an\u00e1lisis de la informaci\u00f3n para finalizar el informe.<\/p>\n<p>En di\u00e1logo con el programa radial \u201cEncuentro con las Noticias\u201d, Mar\u00eda del Carmen Verd\u00fa, Abogada, Activista Antirrepresiva y Referente de CORREPI, se refiri\u00f3 a los \u00faltimos casos de Lucas Gonz\u00e1lez, Lautaro Ros\u00e9, Antonio Mart\u00ednez y El\u00edas Garay que responden a represi\u00f3n estatal, <em>\u201cEn una semana tuvimos un muestreo de formas b\u00e1sicas de distintas modalidades de represi\u00f3n estatal: la desaparici\u00f3n, seguida de muerte, en el marco de una razia en Corrientes de Lautaro Ros\u00e9; el fusilamiento por gatillo f\u00e1cil de Lucas Gonz\u00e1lez en la Ciudad de Buenos Aires; la muerte y la tortura de Antonio Mart\u00ednez en la comisaria en San Clemente del Tuy\u00fa, despu\u00e9s de una detenci\u00f3n arbitraria y finalmente, tuvimos el asesinato en la modalidad de tercerizaci\u00f3n de la represi\u00f3n que son los civiles a los que dejaron ingresar cruzando el cerco policial que hace 60 d\u00edas rodea la tierra recuperada en Cuesta del Ternero, en R\u00edo Negro, con El\u00edas Garay fusilado\u201d.<\/em><\/p>\n<p>Adem\u00e1s, Verd\u00fa, remarc\u00f3 que cuando iniciaron con los informes anuales era primordial el rol de la polic\u00eda federal y\/o provincial y que en la actualidad todas las fuerzas de seguridad tienen una intervenci\u00f3n importante, \u00a0<em>\u201cCuando iniciamos el trabajo de recopilaci\u00f3n de casos efectivamente era, primordialmente, policial porque a quienes ve\u00edamos en la calle era a polic\u00edas federales o provinciales. A lo largo de las d\u00e9cadas y de los a\u00f1os, se fue incrementando la presencia\u00a0 y la intervenci\u00f3n de otras fuerzas de seguridad como prefectura, gendarmer\u00eda o polic\u00eda de seguridad aeroportuaria en la misma tarea.<\/em><br \/>\n<em> (\u2026) En estos \u00faltimos 15 a\u00f1os, obviamente que estas fuerzas han empezado a tener una intervenci\u00f3n muy marcada en el \u00e1mbito de nuestro archivo\u201d. \u00a0<\/em><\/p>\n<p>Se espera que la presentaci\u00f3n sea de manera bimodal, de manera presencial el 17 de diciembre a partir de las 18 hs en Plaza de Mayo y de modo virtual en compa\u00f1\u00eda de la Red Nacional de Medios Alternativos para tener un alcance federal.<\/p>\n<p>Compartimos la entrevista completa<\/p>\n<p><a href=\"https:\/\/archive.org\/details\/audio-maria-del-carmen-verdu-correpi-24-11\">Descargar<\/a><\/p>\n<audio class=\"wp-audio-shortcode\" id=\"audio-4376-2\" preload=\"none\" style=\"width: 100%;\" controls=\"controls\"><source type=\"audio\/mpeg\" src=\"https:\/\/archive.org\/download\/audio-maria-del-carmen-verdu-correpi-24-11\/AUDIO%20-%20MARIA%20DEL%20CARMEN%20VERDU%20%28CORREPI%29%2024%2011.mp3?_=2\" \/><a href=\"https:\/\/archive.org\/download\/audio-maria-del-carmen-verdu-correpi-24-11\/AUDIO%20-%20MARIA%20DEL%20CARMEN%20VERDU%20%28CORREPI%29%2024%2011.mp3\">https:\/\/archive.org\/download\/audio-maria-del-carmen-verdu-correpi-24-11\/AUDIO%20-%20MARIA%20DEL%20CARMEN%20VERDU%20%28CORREPI%29%2024%2011.mp3<\/a><\/audio>\n<div class=\"powerpress_player\" id=\"powerpress_player_3263\"><audio class=\"wp-audio-shortcode\" id=\"audio-4376-1\" preload=\"none\" style=\"width: 100%;\" controls=\"controls\"><source type=\"audio\/mpeg\" src=\"https:\/\/archive.org\/download\/audio-maria-del-carmen-verdu-correpi-24-11\/AUDIO%20-%20MARIA%20DEL%20CARMEN%20VERDU%20%28CORREPI%29%2024%2011.mp3?_=1\" \/><a href=\"https:\/\/archive.org\/download\/audio-maria-del-carmen-verdu-correpi-24-11\/AUDIO%20-%20MARIA%20DEL%20CARMEN%20VERDU%20%28CORREPI%29%2024%2011.mp3\">https:\/\/archive.org\/download\/audio-maria-del-carmen-verdu-correpi-24-11\/AUDIO%20-%20MARIA%20DEL%20CARMEN%20VERDU%20%28CORREPI%29%2024%2011.mp3<\/a><\/audio><\/div><p class=\"powerpress_links powerpress_links_mp3\" style=\"margin-bottom: 1px !important;\">Podcast: <a href=\"https:\/\/archive.org\/download\/audio-maria-del-carmen-verdu-correpi-24-11\/AUDIO%20-%20MARIA%20DEL%20CARMEN%20VERDU%20%28CORREPI%29%2024%2011.mp3\" class=\"powerpress_link_pinw\" target=\"_blank\" title=\"Reproducir en una nueva ventana\" onclick=\"return powerpress_pinw('https:\/\/fmtinkunaco.ar\/?powerpress_pinw=4376-podcast');\" rel=\"nofollow\">Reproducir en una nueva ventana<\/a> | <a href=\"https:\/\/archive.org\/download\/audio-maria-del-carmen-verdu-correpi-24-11\/AUDIO%20-%20MARIA%20DEL%20CARMEN%20VERDU%20%28CORREPI%29%2024%2011.mp3\" class=\"powerpress_link_d\" title=\"Descargar\" rel=\"nofollow\" download=\"AUDIO%20-%20MARIA%20DEL%20CARMEN%20VERDU%20%28CORREPI%29%2024%2011.mp3\">Descargar<\/a><\/p>","protected":false},"excerpt":{"rendered":"<p>La Coordinadora contra la Represi\u00f3n Policial e Institucional presentar\u00e1, el pr\u00f3ximo 17 de diciembre en Plaza de Mayo, su Informe Anual sobre la Situaci\u00f3n Represiva Nacional. En este momento la Coordinadora se encuentra en la etapa final de an\u00e1lisis de la informaci\u00f3n para finalizar el informe. En di\u00e1logo con el programa radial \u201cEncuentro con las [&hellip;]<\/p>\n","protected":false},"author":1,"featured_media":4227,"comment_status":"open","ping_status":"open","sticky":false,"template":"","format":"standard","meta":{"footnotes":""},"categories":[4],"tags":[136,301],"class_list":["post-4376","post","type-post","status-publish","format-standard","has-post-thumbnail","hentry","category-derechos-humanos","tag-correpi","tag-maria-del-carmen-verdu"],"_links":{"self":[{"href":"https:\/\/fmtinkunaco.ar\/index.php?rest_route=\/wp\/v2\/posts\/4376","targetHints":{"allow":["GET"]}}],"collection":[{"href":"https:\/\/fmtinkunaco.ar\/index.php?rest_route=\/wp\/v2\/posts"}],"about":[{"href":"https:\/\/fmtinkunaco.ar\/index.php?rest_route=\/wp\/v2\/types\/post"}],"author":[{"embeddable":true,"href":"https:\/\/fmtinkunaco.ar\/index.php?rest_route=\/wp\/v2\/users\/1"}],"replies":[{"embeddable":true,"href":"https:\/\/fmtinkunaco.ar\/index.php?rest_route=%2Fwp%2Fv2%2Fcomments&post=4376"}],"version-history":[{"count":0,"href":"https:\/\/fmtinkunaco.ar\/index.php?rest_route=\/wp\/v2\/posts\/4376\/revisions"}],"wp:featuredmedia":[{"embeddable":true,"href":"https:\/\/fmtinkunaco.ar\/index.php?rest_route=\/"}],"wp:attachment":[{"href":"https:\/\/fmtinkunaco.ar\/index.php?rest_route=%2Fwp%2Fv2%2Fmedia&parent=4376"}],"wp:term":[{"taxonomy":"category","embeddable":true,"href":"https:\/\/fmtinkunaco.ar\/index.php?rest_route=%2Fwp%2Fv2%2Fcategories&post=4376"},{"taxonomy":"post_tag","embeddable":true,"href":"https:\/\/fmtinkunaco.ar\/index.php?rest_route=%2Fwp%2Fv2%2Ftags&post=4376"}],"curies":[{"name":"wp","href":"https:\/\/api.w.org\/{rel}","templated":true}]}}