{"id":4378,"date":"2021-11-25T15:32:18","date_gmt":"2021-11-25T18:32:18","guid":{"rendered":"http:\/\/fmtinkunaco.com.ar\/?p=4233"},"modified":"2021-11-25T15:32:18","modified_gmt":"2021-11-25T18:32:18","slug":"movimientos-sociales-movilizaron-contra-el-fmi","status":"publish","type":"post","link":"https:\/\/fmtinkunaco.ar\/?p=4378","title":{"rendered":"Movimientos sociales movilizaron contra el FMI"},"content":{"rendered":"<p>La Coordinadora por el Cambio Social junto a la Unidad Piquetera se movilizaron a Plaza de Mayo para repudiar, nuevamente, el acuerdo con el FMI que sostienen solo traer\u00e1 m\u00e1s miseria y hambre para el pueblo.<\/p>\n<p>Las principales exigencias de las organizaciones son:<\/p>\n<p>&#8211; \u00a0\u00a1Las estafas no se pagan, no al acuerdo con el FMI! \u00a0\u00a1La deuda es con el Pueblo!<\/p>\n<p>&#8211; \u00a1Basta de ajuste y precarizaci\u00f3n!<\/p>\n<p>&#8211; \u00a1Trabajo genuino!<\/p>\n<p>&#8211; \u00a1Ning\u00fan trabajador por debajo de la canasta b\u00e1sica de $75 mil pesos!<\/p>\n<p>&#8211; \u00a1Aguinaldo completo de los trabajadores del potenciar trabajo!<\/p>\n<p>&#8211; \u00a1Asistencia integral de los comedores populares!<\/p>\n<p>En di\u00e1logo con el programa radial \u201cEncuentro con las Noticias\u201d, Silvia Saravia, Coordinadora Nacional de Barrios de Pie, se refiri\u00f3 a la implicancias para el pueblo el llegar a un acuerdo con el FMI, <em>\u201cEs algo que estuvimos viendo, durante todo el a\u00f1o, cuando desde el gobierno por ejemplo se plant\u00f3 que no se pod\u00eda pagar un segundo \u00edtem, cuando la reforma vinculada a las jubilaciones mostro que se deterioro el ingreso de los jubilados y jubiladas. La verdad que buscar un acuerdo con el Fondo Monetaria significa todas esas cosas, significa ajuste, significa que los recortes vienen por el lado de quienes m\u00e1s lo necesitan; en lugar de estar pensando en que hay que generar trabajo, que hay que combatir la pobreza\u201d.<\/em><\/p>\n<p>Saravia, adem\u00e1s, sostuvo <em>\u201cNosotros el plante\u00f3 que le hacemos al gobierno tiene que ver con recuperar el trabajo genuino pero en el fondo, de todo esto, c\u00f3mo se usan los recursos que tiene el gobierno. El Fondo Monetario no piensa en la reactivaci\u00f3n del empleo, el Fondo Monetario est\u00e1 pensando solamente en que le podamos devolver la plata que presto, est\u00e1 claro, a un gobierno constitucional pero tambi\u00e9n lo que est\u00e1 claro es que transgredieron sus propias reglas. Est\u00e1 claro que ese dinero no se uso para desarrollar el pa\u00eds si no que una parte muy importante se reforz\u00f3 la fuga de capitales, o sea que esos mismos acreedores son los que recibieron esos cr\u00e9ditos\u201d.<\/em><\/p>\n<p>Adem\u00e1s, las organizaciones exigen que exista una investigaci\u00f3n para determinar d\u00f3nde fueron los millones de d\u00f3lares de deuda que contrajo el macrismo.<\/p>\n<p>Compartimos la entrevista completa<\/p>\n<p><a href=\"https:\/\/archive.org\/details\/audio-silvia-saravia-barrios-de-pie-25-11-2021\">Descargar<\/a><\/p>\n<audio class=\"wp-audio-shortcode\" id=\"audio-4378-2\" preload=\"none\" style=\"width: 100%;\" controls=\"controls\"><source type=\"audio\/mpeg\" src=\"https:\/\/archive.org\/download\/audio-silvia-saravia-barrios-de-pie-25-11-2021\/AUDIO%20-%20SILVIA%20SARAVIA%20%28BARRIOS%20DE%20PIE%29%2025%2011%202021.mp3?_=2\" \/><a href=\"https:\/\/archive.org\/download\/audio-silvia-saravia-barrios-de-pie-25-11-2021\/AUDIO%20-%20SILVIA%20SARAVIA%20%28BARRIOS%20DE%20PIE%29%2025%2011%202021.mp3\">https:\/\/archive.org\/download\/audio-silvia-saravia-barrios-de-pie-25-11-2021\/AUDIO%20-%20SILVIA%20SARAVIA%20%28BARRIOS%20DE%20PIE%29%2025%2011%202021.mp3<\/a><\/audio>\n<div class=\"powerpress_player\" id=\"powerpress_player_7647\"><audio class=\"wp-audio-shortcode\" id=\"audio-4378-1\" preload=\"none\" style=\"width: 100%;\" controls=\"controls\"><source type=\"audio\/mpeg\" src=\"https:\/\/archive.org\/download\/audio-silvia-saravia-barrios-de-pie-25-11-2021\/AUDIO%20-%20SILVIA%20SARAVIA%20%28BARRIOS%20DE%20PIE%29%2025%2011%202021.mp3?_=1\" \/><a href=\"https:\/\/archive.org\/download\/audio-silvia-saravia-barrios-de-pie-25-11-2021\/AUDIO%20-%20SILVIA%20SARAVIA%20%28BARRIOS%20DE%20PIE%29%2025%2011%202021.mp3\">https:\/\/archive.org\/download\/audio-silvia-saravia-barrios-de-pie-25-11-2021\/AUDIO%20-%20SILVIA%20SARAVIA%20%28BARRIOS%20DE%20PIE%29%2025%2011%202021.mp3<\/a><\/audio><\/div><p class=\"powerpress_links powerpress_links_mp3\" style=\"margin-bottom: 1px !important;\">Podcast: <a href=\"https:\/\/archive.org\/download\/audio-silvia-saravia-barrios-de-pie-25-11-2021\/AUDIO%20-%20SILVIA%20SARAVIA%20%28BARRIOS%20DE%20PIE%29%2025%2011%202021.mp3\" class=\"powerpress_link_pinw\" target=\"_blank\" title=\"Reproducir en una nueva ventana\" onclick=\"return powerpress_pinw('https:\/\/fmtinkunaco.ar\/?powerpress_pinw=4378-podcast');\" rel=\"nofollow\">Reproducir en una nueva ventana<\/a> | <a href=\"https:\/\/archive.org\/download\/audio-silvia-saravia-barrios-de-pie-25-11-2021\/AUDIO%20-%20SILVIA%20SARAVIA%20%28BARRIOS%20DE%20PIE%29%2025%2011%202021.mp3\" class=\"powerpress_link_d\" title=\"Descargar\" rel=\"nofollow\" download=\"AUDIO%20-%20SILVIA%20SARAVIA%20%28BARRIOS%20DE%20PIE%29%2025%2011%202021.mp3\">Descargar<\/a><\/p>","protected":false},"excerpt":{"rendered":"<p>La Coordinadora por el Cambio Social junto a la Unidad Piquetera se movilizaron a Plaza de Mayo para repudiar, nuevamente, el acuerdo con el FMI que sostienen solo traer\u00e1 m\u00e1s miseria y hambre para el pueblo. Las principales exigencias de las organizaciones son: &#8211; \u00a0\u00a1Las estafas no se pagan, no al acuerdo con el FMI! [&hellip;]<\/p>\n","protected":false},"author":1,"featured_media":4234,"comment_status":"open","ping_status":"open","sticky":false,"template":"","format":"standard","meta":{"footnotes":""},"categories":[4,9],"tags":[],"class_list":["post-4378","post","type-post","status-publish","format-standard","has-post-thumbnail","hentry","category-derechos-humanos","category-sociedad"],"_links":{"self":[{"href":"https:\/\/fmtinkunaco.ar\/index.php?rest_route=\/wp\/v2\/posts\/4378","targetHints":{"allow":["GET"]}}],"collection":[{"href":"https:\/\/fmtinkunaco.ar\/index.php?rest_route=\/wp\/v2\/posts"}],"about":[{"href":"https:\/\/fmtinkunaco.ar\/index.php?rest_route=\/wp\/v2\/types\/post"}],"author":[{"embeddable":true,"href":"https:\/\/fmtinkunaco.ar\/index.php?rest_route=\/wp\/v2\/users\/1"}],"replies":[{"embeddable":true,"href":"https:\/\/fmtinkunaco.ar\/index.php?rest_route=%2Fwp%2Fv2%2Fcomments&post=4378"}],"version-history":[{"count":0,"href":"https:\/\/fmtinkunaco.ar\/index.php?rest_route=\/wp\/v2\/posts\/4378\/revisions"}],"wp:featuredmedia":[{"embeddable":true,"href":"https:\/\/fmtinkunaco.ar\/index.php?rest_route=\/"}],"wp:attachment":[{"href":"https:\/\/fmtinkunaco.ar\/index.php?rest_route=%2Fwp%2Fv2%2Fmedia&parent=4378"}],"wp:term":[{"taxonomy":"category","embeddable":true,"href":"https:\/\/fmtinkunaco.ar\/index.php?rest_route=%2Fwp%2Fv2%2Fcategories&post=4378"},{"taxonomy":"post_tag","embeddable":true,"href":"https:\/\/fmtinkunaco.ar\/index.php?rest_route=%2Fwp%2Fv2%2Ftags&post=4378"}],"curies":[{"name":"wp","href":"https:\/\/api.w.org\/{rel}","templated":true}]}}