{"id":4383,"date":"2021-12-02T10:38:50","date_gmt":"2021-12-02T13:38:50","guid":{"rendered":"http:\/\/fmtinkunaco.com.ar\/?p=4254"},"modified":"2021-12-02T10:38:50","modified_gmt":"2021-12-02T13:38:50","slug":"san-miguel-el-concejo-deliberante-aprobo-la-ordenanza-de-centros-culturales-independientes","status":"publish","type":"post","link":"https:\/\/fmtinkunaco.ar\/?p=4383","title":{"rendered":"San Miguel: El Concejo Deliberante aprob\u00f3 la Ordenanza de Centros Culturales Independientes"},"content":{"rendered":"<p>En la sesi\u00f3n del Concejo Deliberante realizada el 24 de noviembre, se aprob\u00f3 la Ordenanza de Centros Culturales Independientes. Esta figura garantiza un marco legal, con derechos y obligaciones, con mejores condiciones de trabajo pero adem\u00e1s, permite habilitar los espacios culturales bajo la figura legal que les corresponde.<\/p>\n<p>Esta \u00faltima era una de las demandas m\u00e1s importantes de los espacios culturales del municipio de San Miguel.<\/p>\n<p>En di\u00e1logo con el programa radial \u201cEncuentro con las Noticias\u201d, Sebasti\u00e1n Ricci, integrante de la Red de Centros Culturales de San Miguel, se refiri\u00f3 a la importancia de la Ordenanza aprobada \u201cNosotros ahora estamos muy contentos, sabiendo que quedan cosas por hacer, pero que b\u00e1sicamente lo que hace la ordenanza es incluir a los espacios culturales, darles una visibilidad legal. Esto por ah\u00ed, lo repetimos mucho pero hay gente que no sabe, si vos tenias un espacio cultural en cualquiera de sus formas estabas obligado a funcionar en la clandestinidad porque si vos quer\u00edas habilitarlo como tal no exist\u00eda la figura en habilitaciones para eso, entonces tenias que habilitarlo como, por ejemplo, sal\u00f3n de usos m\u00faltiples o club cultural; con otras figuras que no son las que correspond\u00eda para la identidad de cada espacio\u201d.<\/p>\n<p>En esta l\u00ednea, Ricci sostuvo \u201cLo que deja la ordenanza concretamente es la figura, en organizaciones, de centro cultural, espacio cultural alternativo y sala de teatro independiente. Es decir, ahora existe esto que parece medio de ciencia ficci\u00f3n, que hoy en el 2021 reci\u00e9n est\u00e9n estas figuras, pero es la realidad. Y otros puntos con los que estamos contentos, de esta ordenanza, son en principio la institucionalizaci\u00f3n de la mesa de di\u00e1logo cultural, es decir sea de este gobierno o el que venga, queda constituida una mesa de di\u00e1logo entre los artistas independientes y la subsecretaria de cultura. Por otro lado, es la creaci\u00f3n de un fondo de fomento cultural; esto quiere decir que todo lo que recaude la F\u00e1brica del Arte de San Miguel y el Teatro Marechal de San Miguel, todo va a ir a parar\u00a0 a un fondo de fomento que va a ser destinado a acciones colectivas de los artistas independientes. Ese fondo va a ser tratado bimestral o trimestral mente en la mesa de di\u00e1logo para determinar su destino<br \/>\nY por otro lado, nosotros inicialmente con cultura apuntamos a una ordenanza para los espacios culturales, lo que nos devuelve cultura es una ordenanza que tiene dos partes: una que hace a los espacios culturales y otra que hace a los artistas independientes. \u00a0Al principio nosotros dudamos en atender a esa segunda parte y despu\u00e9s decidimos trabajar sobre ella, y en esa segunda parte uno de los puntos tambi\u00e9n importantes es que a partir de esta ordenanza los bares o espacios privados que contraten artistas locales, que por lo general los bares al contratarlos les pagaban con pizza o cerveza. A partir de ahora, el dinero que los bares sol\u00edan pagar a la municipalidad en calidad de permiso es espect\u00e1culo tiene que ser destinado al artista, es decir que el artista ahora va a cobrar\u201d.<\/p>\n<p>Las organizaciones culturales sostienen que esta Ordenanza es un primer y gran paso, luego de mucha lucha y movilizaci\u00f3n, pero el paso siguiente es la ejecuci\u00f3n y aplicaci\u00f3n de la ordenanza.<\/p>\n<p>Compartimos la entrevista completa<\/p>\n<p><a href=\"https:\/\/archive.org\/details\/audio-entrevista-a-sebastian-ricci-01-12-2021\">Descargar<\/a><\/p>\n<audio class=\"wp-audio-shortcode\" id=\"audio-4383-2\" preload=\"none\" style=\"width: 100%;\" controls=\"controls\"><source type=\"audio\/mpeg\" src=\"https:\/\/archive.org\/download\/audio-entrevista-a-sebastian-ricci-01-12-2021\/AUDIO%20-%20ENTREVISTA%20A%20SEBASTIAN%20RICCI%2001%2012%202021.mp3?_=2\" \/><a href=\"https:\/\/archive.org\/download\/audio-entrevista-a-sebastian-ricci-01-12-2021\/AUDIO%20-%20ENTREVISTA%20A%20SEBASTIAN%20RICCI%2001%2012%202021.mp3\">https:\/\/archive.org\/download\/audio-entrevista-a-sebastian-ricci-01-12-2021\/AUDIO%20-%20ENTREVISTA%20A%20SEBASTIAN%20RICCI%2001%2012%202021.mp3<\/a><\/audio>\n<div class=\"powerpress_player\" id=\"powerpress_player_2707\"><audio class=\"wp-audio-shortcode\" id=\"audio-4383-1\" preload=\"none\" style=\"width: 100%;\" controls=\"controls\"><source type=\"audio\/mpeg\" src=\"https:\/\/archive.org\/download\/audio-entrevista-a-sebastian-ricci-01-12-2021\/AUDIO%20-%20ENTREVISTA%20A%20SEBASTIAN%20RICCI%2001%2012%202021.mp3?_=1\" \/><a href=\"https:\/\/archive.org\/download\/audio-entrevista-a-sebastian-ricci-01-12-2021\/AUDIO%20-%20ENTREVISTA%20A%20SEBASTIAN%20RICCI%2001%2012%202021.mp3\">https:\/\/archive.org\/download\/audio-entrevista-a-sebastian-ricci-01-12-2021\/AUDIO%20-%20ENTREVISTA%20A%20SEBASTIAN%20RICCI%2001%2012%202021.mp3<\/a><\/audio><\/div><p class=\"powerpress_links powerpress_links_mp3\" style=\"margin-bottom: 1px !important;\">Podcast: <a href=\"https:\/\/archive.org\/download\/audio-entrevista-a-sebastian-ricci-01-12-2021\/AUDIO%20-%20ENTREVISTA%20A%20SEBASTIAN%20RICCI%2001%2012%202021.mp3\" class=\"powerpress_link_pinw\" target=\"_blank\" title=\"Reproducir en una nueva ventana\" onclick=\"return powerpress_pinw('https:\/\/fmtinkunaco.ar\/?powerpress_pinw=4383-podcast');\" rel=\"nofollow\">Reproducir en una nueva ventana<\/a> | <a href=\"https:\/\/archive.org\/download\/audio-entrevista-a-sebastian-ricci-01-12-2021\/AUDIO%20-%20ENTREVISTA%20A%20SEBASTIAN%20RICCI%2001%2012%202021.mp3\" class=\"powerpress_link_d\" title=\"Descargar\" rel=\"nofollow\" download=\"AUDIO%20-%20ENTREVISTA%20A%20SEBASTIAN%20RICCI%2001%2012%202021.mp3\">Descargar<\/a><\/p>","protected":false},"excerpt":{"rendered":"<p>En la sesi\u00f3n del Concejo Deliberante realizada el 24 de noviembre, se aprob\u00f3 la Ordenanza de Centros Culturales Independientes. Esta figura garantiza un marco legal, con derechos y obligaciones, con mejores condiciones de trabajo pero adem\u00e1s, permite habilitar los espacios culturales bajo la figura legal que les corresponde. Esta \u00faltima era una de las demandas [&hellip;]<\/p>\n","protected":false},"author":1,"featured_media":4255,"comment_status":"open","ping_status":"open","sticky":false,"template":"","format":"standard","meta":{"footnotes":""},"categories":[3],"tags":[],"class_list":["post-4383","post","type-post","status-publish","format-standard","has-post-thumbnail","hentry","category-cultura"],"_links":{"self":[{"href":"https:\/\/fmtinkunaco.ar\/index.php?rest_route=\/wp\/v2\/posts\/4383","targetHints":{"allow":["GET"]}}],"collection":[{"href":"https:\/\/fmtinkunaco.ar\/index.php?rest_route=\/wp\/v2\/posts"}],"about":[{"href":"https:\/\/fmtinkunaco.ar\/index.php?rest_route=\/wp\/v2\/types\/post"}],"author":[{"embeddable":true,"href":"https:\/\/fmtinkunaco.ar\/index.php?rest_route=\/wp\/v2\/users\/1"}],"replies":[{"embeddable":true,"href":"https:\/\/fmtinkunaco.ar\/index.php?rest_route=%2Fwp%2Fv2%2Fcomments&post=4383"}],"version-history":[{"count":0,"href":"https:\/\/fmtinkunaco.ar\/index.php?rest_route=\/wp\/v2\/posts\/4383\/revisions"}],"wp:featuredmedia":[{"embeddable":true,"href":"https:\/\/fmtinkunaco.ar\/index.php?rest_route=\/"}],"wp:attachment":[{"href":"https:\/\/fmtinkunaco.ar\/index.php?rest_route=%2Fwp%2Fv2%2Fmedia&parent=4383"}],"wp:term":[{"taxonomy":"category","embeddable":true,"href":"https:\/\/fmtinkunaco.ar\/index.php?rest_route=%2Fwp%2Fv2%2Fcategories&post=4383"},{"taxonomy":"post_tag","embeddable":true,"href":"https:\/\/fmtinkunaco.ar\/index.php?rest_route=%2Fwp%2Fv2%2Ftags&post=4383"}],"curies":[{"name":"wp","href":"https:\/\/api.w.org\/{rel}","templated":true}]}}