{"id":4384,"date":"2021-12-02T14:47:04","date_gmt":"2021-12-02T17:47:04","guid":{"rendered":"http:\/\/fmtinkunaco.com.ar\/?p=4257"},"modified":"2021-12-02T14:47:04","modified_gmt":"2021-12-02T17:47:04","slug":"la-orquesta-sinfonica-municipal-de-jose-c-paz-cumple-10-anos","status":"publish","type":"post","link":"https:\/\/fmtinkunaco.ar\/?p=4384","title":{"rendered":"La Orquesta Sinf\u00f3nica Municipal de Jos\u00e9. C. Paz cumple 10 a\u00f1os"},"content":{"rendered":"<p>La Orquesta Sinf\u00f3nica Municipal de Jos\u00e9. C. Paz cumple 10 a\u00f1os de formaci\u00f3n y de trabajo con la comunidad, y lo festejar\u00e1 con un gran concierto el s\u00e1bado 18 de diciembre.<\/p>\n<p>En este marco, de celebraci\u00f3n, la orquesta convoca a toda la comunidad art\u00edstica a sumarse al concierto final.<\/p>\n<p>En di\u00e1logo con el programa radial \u201cEncuentro con las Noticias\u201d, Clara Parodi, Directora de la Orquesta de Jos\u00e9. C. Paz se refiri\u00f3 a la propuesta de abrir la orquesta para esta celebraci\u00f3n, <em>\u201cDespu\u00e9s de estos diez a\u00f1os, de tanto recorrido, de tanta gente que pas\u00f3 sobre todo por la comunidad de la orquesta, desde que empez\u00f3 en un cuarto hasta el presente, y decidimos abrirnos a que todos los que fueron participes de la orquesta en alg\u00fan momento vuelvan a sumarse a estos festejos. As\u00ed que vamos a hacer una orquesta como media hist\u00f3rica, que va a pasar a tener los miembros de la orquesta actual pero todos los que han pasado, en alg\u00fan momento, por la orquesta tambi\u00e9n van a estar sum\u00e1ndose, lo mismo que los coros, ballet, as\u00ed que va a ser como un espect\u00e1culo bastante multidisciplinario pero por sobretodo compartido\u201d.<\/em><\/p>\n<p>Parodi, adem\u00e1s, remarco la importancia de la comunidad y el acompa\u00f1amiento en estos diez a\u00f1os de historia, <em>\u201cLa Orquesta tiene muchos a\u00f1os de historia, con altibajos, con resistencias, con hermosas alegr\u00edas, con angustias y tristezas bastante grandes pero sigue ah\u00ed sonando y lo que siempre hizo que la orquesta siga sonando es que hay una comunidad que se apropia de la orquesta entonces nuestra forma de celebrar, estos diez a\u00f1os, es esta, desde la forma que sabemos hacer que es m\u00fasica pero compartiendo con quienes fueron arte y parte de la orquesta en distintas formas a lo largo de nuestra historia\u201d.<\/em><\/p>\n<p>En estos diez a\u00f1os de historia, han pasado m\u00e1s de 100 m\u00fasicos y m\u00fasicas por la Orquesta Municipal de Jos\u00e9. C. Paz.<\/p>\n<p>Clara Parodi, adem\u00e1s, comparti\u00f3 el motivo de la elecci\u00f3n del 18 de diciembre para el festejo, <em>\u201c\u00bfPor qu\u00e9 ese d\u00eda? Porque ese fue nuestro primer concierto, nos cay\u00f3 justo redondito, el 18 de diciembre del 2011 fue el primer concierto que hizo la orquesta junto con el coro polif\u00f3nico de Jos\u00e9. C. Paz en la Parroquia San Jos\u00e9 Obrero\u201d.<\/em><\/p>\n<p>La invitaci\u00f3n es para el s\u00e1bado 18 de diciembre, entre las 18 y las 19 hs y a\u00fan se est\u00e1 definiendo si el festejo se hace en el atrio de la parroquia o en alguna de las calles de la Plaza Central Manuel Belgrano.<\/p>\n<p>Compartimos la entrevista completa<\/p>\n<p><a href=\"https:\/\/archive.org\/details\/audio-clara-parodi-02-12-2021\">Descargar<\/a><\/p>\n<audio class=\"wp-audio-shortcode\" id=\"audio-4384-2\" preload=\"none\" style=\"width: 100%;\" controls=\"controls\"><source type=\"audio\/mpeg\" src=\"https:\/\/archive.org\/download\/audio-clara-parodi-02-12-2021\/AUDIO%20-%20CLARA%20PARODI%2002%2012%202021.mp3?_=2\" \/><a href=\"https:\/\/archive.org\/download\/audio-clara-parodi-02-12-2021\/AUDIO%20-%20CLARA%20PARODI%2002%2012%202021.mp3\">https:\/\/archive.org\/download\/audio-clara-parodi-02-12-2021\/AUDIO%20-%20CLARA%20PARODI%2002%2012%202021.mp3<\/a><\/audio>\n<div class=\"powerpress_player\" id=\"powerpress_player_2687\"><audio class=\"wp-audio-shortcode\" id=\"audio-4384-1\" preload=\"none\" style=\"width: 100%;\" controls=\"controls\"><source type=\"audio\/mpeg\" src=\"https:\/\/archive.org\/download\/audio-clara-parodi-02-12-2021\/AUDIO%20-%20CLARA%20PARODI%2002%2012%202021.mp3?_=1\" \/><a href=\"https:\/\/archive.org\/download\/audio-clara-parodi-02-12-2021\/AUDIO%20-%20CLARA%20PARODI%2002%2012%202021.mp3\">https:\/\/archive.org\/download\/audio-clara-parodi-02-12-2021\/AUDIO%20-%20CLARA%20PARODI%2002%2012%202021.mp3<\/a><\/audio><\/div><p class=\"powerpress_links powerpress_links_mp3\" style=\"margin-bottom: 1px !important;\">Podcast: <a href=\"https:\/\/archive.org\/download\/audio-clara-parodi-02-12-2021\/AUDIO%20-%20CLARA%20PARODI%2002%2012%202021.mp3\" class=\"powerpress_link_pinw\" target=\"_blank\" title=\"Reproducir en una nueva ventana\" onclick=\"return powerpress_pinw('https:\/\/fmtinkunaco.ar\/?powerpress_pinw=4384-podcast');\" rel=\"nofollow\">Reproducir en una nueva ventana<\/a> | <a href=\"https:\/\/archive.org\/download\/audio-clara-parodi-02-12-2021\/AUDIO%20-%20CLARA%20PARODI%2002%2012%202021.mp3\" class=\"powerpress_link_d\" title=\"Descargar\" rel=\"nofollow\" download=\"AUDIO%20-%20CLARA%20PARODI%2002%2012%202021.mp3\">Descargar<\/a><\/p>","protected":false},"excerpt":{"rendered":"<p>La Orquesta Sinf\u00f3nica Municipal de Jos\u00e9. C. Paz cumple 10 a\u00f1os de formaci\u00f3n y de trabajo con la comunidad, y lo festejar\u00e1 con un gran concierto el s\u00e1bado 18 de diciembre. En este marco, de celebraci\u00f3n, la orquesta convoca a toda la comunidad art\u00edstica a sumarse al concierto final. En di\u00e1logo con el programa radial [&hellip;]<\/p>\n","protected":false},"author":1,"featured_media":4258,"comment_status":"open","ping_status":"open","sticky":false,"template":"","format":"standard","meta":{"footnotes":""},"categories":[3],"tags":[111,366,368],"class_list":["post-4384","post","type-post","status-publish","format-standard","has-post-thumbnail","hentry","category-cultura","tag-clara-parodi","tag-orquesta","tag-orquesta-municipal-jose-c-paz"],"_links":{"self":[{"href":"https:\/\/fmtinkunaco.ar\/index.php?rest_route=\/wp\/v2\/posts\/4384","targetHints":{"allow":["GET"]}}],"collection":[{"href":"https:\/\/fmtinkunaco.ar\/index.php?rest_route=\/wp\/v2\/posts"}],"about":[{"href":"https:\/\/fmtinkunaco.ar\/index.php?rest_route=\/wp\/v2\/types\/post"}],"author":[{"embeddable":true,"href":"https:\/\/fmtinkunaco.ar\/index.php?rest_route=\/wp\/v2\/users\/1"}],"replies":[{"embeddable":true,"href":"https:\/\/fmtinkunaco.ar\/index.php?rest_route=%2Fwp%2Fv2%2Fcomments&post=4384"}],"version-history":[{"count":0,"href":"https:\/\/fmtinkunaco.ar\/index.php?rest_route=\/wp\/v2\/posts\/4384\/revisions"}],"wp:featuredmedia":[{"embeddable":true,"href":"https:\/\/fmtinkunaco.ar\/index.php?rest_route=\/"}],"wp:attachment":[{"href":"https:\/\/fmtinkunaco.ar\/index.php?rest_route=%2Fwp%2Fv2%2Fmedia&parent=4384"}],"wp:term":[{"taxonomy":"category","embeddable":true,"href":"https:\/\/fmtinkunaco.ar\/index.php?rest_route=%2Fwp%2Fv2%2Fcategories&post=4384"},{"taxonomy":"post_tag","embeddable":true,"href":"https:\/\/fmtinkunaco.ar\/index.php?rest_route=%2Fwp%2Fv2%2Ftags&post=4384"}],"curies":[{"name":"wp","href":"https:\/\/api.w.org\/{rel}","templated":true}]}}